{"id":11349,"date":"2022-09-27T18:56:34","date_gmt":"2022-09-27T23:56:34","guid":{"rendered":"https:\/\/www.aquilaguna.com\/?p=11349"},"modified":"2022-09-27T18:56:35","modified_gmt":"2022-09-27T23:56:35","slug":"coahuila-se-fortalece-con-la-expansion-de-mas-inversiones","status":"publish","type":"post","link":"https:\/\/www.aquilaguna.com\/index.php\/2022\/09\/27\/coahuila-se-fortalece-con-la-expansion-de-mas-inversiones\/","title":{"rendered":"COAHUILA SE FORTALECE CON LA EXPANSI\u00d3N DE M\u00c1S INVERSIONES."},"content":{"rendered":"\n<p>\u00b7\u00a0\u00a0\u00a0\u00a0\u00a0\u00a0<strong><em>Estado mantiene condiciones de seguridad, paz laboral, competitividad y generaci\u00f3n de empleos formales.<\/em><\/strong><\/p>\n\n\n\n<p>Arteaga, Coahuila de Zaragoza; a 27 de Septiembre de 2022.- Con una inversi\u00f3n de m\u00e1s de 7 millones de d\u00f3lares, se dio el inicio de operaciones de la Planta IV de la empresa Wabtec Corporation en el Municipio de Arteaga, con lo que se fortalece la generaci\u00f3n de empleos formales y el desarrollo econ\u00f3mico de Coahuila.<\/p>\n\n\n\n<p>El Secretario de Econom\u00eda del Estado, Claudio Bres Garza, en representaci\u00f3n del gobernador Miguel \u00c1ngel Riquelme Sol\u00eds, destac\u00f3 el trabajo coordinado que se efect\u00faa con los municipios y el sector privado para la generaci\u00f3n de oportunidades de desarrollo en beneficio de las familias coahuilenses.<\/p>\n\n\n\n<p>Puntualiz\u00f3 que Coahuila tiene las garant\u00edas necesarias para la atracci\u00f3n de inversiones, as\u00ed como la expansi\u00f3n y crecimiento de las empresas, ya que se tiene el marco jur\u00eddico, la seguridad, paz laboral, tranquilidad, el Estado de Derecho, competitividad, infraestructura y la mano de obra calificada.<\/p>\n\n\n\n<p>En su intervenci\u00f3n, el Gerente General de Planta, Eder Campos, expuso de manera breve la historia de la empresa, as\u00ed como la presencia en m\u00e1s de 50 pa\u00edses, y el dar empleo a m\u00e1s de 25 mil colaboradores a nivel mundial, y resalt\u00f3 el crecimiento que se tiene en Coahuila.<\/p>\n\n\n\n<p>La planta de Arteaga tendr\u00e1 un aumento de personal del 100 por ciento de sus 300 empleos formales, y fortalecer\u00e1 la fabricaci\u00f3n de cabinas para locomotoras y camiones mineros.<\/p>\n\n\n\n<p>Aportar\u00e1 a la competitividad de la Regi\u00f3n Sureste de Coahuila.<\/p>\n\n\n\n<p>En la actualidad esta empresa efect\u00faa tres procesos principales: Fabricaci\u00f3n, ensamble, soldadura y pintura, que forman parte de la manufactura de las cabinas met\u00e1licas para locomotoras y camiones para la miner\u00eda, exportando el 100 por ciento a Estados Unidos y a otros pa\u00edses.<\/p>\n\n\n\n<p>El Alcalde de Arteaga, Ramiro Dur\u00e1n Garc\u00eda, destac\u00f3 el crecimiento que tiene la Regi\u00f3n Sureste debido al trabajo del gobernador Miguel Riquelme en la atracci\u00f3n de inversiones y las condiciones de paz laboral, seguridad, generaci\u00f3n de empleos y certeza jur\u00eddica.<\/p>\n\n\n\n<p>En el evento se cont\u00f3 con la presencia, tambi\u00e9n, de Michael Bratt, Vicepresidente de Operaciones de Wabtec; Nazira Zogbi Castro, Secretaria del Trabajo de Coahuila; Mario Enrique Morales Rodr\u00edguez, Secretario General de la CROC Coahuila; Dough McCain, Director de Finanzas de Wabtec, y Arturo Mendel, representante del Parque Industrial Mencorsa.<\/p>\n","protected":false},"excerpt":{"rendered":"<p>\u00b7\u00a0\u00a0\u00a0\u00a0\u00a0\u00a0Estado mantiene condiciones de seguridad, paz laboral, competitividad y generaci\u00f3n de empleos formales. Arteaga, Coahuila de Zaragoza; a 27 de Septiembre de 2022.- Con una inversi\u00f3n de m\u00e1s de 7 millones de d\u00f3lares, se dio el inicio de operaciones de la Planta IV de la empresa Wabtec Corporation en el Municipio de Arteaga, con lo que se fortalece la generaci\u00f3n de empleos formales y el desarrollo econ\u00f3mico de Coahuila. El&#8230;<\/p>\n","protected":false},"author":1,"featured_media":11350,"comment_status":"closed","ping_status":"closed","sticky":false,"template":"","format":"standard","meta":{"footnotes":""},"categories":[5,15,65],"tags":[],"class_list":["post-11349","post","type-post","status-publish","format-standard","has-post-thumbnail","hentry","category-coahuila","category-gobierno-de-coahuila","category-inversion","wpcat-5-id","wpcat-15-id","wpcat-65-id"],"_links":{"self":[{"href":"https:\/\/www.aquilaguna.com\/index.php\/wp-json\/wp\/v2\/posts\/11349","targetHints":{"allow":["GET"]}}],"collection":[{"href":"https:\/\/www.aquilaguna.com\/index.php\/wp-json\/wp\/v2\/posts"}],"about":[{"href":"https:\/\/www.aquilaguna.com\/index.php\/wp-json\/wp\/v2\/types\/post"}],"author":[{"embeddable":true,"href":"https:\/\/www.aquilaguna.com\/index.php\/wp-json\/wp\/v2\/users\/1"}],"replies":[{"embeddable":true,"href":"https:\/\/www.aquilaguna.com\/index.php\/wp-json\/wp\/v2\/comments?post=11349"}],"version-history":[{"count":1,"href":"https:\/\/www.aquilaguna.com\/index.php\/wp-json\/wp\/v2\/posts\/11349\/revisions"}],"predecessor-version":[{"id":11351,"href":"https:\/\/www.aquilaguna.com\/index.php\/wp-json\/wp\/v2\/posts\/11349\/revisions\/11351"}],"wp:featuredmedia":[{"embeddable":true,"href":"https:\/\/www.aquilaguna.com\/index.php\/wp-json\/wp\/v2\/media\/11350"}],"wp:attachment":[{"href":"https:\/\/www.aquilaguna.com\/index.php\/wp-json\/wp\/v2\/media?parent=11349"}],"wp:term":[{"taxonomy":"category","embeddable":true,"href":"https:\/\/www.aquilaguna.com\/index.php\/wp-json\/wp\/v2\/categories?post=11349"},{"taxonomy":"post_tag","embeddable":true,"href":"https:\/\/www.aquilaguna.com\/index.php\/wp-json\/wp\/v2\/tags?post=11349"}],"curies":[{"name":"wp","href":"https:\/\/api.w.org\/{rel}","templated":true}]}}