{"id":11352,"date":"2022-09-27T19:02:36","date_gmt":"2022-09-28T00:02:36","guid":{"rendered":"https:\/\/www.aquilaguna.com\/?p=11352"},"modified":"2022-09-27T19:02:36","modified_gmt":"2022-09-28T00:02:36","slug":"invitan-a-presentacion-del-libro-la-maestra-autoria-de-carlos-moreira-valdes","status":"publish","type":"post","link":"https:\/\/www.aquilaguna.com\/index.php\/2022\/09\/27\/invitan-a-presentacion-del-libro-la-maestra-autoria-de-carlos-moreira-valdes\/","title":{"rendered":"Invitan a presentaci\u00f3n del libro &#8220;La Maestra&#8221;, autor\u00eda de Carlos Moreira Valdes."},"content":{"rendered":"\n<p>Torre\u00f3n, Coahuila.- Profusa, circula la invitaci\u00f3n entre el gremio magisterial de esta zona lagunera, \u00a0 para que acuda esta tarde, a partir de las 19:00 horas, al Centro de Convenciones\u00a0 de Torre\u00f3n\u00a0 para escuchar la presentaci\u00f3n del libro &#8220;La Maestra&#8221;, de la autor\u00eda\u00a0 del profesor Carlos Moreira Valdes.<\/p>\n\n\n\n<p>La obra que ya fuera presentada en la capital del Estado en el marco que gener\u00f3 la Feria del Libro recientemente realizada en la ciudad de Saltillo, podr\u00e1 ser conocida en esta ocasi\u00f3n y con la presencia del autor, por parte del magisterio que constituye la masa de invitados a tal evento, pues al parecer tal audiencia es reservada\u00a0 solo para los mencionados.<\/p>\n\n\n\n<p>Seg\u00fan rese\u00f1as \u00a0 publicadas en torno a esta obra de reciente aparici\u00f3n, intitulada &#8220;La Detenci\u00f3n&#8221;\u00a0 el pasado mes de julio del 2021, abordan en algunos cap\u00edtulos de ambas narrativas, noveladas\u00a0 \u00a0 de la\u00a0 biograf\u00eda pol\u00edtica de\u00a0 la Maestra Elba Esther Gordillo, la\u00a0 aun controversial ex\u00a0 lideresa del sindicato mas grande de am\u00e9rica latina, es decir, el Sindicato Nacional de Trabajadores de la Educaci\u00f3n, hasta su\u00a0 detenci\u00f3n y proceso \u00a0 judicial\u00a0 en el a\u00f1o del 2011,\u00a0 bajo el r\u00e9gimen de Enrique Pe\u00f1a Nieto, cuando\u00a0 cayera en desgracia \u00a0 tras\u00a0 los avatares\u00a0 pol\u00edtico partidistas por ella conducidos.<\/p>\n\n\n\n<p>Entre\u00a0 los confirmados a asistir a\u00a0 tal presentaci\u00f3n, se encuentran los involucrados en los preparativos que se viene realizando desde hace meses entre el gremio magisterial \u00a0 bajo el tema de la cantada sucesi\u00f3n de la dirigencia de las Secciones\u00a0 5, 38 y 35\u00a0 \u00a0 bajo las que se agrupa el magisterio federal y estatal\u00a0 en Coahuila, y quienes por primera vez en su historia elegir\u00e1n dirigentes\u00a0 a trav\u00e9s de voto universal y secreto, pues ha quedado, eliminada la vieja formula de voto a trav\u00e9s de la representaci\u00f3n de delegados reunidos en asamblea.<\/p>\n\n\n\n<p>El inter\u00e9s tambi\u00e9n se centra en cual ser\u00e1\u00a0 la asistencia y participaci\u00f3n, y si se genera\u00a0 alguna expresi\u00f3n\u00a0 pol\u00edtica en este encuentro,\u00a0 conocido como es, el hecho de que el ahora prol\u00edfico autor \u00a0 de la obra a presentar, Carlos\u00a0 Moreira Valdes, es considerado tambi\u00e9n como el l\u00edder moral del magisterio en este Estado.<\/p>\n\n\n\n<p>Por ahi andar\u00e1, sin duda,&nbsp; tanto el profesor Abel Guerra,&nbsp; a quien se le se\u00f1ala como el candidato oficial&nbsp; en tal contienda,,pero tambi\u00e9n&nbsp; no se descarta la asistencia de quien le ha surgido como contrincante el profesor&nbsp; Ad\u00e1n Vaqueira, que se dice esta fuertemente apoyado por la \u2018\u2019 corriente morenista\u2019\u2019 que se gesta al interior&nbsp; del SNTE.<\/p>\n","protected":false},"excerpt":{"rendered":"<p>Torre\u00f3n, Coahuila.- Profusa, circula la invitaci\u00f3n entre el gremio magisterial de esta zona lagunera, \u00a0 para que acuda esta tarde, a partir de las 19:00 horas, al Centro de Convenciones\u00a0 de Torre\u00f3n\u00a0 para escuchar la presentaci\u00f3n del libro &#8220;La Maestra&#8221;, de la autor\u00eda\u00a0 del profesor Carlos Moreira Valdes. La obra que ya fuera presentada en la capital del Estado en el marco que gener\u00f3 la Feria del Libro recientemente realizada&#8230;<\/p>\n","protected":false},"author":2,"featured_media":0,"comment_status":"closed","ping_status":"","sticky":false,"template":"","format":"standard","meta":{"footnotes":""},"categories":[5,28,84,7],"tags":[],"class_list":["post-11352","post","type-post","status-publish","format-standard","hentry","category-coahuila","category-la-laguna","category-magisterio","category-torreon","wpcat-5-id","wpcat-28-id","wpcat-84-id","wpcat-7-id"],"_links":{"self":[{"href":"https:\/\/www.aquilaguna.com\/index.php\/wp-json\/wp\/v2\/posts\/11352","targetHints":{"allow":["GET"]}}],"collection":[{"href":"https:\/\/www.aquilaguna.com\/index.php\/wp-json\/wp\/v2\/posts"}],"about":[{"href":"https:\/\/www.aquilaguna.com\/index.php\/wp-json\/wp\/v2\/types\/post"}],"author":[{"embeddable":true,"href":"https:\/\/www.aquilaguna.com\/index.php\/wp-json\/wp\/v2\/users\/2"}],"replies":[{"embeddable":true,"href":"https:\/\/www.aquilaguna.com\/index.php\/wp-json\/wp\/v2\/comments?post=11352"}],"version-history":[{"count":1,"href":"https:\/\/www.aquilaguna.com\/index.php\/wp-json\/wp\/v2\/posts\/11352\/revisions"}],"predecessor-version":[{"id":11353,"href":"https:\/\/www.aquilaguna.com\/index.php\/wp-json\/wp\/v2\/posts\/11352\/revisions\/11353"}],"wp:attachment":[{"href":"https:\/\/www.aquilaguna.com\/index.php\/wp-json\/wp\/v2\/media?parent=11352"}],"wp:term":[{"taxonomy":"category","embeddable":true,"href":"https:\/\/www.aquilaguna.com\/index.php\/wp-json\/wp\/v2\/categories?post=11352"},{"taxonomy":"post_tag","embeddable":true,"href":"https:\/\/www.aquilaguna.com\/index.php\/wp-json\/wp\/v2\/tags?post=11352"}],"curies":[{"name":"wp","href":"https:\/\/api.w.org\/{rel}","templated":true}]}}