{"id":11375,"date":"2022-09-28T20:19:50","date_gmt":"2022-09-29T01:19:50","guid":{"rendered":"https:\/\/www.aquilaguna.com\/?p=11375"},"modified":"2022-09-28T20:19:50","modified_gmt":"2022-09-29T01:19:50","slug":"aqui-laguna-168","status":"publish","type":"post","link":"https:\/\/www.aquilaguna.com\/index.php\/2022\/09\/28\/aqui-laguna-168\/","title":{"rendered":"Aqu\u00ed Laguna."},"content":{"rendered":"\n<p>\u00a1Final\u00a0 de Infarto! El que habr\u00e1 de obtenerse\u00a0 al t\u00e9rmino de la\u00a0 Sesi\u00f3n que hoy se celebra\u00a0 en la Sala Superior\u00a0 del Tribunal Electoral\u00a0 del\u00a0 Poder Judicial\u00a0 de la Federaci\u00f3n,\u00a0 \u00a0 \u00a0 sobre si\u00a0 Am\u00e9rico Villarreal \u00a0 alcanza con o sin fuero de Senador, el cargo\u00a0 de\u00a0 Gobernador\u00a0 de Tamaulipas\u00a0 cuya elecci\u00f3n fuera impugnada\u00a0 por\u00a0 el\u00a0 Partido Acci\u00f3n Nacional en la elecci\u00f3n estatal, por la violencia\u00a0 generalizada vivida en la misma, as\u00ed como la presunci\u00f3n de que\u00a0 la campa\u00f1a del Morenista,\u00a0 obtuvo financiamiento del crimen organizado. En ese mismo Tribunal\u00a0 como Usted lector estar\u00e1 recordando, se consum\u00f3 el triunfo judicial \u00a0 a favor del Ingeniero Miguel\u00a0 Angel Riquelme\u00a0 Sol\u00eds, hace ya casi cinco a\u00f1os, s\u00ed ese mismo, de donde surgi\u00f3 la sentencia elaborada y votada por sus magistrados en torno a \u00a0 la elecci\u00f3n del hoy Gobernador de Coahuila,\u00a0 asunto que alcanz\u00f3 tal juicio si bien por muy diversos, dis\u00edmbolos motivos que el que hoy enfrenta Am\u00e9rico Villarreal.<\/p>\n\n\n\n<p>Que se acuse a la clase pol\u00edtica tamaulipeca de sostener largas y \u00a0 lucrativas relaciones\u00a0 con el crimen organizado no resulta novedad, si bien se recuerda tambi\u00e9n, que \u00a0 los \u00faltimos tres gobernadores de la entidad fronteriza, han sido acusados, perseguidos\u00a0 e incluso alcanzados por la justicia por ese mismo y feo delito, lo ex\u00f3tico resulta que en esta ocasi\u00f3n el abanderado de MORENA est\u00e9 en la misma tesitura cuando aun no inicia las funciones de su cargo, si finalmente el Tribunal que hoy mantiene larga sesi\u00f3n,\u00a0 define que\u00a0 ser\u00e1 el pr\u00f3ximo Gobernador\u00a0 de los tamaulipecos \u00a0 a quien ya tienen por cierto bajo el mismo tema, en la\u00a0 mira sus vecinos,\u00a0 es decir las autoridades de Estados Unidos&#8230;<\/p>\n\n\n\n<p>Y hablando de mujeres y traiciones, \u00a0 cual parodia de la canci\u00f3n famosa,\u00a0 no deja de comentarse en los \u00a0 mentideros pol\u00edticos de la regi\u00f3n, la imagen que circula\u00a0 profusamente en las redes sociales y mensajer\u00eda de\u00a0 whatsapp, donde aparecen las im\u00e1genes del\u00a0 diputado local Mario Cepeda Villarreal y del diputado federal Shamir Fern\u00e1ndez Hern\u00e1ndez, presuntamente en\u00a0 una cafeter\u00eda de moda\u00a0 ubicada en el Bulevar Independencia. Hasta el momento el diputado Cepeda Ram\u00edrez no ha dado la cara para negar que tal imagen pertenezca a su persona, ni tampoco lo ha hecho el diputado federal Shamir. Obvio es que ambos, si bien son viejos conocidos, como compa\u00f1eros de partido que en alg\u00fan momento de sus vidas\u00a0 han sido, el momento que\u00a0 viven \u00a0 en el marco de\u00a0 sus \u00a0 viejas y nuevas militancias partidistas\u00a0 deja poco\u00a0 a la imaginaci\u00f3n dado lo sensible que resultan\u00a0 hoy por hoy las pieles y los intereses de quienes\u00a0 conducen\u00a0 la vida de las instituciones partidistas y gubernamentales en Coahuila, obvio es tambi\u00e9n que ambos personajes, no se re\u00fanen para rezar rosario alguno&#8230;<\/p>\n\n\n\n<p>Por cierto, vaya encuerada, como dir\u00edamos en el pueblo, la que la revista Proceso, en su edici\u00f3n del pasado 18 de septiembre, le recet\u00f3 al ex panista Luis Fernando Salazar Fern\u00e1ndez, al exhibir en acuiciosa investigaci\u00f3n el monto de los gastos realizados a cuenta de este,\u00a0 \u00a0 bien por \u00e9l mismo o\u00a0 interp\u00f3sita persona y asociaciones civiles, de esas que hoy brotan cual hongos en Coahuila y que alcanzan seg\u00fan el sumador\u00a0 que signa tal publicaci\u00f3n \u00a0 un gasto de mas de 90 millones de pesos, destinados a la promoci\u00f3n de esa persona\u00a0 y de sus intereses pol\u00edticos, uno de los cuales, no es otro que alcanzar la postulaci\u00f3n de MORENA, al gobierno de Coahuila.<\/p>\n\n\n\n<p>Destaca en estas promociones\u00a0 los que hace difundir a trav\u00e9s de Youtube, en los que\u00a0se advierte la ambici\u00f3n que lo anima, que\u00a0 no le da tregua \u00a0 y en\u00a0 pos de tal objetivo, y ya se vio no escatima\u00a0 ni siquiera poner el rid\u00edculo, al escarnio publico\u00a0 a su\u00a0 progenitor, cual si fuera alguna botarga desechable, solo para\u00a0 buscar, desesperadamente\u00a0 competir por la alcald\u00eda de Torre\u00f3n en la pasada contienda, luego de ser defenestrado como candidato de MORENA a tal cargo, por no haber\u00a0 comprobado\u00a0 formalmente los gastos de\u00a0 precampa\u00f1a realizada para tal fin.<\/p>\n\n\n\n<p>Al parecer en esta ocasi\u00f3n, va por otra dosis similar. En fin, cosas veredes, Sancho\u2026<\/p>\n\n\n\n<p>La noche de Iguala y sus largas,\u00a0 y aun muy oscuras secuelas que ha dejado en el escenario nacional, que arrastran\u00a0 no solo a personajes y personeros de la pasada administraci\u00f3n federal a cargo de Enrique Pe\u00f1a Nieto, sino tambi\u00e9n alcanzan, en sus consecuencias al actual r\u00e9gimen\u00a0 que prometi\u00f3 a los deudos de los 43 estudiantes desaparecidos,\u00a0 hace ya ocho a\u00f1os, &#8220;verdad y\u00a0 justicia&#8221;, divisa\u00a0 inconclusa, incumplida, pero mas que eso,\u00a0 pues el caso se ha convertido,\u00a0 no solo en el \u00e1mbito judicial en\u00a0 un nudo gordiano, por dem\u00e1s dif\u00edcil de deshacer\u00a0 con todo y la voluntad que en principio, haya tenido de hacerlo el Presidente\u00a0 L\u00f3pez Obrador, hoy puesto contra la cuerdas, y una vez que &#8220;se ha tocado&#8221; al Ejercito,\u00a0 al resultar involucrados mas de\u00a0 20 de sus elementos, desde\u00a0 elementos tropa hasta hoy\u00a0 nuevos generales, en momento\u00a0 tal, como es el que hoy se vive en relaci\u00f3n\u00a0 a el cuerpo armado debe o no permanecer en las calles,\u00a0 al t\u00e9rmino de la convenida estancia fijada por legisladores\u00a0 hasta marzo del 2024, y una vez que\u00a0 la pretensi\u00f3n de eliminar el escollo constitucional que\u00a0 impide que la seguridad p\u00fablica quede en manos de militares, fracas\u00f3 estrepitosamente, sac\u00e1ndose de la manga\u00a0 el Presidente de la Rep\u00fablica\u00a0 eso de hacer una consulta, el pr\u00f3ximo 22\u00a0 de enero del 2023 para preguntar al pueblo de M\u00e9xico, si desea o no la permanencia de\u00a0 militares en las calles y que la guardia civil pase a ser ap\u00e9ndice de la SEDENA, vaya empecinamiento por violentar lo que la Constituci\u00f3n expresa en su Art\u00edculo\u00a0 35, as\u00ed como en el 134 y 41, esto es, que las funciones de los militares no queda sujeta a consulta alguna.<\/p>\n\n\n\n<p>Adem\u00e1s\u00a0 la susodicha consulta\u00a0 &#8220;no sera vinculante&#8221;, es decir, no servir\u00e1 de nada. Como si este pa\u00eds, no hubiera\u00a0 temas y causas de urgente atenci\u00f3n, y no solo \u00a0 \u00a0 lo que corresponde a Seguridad P\u00fablica, y en tal linea,\u00a0 v\u00e9ase el caso que registra el vecino Zacatecas, hundido en la barbarie \u00a0por mas y que le env\u00eden casi a diario tropas\u00a0 y mas tropas de militares,\u00a0 el tema de la inflaci\u00f3n y el impacto que registra las econom\u00edas de las clases populares y tambi\u00e9n las medias, aspiracionistas, imparable tal fen\u00f3meno econ\u00f3mico, notable en los precios que este mismo d\u00eda alcanzan vegetales y\u00a0 ya no se diga leche y carne&#8230;<\/p>\n\n\n\n<p>Por cierto,\u00a0 el erario p\u00fablico de Torre\u00f3n tienen\u00a0 la pretensi\u00f3n de sumar\u00a0 el pr\u00f3ximo a\u00f1o fiscal\u00a0 ingresos propios por mas de cuatro mil millones de pesos, cifra\u00a0 r\u00e9cord en la historia de las finanzas p\u00fablicas, sin duda,\u00a0 el reto es\u00a0 que la ciudadan\u00eda en medio de la situaci\u00f3n econ\u00f3mica que se registra pague en tiempo y forma\u00a0 sus impuestos, en especial, el predial, que registrar\u00e1 aumento, \u00a0 al haberse ampliado hasta en un 10 % los valores catastrales de todas las fincas de la ciudad y su \u00e1rea rural, es decir, se ampli\u00f3 de un plumazo su base gravable.<\/p>\n\n\n\n<p>Por cierto con el crecimiento de fraccionamientos medios y de nivel alto\u00a0 en especial en terrenos ubicados al norte de la ciudad, ser\u00eda interesante saber si\u00a0 SIMAS-Torre\u00f3n cuenta con la capacidad suficiente ahora abastecer el gasto que demandar\u00e1 tales desarrollos, sabido como es, que por tales rumbos, de encontrarse agua, \u00e9sta generalmente presenta un muy alto \u00edndice de contaminaci\u00f3n por ars\u00e9nico, como lo fue en su momento, \u00a0 lo registrado en\u00a0 Senderos. Hay que ver los estudios de factibilidad\u00a0 que se hayan realizado\u00a0 y cuantos se concedieron, de los solicitados por los fraccionadores,\u00a0 grupos que al menos durante la administraci\u00f3n de Jos\u00e9 Angel Perez Hern\u00e1ndez,\u00a0 &#8220;se panalearon&#8221;, aument\u00f3 con ello, no solo el gasto obligado\u00a0 de la paramunicipal para\u00a0 proporcionar\u00a0 el abasto, sino que\u00a0 no se garantiz\u00f3 con nada la calidad de la misma \u00a0y mucho menos el costo de la red de\u00a0 drenaje que se hizo extensiva hasta aquellos rumbos con cargo a las cuentas de SIMAS-Torre\u00f3n&#8230;<\/p>\n\n\n\n<p>Y finalmente\u00a0 \u00e9sta tarde del mi\u00e9rcoles, el profesor Carlos Ariel Moreira Valdes,\u00a0 \u00a0 estar\u00e1 presentando uno de los dos libros de su autor\u00eda, que \u00a0 tiene como tema central\u00a0 apuntes biogr\u00e1ficos y novelados de la visi\u00f3n pol\u00edtica de la\u00a0 celebre &#8220;Maestra&#8221;, Elba\u00a0 Esther\u00a0 Gordillo \u00a0 figura por antonomasia del sindicalismo mexicano, que ni la c\u00e1rcel pudo &#8220;enterrar&#8221; pues anda ya por ah\u00ed como figura central en diversos escenarios medi\u00e1ticos y sindicales\u00a0 hablando de\u00a0 temas que considerados tab\u00fa, son abordados con\u00a0 sapiencia y paciencia, adem\u00e1s de desparpajo\u00a0 por la mencionada, que al parecer tiene mucho aun que\u00a0 dar y no solo su memoria sobre un\u00a0 negro episodio de la misma, en especial\u00a0 y en el \u00e1mbito personal en lo temas de lealtades y traiciones.<\/p>\n","protected":false},"excerpt":{"rendered":"<p>\u00a1Final\u00a0 de Infarto! El que habr\u00e1 de obtenerse\u00a0 al t\u00e9rmino de la\u00a0 Sesi\u00f3n que hoy se celebra\u00a0 en la Sala Superior\u00a0 del Tribunal Electoral\u00a0 del\u00a0 Poder Judicial\u00a0 de la Federaci\u00f3n,\u00a0 \u00a0 \u00a0 sobre si\u00a0 Am\u00e9rico Villarreal \u00a0 alcanza con o sin fuero de Senador, el cargo\u00a0 de\u00a0 Gobernador\u00a0 de Tamaulipas\u00a0 cuya elecci\u00f3n fuera impugnada\u00a0 por\u00a0 el\u00a0 Partido Acci\u00f3n Nacional en la elecci\u00f3n estatal, por la violencia\u00a0 generalizada vivida en la&#8230;<\/p>\n","protected":false},"author":2,"featured_media":0,"comment_status":"closed","ping_status":"","sticky":false,"template":"","format":"standard","meta":{"footnotes":""},"categories":[8],"tags":[],"class_list":["post-11375","post","type-post","status-publish","format-standard","hentry","category-aqui-laguna","wpcat-8-id"],"_links":{"self":[{"href":"https:\/\/www.aquilaguna.com\/index.php\/wp-json\/wp\/v2\/posts\/11375","targetHints":{"allow":["GET"]}}],"collection":[{"href":"https:\/\/www.aquilaguna.com\/index.php\/wp-json\/wp\/v2\/posts"}],"about":[{"href":"https:\/\/www.aquilaguna.com\/index.php\/wp-json\/wp\/v2\/types\/post"}],"author":[{"embeddable":true,"href":"https:\/\/www.aquilaguna.com\/index.php\/wp-json\/wp\/v2\/users\/2"}],"replies":[{"embeddable":true,"href":"https:\/\/www.aquilaguna.com\/index.php\/wp-json\/wp\/v2\/comments?post=11375"}],"version-history":[{"count":1,"href":"https:\/\/www.aquilaguna.com\/index.php\/wp-json\/wp\/v2\/posts\/11375\/revisions"}],"predecessor-version":[{"id":11376,"href":"https:\/\/www.aquilaguna.com\/index.php\/wp-json\/wp\/v2\/posts\/11375\/revisions\/11376"}],"wp:attachment":[{"href":"https:\/\/www.aquilaguna.com\/index.php\/wp-json\/wp\/v2\/media?parent=11375"}],"wp:term":[{"taxonomy":"category","embeddable":true,"href":"https:\/\/www.aquilaguna.com\/index.php\/wp-json\/wp\/v2\/categories?post=11375"},{"taxonomy":"post_tag","embeddable":true,"href":"https:\/\/www.aquilaguna.com\/index.php\/wp-json\/wp\/v2\/tags?post=11375"}],"curies":[{"name":"wp","href":"https:\/\/api.w.org\/{rel}","templated":true}]}}