{"id":11399,"date":"2022-09-30T20:07:37","date_gmt":"2022-10-01T01:07:37","guid":{"rendered":"https:\/\/www.aquilaguna.com\/?p=11399"},"modified":"2022-09-30T20:07:37","modified_gmt":"2022-10-01T01:07:37","slug":"fcq-de-la-uadec-inaugura-la-catedra-universitaria-de-quimica-organica-leticia-barajas-2022","status":"publish","type":"post","link":"https:\/\/www.aquilaguna.com\/index.php\/2022\/09\/30\/fcq-de-la-uadec-inaugura-la-catedra-universitaria-de-quimica-organica-leticia-barajas-2022\/","title":{"rendered":"FCQ de la UAdeC Inaugura la C\u00e1tedra Universitaria de Qu\u00edmica Org\u00e1nica \u201cLeticia Barajas 2022\u201d."},"content":{"rendered":"\n<p>SALTILLO, Coahuila. 30 de septiembre de 2022.- La Facultad de Ciencias<br>Qu\u00edmicas de la Universidad Aut\u00f3noma de Coahuila inaugur\u00f3 este jueves la sexta<br>edici\u00f3n de la C\u00e1tedra Universitaria de Qu\u00edmica Org\u00e1nica \u201cLeticia Barajas 2022\u201d, la<br>cual se realiza de manera virtual a trav\u00e9s de Microsoft Teams y del Facebook<br>Qu\u00edmica Org\u00e1nica UAdeC.<\/p>\n\n\n\n<p>La bienvenida estuvo a cargo del director de la Facultad, Dr. Gerardo de Jes\u00fas<br>Sosa Santill\u00e1n, quien coment\u00f3 que esta c\u00e1tedra ya es una tradici\u00f3n en el plantel y<br>que en ella se abordan temas de vanguardia, que son interesantes y dejan<br>grandes ense\u00f1anzas.<\/p>\n\n\n\n<p>Posteriormente se imparti\u00f3 la conferencia \u201cPropiedades sin\u00e9rgicas en los cristales:<br>movimiento molecular y fluorescencia\u201d por el Dr. Braulio V. Rodr\u00edguez Molina del<br>Instituto de Qu\u00edmica de la Universidad Nacional Aut\u00f3noma de M\u00e9xico, la cual<br>estuvo enfocada en tratar de visualizar si existe o no la integraci\u00f3n del movimiento<br>molecular en fen\u00f3menos \u00f3pticos como fluorescencia.<\/p>\n\n\n\n<p>Se\u00f1al\u00f3 que es interesante el poder tener interacciones en diversos \u00e1mbitos, ya<br>que pueden llegar a controlarse para tener funciones a\u00fan m\u00e1s complejas, pues a<br>trav\u00e9s del microscopio se pueden ver los movimientos de los cristales y que la<br>pregunta que se plantea \u00bfc\u00f3mo es posible que se sume una mol\u00e9cula tras otra y<br>colectivamente?, y obtener la respuesta abrir\u00eda las puertas a nuevas aplicaciones<br>en rob\u00f3tica, materiales ultraligeros y textiles.<\/p>\n\n\n\n<p>Para lograrlo, dijo, se tienen sistemas modelos, los cuales consisten en colocar<br>una estructura rodeada de otras dos m\u00e1s voluminosos, lo que permite generar un<br>modelo de eje rueda donde las partes m\u00e1s voluminosas previenen y alejan a las<br>estructuras vecinas cuando se est\u00e1 formando el cristal.<\/p>\n\n\n\n<p>Rodr\u00edguez Molina, coment\u00f3 que se usa el carbazol como punto de partida, por su<br>luminiscencia intensa y estabilidad para su uso en numerosas aplicaciones, es rico<br>en modificaciones estructurales que permiten afinar la emisi\u00f3n; as\u00ed mismo afirm\u00f3<br>que para tener otro rotor se requiere dise\u00f1ar y sintetizar con los componentes<br>deseados, cristalizar y determinar su estructura de rayos x, intercambiar los<br>\u00e1tomos de hidr\u00f3geno y tener relajaci\u00f3n nuclear.<\/p>\n\n\n\n<p>Por otro lado, tambi\u00e9n se llev\u00f3 a cabo la charla \u201cDise\u00f1o y s\u00edntesis de nuevas<br>Chalconas con potencial de actividad Leishmanicida\u201d a cargo del Dr. Jos\u00e9 Carlos Espinoza Hicks de la Facultad de Ciencias Qu\u00edmicas de la Universidad Aut\u00f3noma de Chihuahua.<\/p>\n\n\n\n<p>Mientras que este viernes a las 17:00 horas se impartir\u00e1 \u201cS\u00edntesis de inhibidores<br>de proteinquinasas para estudios prote\u00f3micos en c\u00e1ncer de mama\u201d por el Dr. Iv\u00e1n<br>de Jes\u00fas Salazar Estrada, quien es director de operaciones de MinimumBio,<br>Sidney Australia y \u201cDise\u00f1o y s\u00edntesis de semiconductores org\u00e1nicos para<br>aplicaciones optoelectr\u00f3nicas (OPVs y oledS)\u201d a cargo del Dr. C\u00e9sar Garc\u00edas<br>Morales de la Facultad de Ciencias Qu\u00edmicas de la UAdeC.<\/p>\n","protected":false},"excerpt":{"rendered":"<p>SALTILLO, Coahuila. 30 de septiembre de 2022.- La Facultad de CienciasQu\u00edmicas de la Universidad Aut\u00f3noma de Coahuila inaugur\u00f3 este jueves la sextaedici\u00f3n de la C\u00e1tedra Universitaria de Qu\u00edmica Org\u00e1nica \u201cLeticia Barajas 2022\u201d, lacual se realiza de manera virtual a trav\u00e9s de Microsoft Teams y del FacebookQu\u00edmica Org\u00e1nica UAdeC. La bienvenida estuvo a cargo del director de la Facultad, Dr. Gerardo de Jes\u00fasSosa Santill\u00e1n, quien coment\u00f3 que esta c\u00e1tedra ya es&#8230;<\/p>\n","protected":false},"author":1,"featured_media":11400,"comment_status":"closed","ping_status":"closed","sticky":false,"template":"","format":"standard","meta":{"footnotes":""},"categories":[2],"tags":[],"class_list":["post-11399","post","type-post","status-publish","format-standard","has-post-thumbnail","hentry","category-uadec","wpcat-2-id"],"_links":{"self":[{"href":"https:\/\/www.aquilaguna.com\/index.php\/wp-json\/wp\/v2\/posts\/11399","targetHints":{"allow":["GET"]}}],"collection":[{"href":"https:\/\/www.aquilaguna.com\/index.php\/wp-json\/wp\/v2\/posts"}],"about":[{"href":"https:\/\/www.aquilaguna.com\/index.php\/wp-json\/wp\/v2\/types\/post"}],"author":[{"embeddable":true,"href":"https:\/\/www.aquilaguna.com\/index.php\/wp-json\/wp\/v2\/users\/1"}],"replies":[{"embeddable":true,"href":"https:\/\/www.aquilaguna.com\/index.php\/wp-json\/wp\/v2\/comments?post=11399"}],"version-history":[{"count":1,"href":"https:\/\/www.aquilaguna.com\/index.php\/wp-json\/wp\/v2\/posts\/11399\/revisions"}],"predecessor-version":[{"id":11401,"href":"https:\/\/www.aquilaguna.com\/index.php\/wp-json\/wp\/v2\/posts\/11399\/revisions\/11401"}],"wp:featuredmedia":[{"embeddable":true,"href":"https:\/\/www.aquilaguna.com\/index.php\/wp-json\/wp\/v2\/media\/11400"}],"wp:attachment":[{"href":"https:\/\/www.aquilaguna.com\/index.php\/wp-json\/wp\/v2\/media?parent=11399"}],"wp:term":[{"taxonomy":"category","embeddable":true,"href":"https:\/\/www.aquilaguna.com\/index.php\/wp-json\/wp\/v2\/categories?post=11399"},{"taxonomy":"post_tag","embeddable":true,"href":"https:\/\/www.aquilaguna.com\/index.php\/wp-json\/wp\/v2\/tags?post=11399"}],"curies":[{"name":"wp","href":"https:\/\/api.w.org\/{rel}","templated":true}]}}