{"id":11411,"date":"2022-09-30T20:14:30","date_gmt":"2022-10-01T01:14:30","guid":{"rendered":"https:\/\/www.aquilaguna.com\/?p=11411"},"modified":"2022-09-30T20:14:30","modified_gmt":"2022-10-01T01:14:30","slug":"en-frontera-inaugura-mars-la-empresa-fab-shop-metelmex","status":"publish","type":"post","link":"https:\/\/www.aquilaguna.com\/index.php\/2022\/09\/30\/en-frontera-inaugura-mars-la-empresa-fab-shop-metelmex\/","title":{"rendered":"EN FRONTERA, INAUGURA MARS LA EMPRESA FAB SHOP METELMEX."},"content":{"rendered":"\n<p>\u00b7\u00a0\u00a0\u00a0\u00a0\u00a0\u00a0<strong><em>\u00a0Del ramo metalmec\u00e1nico, la compa\u00f1\u00eda invierte 15 mdd en su quinta planta.<\/em><\/strong><\/p>\n\n\n\n<p>Frontera, Coahuila de Zaragoza; a 30 de Septiembre del 2022.- El gobernador Miguel \u00c1ngel Riquelme Sol\u00eds inaugur\u00f3 la empresa FAB SHOP METELMEX en este municipio, la cual invierte 15 millones de d\u00f3lares y la generaci\u00f3n de 485 empleos directos.<\/p>\n\n\n\n<p>Acompa\u00f1ado de Isidro Ruiz Olivares, Director General de Grupo Metelmex; Miguel Zertuche Quintero, presidente del Grupo; y de Misael Terrazas de la Cruz, Director de Operaciones, el Mandatario estatal reiter\u00f3 que su Administraci\u00f3n sigue trabajando de manera coordinada para que arriben m\u00e1s inversiones a Coahuila y a la Regi\u00f3n Centro, y con ello seguir posicionado la entidad en los ojos del sector empresarial e industrial, nacional e internacional.<\/p>\n\n\n\n<p>\u201cNos llena de orgullo y gusto que las empresas locales sigan creciendo, trabajamos en equipo y \u00e9ste es parte del resultado; de la mano con los 38 municipios de Coahuila mantenemos, unidos, la seguridad de la entidad e impulsamos retos que la sociedad impone\u201d, expres\u00f3.<\/p>\n\n\n\n<p>Riquelme Sol\u00eds felicit\u00f3 a los empresarios por la generaci\u00f3n de nuevas fuentes de empleo, y mencion\u00f3 que cada anuncio de inversi\u00f3n y ampliaci\u00f3n significa la confianza en Coahuila del sector empresarial, de ganar y superarse en un Estado seguro.&nbsp;<\/p>\n\n\n\n<p>\u201cComo Gobernador, me siento contento de anunciar cada semana el arribo de empresas; Metelmex se suma a ellas por la diversificaci\u00f3n de la econom\u00eda regional\u201d, dijo, al tiempo de mencionar que tambi\u00e9n se empuja fuerte en la Regi\u00f3n Carbon\u00edfera para la generaci\u00f3n de empleo.<\/p>\n\n\n\n<p>Miguel Riquelme expuso que el Cl\u00faster de Autos El\u00e9ctricos ser\u00e1 parte del desarrollo en cada regi\u00f3n de la entidad de manera gradual, a la acerera y metalmec\u00e1nica, que siguen siendo una fortaleza, adecuando los programas educativos para que se generen los profesionistas que demandan.<\/p>\n\n\n\n<p>Se\u00f1al\u00f3 que Coahuila ha destacado en competitividad a nivel nacional, logrando ser el tercer Estado en arribo de inversiones, las cuales conf\u00edan en su seguridad que se ha logrado con un gran esfuerzo, trabajando en conjunto entre sociedad y Gobierno, haciendo equipo y logrando el impulso a nuevos proyectos.<\/p>\n\n\n\n<p>De la misma manera, el Mandatario estatal hizo menci\u00f3n que en cuanto a la pandemia del Covid-19, Coahuila no detuvo su marcha, alternando salud y econom\u00eda con buenos resultados hasta el momento, manteniendo las medidas sanitarias y el uso de cubrebocas seg\u00fan el lugar.&nbsp;<\/p>\n\n\n\n<p>\u201cLos felicito y les agradezco por seguir creciendo en Coahuila; me comprometo a que seguiremos avanzando en todos los sectores, legislativos y econ\u00f3micos; tener un Coahuila seguro se refleja en la llegada de nuevas empresas\u201d, indic\u00f3.<\/p>\n\n\n\n<p>Riquelme Sol\u00eds se\u00f1al\u00f3 que antes de la pandemia se hicieron nueve viajes de promoci\u00f3n de la entidad hacia el exterior, y que ahora la realidad es que se atiende una empresa diaria que viene a tratar de invertir, por la seguridad, competitividad y mano de obra calificada que se ofrecen en Coahuila, acciones que se han logrado en conjunto: \u201cMe da gusto que quienes somos de aqu\u00ed, seguimos generando inversi\u00f3n y empleos\u201d.<\/p>\n\n\n\n<p>Por su parte, Roberto Pi\u00f1a, Alcalde de Frontera, puntualiz\u00f3 el trabajo coordinado para generar la atracci\u00f3n de inversiones, y agradeci\u00f3 la expansi\u00f3n de las empresas ubicadas en el corredor industrial, que se han diversificado, generando con ello m\u00e1s empleos.<\/p>\n\n\n\n<p>\u201cEstamos listos, se\u00f1or Gobernador, para seguir trabajando en la generaci\u00f3n de espacios para el desarrollo de empresas en esta parte de la entidad\u201d, mencion\u00f3.<\/p>\n\n\n\n<p>En su intervenci\u00f3n, el Director General del Grupo Empresarial, Isidro Ruiz, inform\u00f3 que la planta que hoy se inaugura representa la quinta empresa con inversi\u00f3n mexicana.<\/p>\n\n\n\n<p>El empresario reconoci\u00f3 que Coahuila es un Estado seguro, que garantiza el arribo de nuevas inversiones generadoras de empleos que se requieren.<\/p>\n\n\n\n<p>Adem\u00e1s, el presidente del Grupo Metelmex, Miguel Zertuche, record\u00f3 que cuatro de las cinco plantas se ubican en frontera, y una en Monclova; y que adem\u00e1s hay un centro de distribuci\u00f3n en Houston, Texas, con m\u00e1s de 900 colaboradores.&nbsp;<\/p>\n\n\n\n<p>Por su parte, el Alcalde de Monclova, Mario D\u00e1vila Delgado, resalt\u00f3 el crecimiento que registra la zona conurbada Monclova-Frontera y reconoci\u00f3 a los empresarios que generan inversi\u00f3n y empleo.<\/p>\n\n\n\n<p>\u201cEsto es gracias al esfuerzo que ha hecho el Estado, liderado por el gobernador Miguel Riquelme, a quien le reconocemos su trabajo, por eso ha sido calificado por la Encuesta Mitofsky como el mejor Gobernador de M\u00e9xico, y vemos que sigue colocando a la entidad a nivel nacional con mayor generaci\u00f3n de ofertas de trabajo\u201d, enfatiz\u00f3.<\/p>\n\n\n\n<p>Entre los asistentes a esta inauguraci\u00f3n estuvieron, adem\u00e1s, Cristina Amezcua Gonz\u00e1lez y Ricardo L\u00f3pez Campos, diputados locales, y Claudio Bress Garza, Secretario de Econom\u00eda del Estado, as\u00ed como empresarios del ramo industrial metalmec\u00e1nico.<\/p>\n","protected":false},"excerpt":{"rendered":"<p>\u00b7\u00a0\u00a0\u00a0\u00a0\u00a0\u00a0\u00a0Del ramo metalmec\u00e1nico, la compa\u00f1\u00eda invierte 15 mdd en su quinta planta. Frontera, Coahuila de Zaragoza; a 30 de Septiembre del 2022.- El gobernador Miguel \u00c1ngel Riquelme Sol\u00eds inaugur\u00f3 la empresa FAB SHOP METELMEX en este municipio, la cual invierte 15 millones de d\u00f3lares y la generaci\u00f3n de 485 empleos directos. Acompa\u00f1ado de Isidro Ruiz Olivares, Director General de Grupo Metelmex; Miguel Zertuche Quintero, presidente del Grupo; y de Misael&#8230;<\/p>\n","protected":false},"author":1,"featured_media":11412,"comment_status":"closed","ping_status":"closed","sticky":false,"template":"","format":"standard","meta":{"footnotes":""},"categories":[5,15,65],"tags":[],"class_list":["post-11411","post","type-post","status-publish","format-standard","has-post-thumbnail","hentry","category-coahuila","category-gobierno-de-coahuila","category-inversion","wpcat-5-id","wpcat-15-id","wpcat-65-id"],"_links":{"self":[{"href":"https:\/\/www.aquilaguna.com\/index.php\/wp-json\/wp\/v2\/posts\/11411","targetHints":{"allow":["GET"]}}],"collection":[{"href":"https:\/\/www.aquilaguna.com\/index.php\/wp-json\/wp\/v2\/posts"}],"about":[{"href":"https:\/\/www.aquilaguna.com\/index.php\/wp-json\/wp\/v2\/types\/post"}],"author":[{"embeddable":true,"href":"https:\/\/www.aquilaguna.com\/index.php\/wp-json\/wp\/v2\/users\/1"}],"replies":[{"embeddable":true,"href":"https:\/\/www.aquilaguna.com\/index.php\/wp-json\/wp\/v2\/comments?post=11411"}],"version-history":[{"count":1,"href":"https:\/\/www.aquilaguna.com\/index.php\/wp-json\/wp\/v2\/posts\/11411\/revisions"}],"predecessor-version":[{"id":11413,"href":"https:\/\/www.aquilaguna.com\/index.php\/wp-json\/wp\/v2\/posts\/11411\/revisions\/11413"}],"wp:featuredmedia":[{"embeddable":true,"href":"https:\/\/www.aquilaguna.com\/index.php\/wp-json\/wp\/v2\/media\/11412"}],"wp:attachment":[{"href":"https:\/\/www.aquilaguna.com\/index.php\/wp-json\/wp\/v2\/media?parent=11411"}],"wp:term":[{"taxonomy":"category","embeddable":true,"href":"https:\/\/www.aquilaguna.com\/index.php\/wp-json\/wp\/v2\/categories?post=11411"},{"taxonomy":"post_tag","embeddable":true,"href":"https:\/\/www.aquilaguna.com\/index.php\/wp-json\/wp\/v2\/tags?post=11411"}],"curies":[{"name":"wp","href":"https:\/\/api.w.org\/{rel}","templated":true}]}}