{"id":11451,"date":"2022-10-04T19:37:10","date_gmt":"2022-10-05T00:37:10","guid":{"rendered":"https:\/\/www.aquilaguna.com\/?p=11451"},"modified":"2022-10-04T19:37:11","modified_gmt":"2022-10-05T00:37:11","slug":"participa-la-uadec-en-la-ii-jornada-academica-internacional-de-las-personas-adultas-mayores-y-sus-cuidadores-experiencias-desde-el-aula","status":"publish","type":"post","link":"https:\/\/www.aquilaguna.com\/index.php\/2022\/10\/04\/participa-la-uadec-en-la-ii-jornada-academica-internacional-de-las-personas-adultas-mayores-y-sus-cuidadores-experiencias-desde-el-aula\/","title":{"rendered":"Participa la UAdeC en la II Jornada Acad\u00e9mica Internacional de las Personas Adultas Mayores y sus Cuidadores: Experiencias desde el Aula."},"content":{"rendered":"\n<p>SALTILLO, Coahuila. 4 de octubre de 2022. En modalidad virtual inici\u00f3 la II<br>Jornada Acad\u00e9mica Internacional de las Personas Adultas Mayores y sus<br>Cuidadores: Experiencias desde el Aula, que organiza la Facultad de Enfermer\u00eda<br>\u201cSantiago Vald\u00e9s Galindo\u201d, de la Universidad Aut\u00f3noma de Coahuila, en<br>coordinaci\u00f3n con la Universidad Aut\u00f3noma de Tamaulipas, la Universidad<br>Veracruzana y la Universidad Aut\u00f3noma de Baja California.<\/p>\n\n\n\n<p>A trav\u00e9s del Cuerpo Acad\u00e9mico para el Envejecimiento Activo y Saludable, y de la<br>Red de Enfermer\u00eda en Salud del Adulto Mayor, y el Comit\u00e9 de Formaci\u00f3n de<br>Estudiantes de Pregrado GREEFES, a partir de este 4 al 7 de octubre presentan<br>ponencias de casos de investigaci\u00f3n de las universidades participantes, dirigidas a<br>profesionales de la enfermer\u00eda y p\u00fablico interesado en el tema.<\/p>\n\n\n\n<p>Las conferencias, ponencias, talleres que se pueden ver directamente en FB de la<br>Universidad Aut\u00f3noma de Tamaulipas <a href=\"https:\/\/www.facebook.com\/UAMMatamoros\" target=\"_blank\" rel=\"noreferrer noopener\">https:\/\/www.facebook.com\/UAMMatamoros<\/a><br>o v\u00eda Zoom en:<br><a href=\"https:\/\/us06web.zoom.us\/j\/83885799760?pwd=SGJpTnBkSW5EcnZYV1h2dFcrRV FrZz09.\" target=\"_blank\" rel=\"noreferrer noopener\">https:\/\/us06web.zoom.us\/j\/83885799760?pwd=SGJpTnBkSW5EcnZYV1h2dFcrRV<br>FrZz09.<\/a><\/p>\n\n\n\n<p>La Jornada inici\u00f3 con la conferencia \u201cCapacidad intr\u00ednseca: Constructo te\u00f3rico y<br>evidencia emp\u00edrica\u201d impartida por la Mag\u00edster en Enfermer\u00eda Claudia Liliana<br>Valencia Rico de la Universidad cat\u00f3lica de Manizales, Colombia, quien la defini\u00f3<br>como la combinaci\u00f3n de todas las capacidades f\u00edsicas y mentales, e incluye su<br>capacidad de caminar, pensar, ver, o\u00edr y recordar; destac\u00f3 que es importante que<br>el personal de enfermer\u00eda valore eso en las personas adultas mayores.<\/p>\n\n\n\n<p>Posteriormente, cada 15 minutos, se presentaron las investigaciones de temas<br>como: \u201cEstilo de vida y estado nutricional de adultos mayores fronterizos\u201d<br>\u201cNeuropat\u00eda Diab\u00e9tica, Marcha, Equilibrio y Determinantes Sociales del Estado de<br>Salud, en Personas en Etapa de la Prevejez y la Vejez en Comunidades de Saltillo<br>Coahuila\u201d; \u201cPercepciones de los adultos mayores sobre su proceso de<br>envejecimiento en la ciudad de Mexicali, Baja California\u201d.<\/p>\n\n\n\n<p>\u201cEstr\u00e9s percibido, calidad de vida y sobrecarga parental en abuelas cuidadoras de<br>nietos de Saltillo, Coahuila\u201d; \u201cNivel de inteligencia emocional en cuidadores<br>informales de adultos mayores dependientes de un municipio de Veracruz\u201d;<br>\u201cInteligencia emocional y miedo a las ca\u00eddas en personas adultas mayores\u201d; \u201cRelaci\u00f3n del nivel de depresi\u00f3n y estado nutricional de los adultos mayores del Valle del Mezquital\u201d.<\/p>\n\n\n\n<p>Adem\u00e1s, \u201cMiedo y ansiedad a la muerte en adultos mayores con enfermedades<br>cr\u00f3nica\u201d; \u201cS\u00edntomas depresivos, fatiga y presencia de enfermedades cr\u00f3nicas no<br>trasmisibles en adultos mayores de Veracruz y su \u00e1rea conurbada\u201d; \u201cRelaci\u00f3n<br>entre el aislamiento social y deterioro cognitivo en personas mayores de Veracruz\u201d<br>y un panel de expertos.<\/p>\n\n\n\n<p>Para el 5 de octubre se iniciar\u00e1n las trasmisiones a las 10:00 horas con la<br>conferencia \u201cInnovaci\u00f3n en el uso de dispositivos para personas adultas mayores\u201d,<br>por el Dr. Jos\u00e9 Alex Leiva Caro Facultad de Ciencias de la Salud y de los<br>Alimentos de la Universidad del B\u00edo-B\u00edo, Chile y el Modelo de Utilidad: Dispositivo<br>para visualizar las venas Edgar Emmanuel Flores Mart\u00ednez, Tirso Duran Badillo;<br>Proyecto social: Video educativo para la familia Estrategias para crear y fomentar<br>las redes de apoyo en el adulto mayor.<\/p>\n\n\n\n<p>Posteriormente, se presentaron investigaciones: \u201cAsociaci\u00f3n entre maltrato y<br>depresi\u00f3n en adultos mayores no institucionalizados de Hidalgo, M\u00e9xico\u201d;<br>\u201cPercepci\u00f3n de funcionalidad familiar en cuidadores de personas dependientes\u201d;<br>\u201cInteligencia emocional en personas adultas mayores: revisi\u00f3n de la literatura\u201d;<br>\u201cRelaci\u00f3n entre \u00edndice de masa corporal y automanejo en adultos mayores con<br>enfermedades no transmisibles\u201d.<\/p>\n\n\n\n<p>\u201cSalud Mental en personas adultas mayores: revisi\u00f3n de literatura\u201d; \u201cCompetencias<br>del cuidar en cuidadores familiares de adultos mayores\u201d; \u201cDolor, presencia de<br>enfermedades cr\u00f3nicas y percepci\u00f3n de apoyo social en el adulto mayor de<br>Veracruz y el \u00e1rea conurbada\u201d y \u201cFuncionalidad familiar y depresi\u00f3n en adultos<br>mayores de Matamoros, Tamaulipas\u201d.<\/p>\n\n\n\n<p>Para el 6 de octubre se llevar\u00e1n a cabo el Taller 1. Valoraci\u00f3n podol\u00f3gica para<br>adultos y adultos mayores con diabetes DCE Mar\u00eda Magdalena Delabra Salinas y<br>DCE Daniel Sifuentes Leura y Taller 2. Valoraci\u00f3n del potencial de rehabilitaci\u00f3n<br>funcional del adulto mayor Dr. Jos\u00e9 Alberto Ag\u00fcero Grande.<\/p>\n\n\n\n<p>Para el viernes 7 de octubre se presentar\u00e1 las conferencias, \u201cVoluntad anticipada<br>y testamento\u201d, por el Dr. Fernando Bruno Facultad de Trabajo Social Universidad<br>Aut\u00f3noma de Coahuila y \u201cEstrategias de comunicaci\u00f3n de los adultos mayores con<br>su familia y personal de salud\u201d, por la Dra. Juana Edith Cruz Quevedo Facultad de<br>Enfermer\u00eda, Regi\u00f3n Veracruz, Universidad Veracruzana.<\/p>\n","protected":false},"excerpt":{"rendered":"<p>SALTILLO, Coahuila. 4 de octubre de 2022. En modalidad virtual inici\u00f3 la IIJornada Acad\u00e9mica Internacional de las Personas Adultas Mayores y susCuidadores: Experiencias desde el Aula, que organiza la Facultad de Enfermer\u00eda\u201cSantiago Vald\u00e9s Galindo\u201d, de la Universidad Aut\u00f3noma de Coahuila, encoordinaci\u00f3n con la Universidad Aut\u00f3noma de Tamaulipas, la UniversidadVeracruzana y la Universidad Aut\u00f3noma de Baja California. A trav\u00e9s del Cuerpo Acad\u00e9mico para el Envejecimiento Activo y Saludable, y de laRed&#8230;<\/p>\n","protected":false},"author":1,"featured_media":11452,"comment_status":"closed","ping_status":"closed","sticky":false,"template":"","format":"standard","meta":{"footnotes":""},"categories":[2],"tags":[],"class_list":["post-11451","post","type-post","status-publish","format-standard","has-post-thumbnail","hentry","category-uadec","wpcat-2-id"],"_links":{"self":[{"href":"https:\/\/www.aquilaguna.com\/index.php\/wp-json\/wp\/v2\/posts\/11451","targetHints":{"allow":["GET"]}}],"collection":[{"href":"https:\/\/www.aquilaguna.com\/index.php\/wp-json\/wp\/v2\/posts"}],"about":[{"href":"https:\/\/www.aquilaguna.com\/index.php\/wp-json\/wp\/v2\/types\/post"}],"author":[{"embeddable":true,"href":"https:\/\/www.aquilaguna.com\/index.php\/wp-json\/wp\/v2\/users\/1"}],"replies":[{"embeddable":true,"href":"https:\/\/www.aquilaguna.com\/index.php\/wp-json\/wp\/v2\/comments?post=11451"}],"version-history":[{"count":1,"href":"https:\/\/www.aquilaguna.com\/index.php\/wp-json\/wp\/v2\/posts\/11451\/revisions"}],"predecessor-version":[{"id":11453,"href":"https:\/\/www.aquilaguna.com\/index.php\/wp-json\/wp\/v2\/posts\/11451\/revisions\/11453"}],"wp:featuredmedia":[{"embeddable":true,"href":"https:\/\/www.aquilaguna.com\/index.php\/wp-json\/wp\/v2\/media\/11452"}],"wp:attachment":[{"href":"https:\/\/www.aquilaguna.com\/index.php\/wp-json\/wp\/v2\/media?parent=11451"}],"wp:term":[{"taxonomy":"category","embeddable":true,"href":"https:\/\/www.aquilaguna.com\/index.php\/wp-json\/wp\/v2\/categories?post=11451"},{"taxonomy":"post_tag","embeddable":true,"href":"https:\/\/www.aquilaguna.com\/index.php\/wp-json\/wp\/v2\/tags?post=11451"}],"curies":[{"name":"wp","href":"https:\/\/api.w.org\/{rel}","templated":true}]}}