{"id":11472,"date":"2022-10-04T19:57:25","date_gmt":"2022-10-05T00:57:25","guid":{"rendered":"https:\/\/www.aquilaguna.com\/?p=11472"},"modified":"2022-10-04T19:57:25","modified_gmt":"2022-10-05T00:57:25","slug":"habra-cambio-en-movimiento-territorial-en-coahuila","status":"publish","type":"post","link":"https:\/\/www.aquilaguna.com\/index.php\/2022\/10\/04\/habra-cambio-en-movimiento-territorial-en-coahuila\/","title":{"rendered":"Habr\u00e1 cambio en &#8220;Movimiento Territorial&#8221; en Coahuila."},"content":{"rendered":"\n<p>Torre\u00f3n, Coahuila.-\u00a0 Y bien, Enrique Sarmiento Alvarez,\u00a0 quien\u00a0 figur\u00f3 como dirigente del Movimiento Territorial\u00a0 en Coahuila en los \u00faltimos diez a\u00f1os, deja tal encargo\u00a0 para asumir similar pero a lo largo y ancho de los Estados que\u00a0 forman parte de la Segunda Circunspecci\u00f3n Federal en este pa\u00eds. Lo suple, el Diputado local Mario Cepeda Ram\u00edrez.\u00a0<\/p>\n\n\n\n<p>Tal decisi\u00f3n, emanada en la ultima reuni\u00f3n sostenida el pasado 27 de\u00a0 septiembre\u00a0 entre la dirigencia priista de Coahuila y la\u00a0 dirigencia nacional del PRI, toda vez que\u00a0 el organismo forma parte de ellas agrupaciones adheridas bajo tal\u00a0 mando y conducci\u00f3n nacional, indic\u00f3 el\u00a0 tambi\u00e9n regidor priista en el cabildo de Torre\u00f3n al ser entrevistado sobre tal relevo.<\/p>\n\n\n\n<p>Abordado\u00a0 hasta tal fecha de la reuni\u00f3n citada, quien fuera su secretario general, el hoy el regidor Sarmiento Alvarez\u00a0 explic\u00f3 que tales cambios obedecen a trabajos de\u00a0 preparaci\u00f3n del PRI, &#8220;con miras a la elecci\u00f3n presidencial, pero sin descuidar Coahuila, y en su caso personal estar\u00e1\u00a0 pendiente de lo que se registre entre los miembros del MovimientoTerritorial en este Estado&#8221;.<\/p>\n\n\n\n<p>Reconoci\u00f3 luego que\u00a0 el mandato\u00a0 que venia detentando a nivel estatal, &#8220;estaba mas que vencido, toda vez que cada per\u00edodo\u00a0 de dirigencia\u00a0 en el MT tiene una duraci\u00f3n de\u00a0 cuatro a\u00f1os y en mi caso\u00a0 estaba mas que sobrado, pues permanec\u00eda en tal cargo los \u00faltimos diez a\u00f1os&#8221;.<\/p>\n\n\n\n<p>En t\u00e9rminos legales reconoci\u00f3, &#8220;ya era justo el relevo&#8221;, dijo.<\/p>\n\n\n\n<p>En cuanto cuales a los saldos que a su\u00a0 consideraci\u00f3n gener\u00f3 su permanencia\u00a0 en la dirigencia citada, indico que, &#8220;inici\u00e9\u00a0 mi gesti\u00f3n, cuando el Licenciado Luis Fernando Colossio era el candidato presidencial, \u00a0 recordando luego que los responsables de la construcci\u00f3n del Movimiento Territorial en el Partido Revolucionario Institucional, lo fueron, el Licenciado Javier Guerrero Garc\u00eda y el Profesor Rub\u00e9n Renter\u00eda quienes se encargaron de \u00a0 encarar la constituci\u00f3n del Movimiento Territorial&#8221;.<\/p>\n\n\n\n<p>&#8220;Yo en es tiempo, participe y gan\u00e9 mi primer comit\u00e9 de base en la colonia Primero de Mayo. Yo form\u00e9\u00a0 cien comit\u00e9s de base, en votaci\u00f3n universal y directa, y de ah\u00ed vengo yo&#8221;.<\/p>\n\n\n\n<p>El Movimiento Territorial, afirm\u00f3, &#8220;es nuestra c\u00e9lula b\u00e1sica en cuesti\u00f3n de colonias, de barrios, de ejidos, \u00a0 en donde se constituy\u00f3\u00a0 m\u00ednimo\u00a0 un Comit\u00e9 de base que encabeza las demandas sociales, que para eso fue constituido, separando su conducci\u00f3n del Presidente del Seccional, que es nuestra estructura electoral para la promoci\u00f3n del voto, para los representantes de los candidatos. Eso es lo que esta sucediendo, en tanto que\u00a0 el movimiento social y el asamble\u00edsmo, son las estrategias naturales del Movimiento Territorial&#8221;.<\/p>\n\n\n\n<p>Record\u00f3 luego que miembros y dirigentes del Movimiento Territorial en estas\u00a0 tierras, han sido algunos que ya se nos adelantaron en el camino, como es el caso de Jes\u00fas Sosa Zapata, el mismo\u00a0 Profesor Cepeda, Mauro Delgado, Juli\u00e1n\u00a0 Adame, Herminio Ruelas, Maria Castro, Josefina Galarza, Josefina de la Rosa, Yolanda\u00a0 Orozco, \u00a0 combativos luchadores sociales.\u00a0<\/p>\n\n\n\n<p>En aquellos tiempos, record\u00f3, &#8220;se denominaba Movimiento Urbano y Popular, que hoy es el MT,\u00a0 lucha por los derechos de la ciudad, aglutinando a los ciudadanos que en\u00a0 territorio, organizados \u00a0 son los que hacen los grandes movimientos sociales, en su colonia como gestores de servicio p\u00fablicos como lo son el drenaje, las escuelas,\u00a0 los terrenos para su iglesia, los problemas\u00a0 de la tenencia de la tierra urbana, todo pues lo que tiene que ver con la constituci\u00f3n y desarrollo de una colonia, de una comunidad&#8221;.<\/p>\n\n\n\n<p>Yo lo dej\u00f3, afirm\u00f3,\u00a0 &#8220;al Movimiento Territorial en funciones. Yo recorr\u00ed todos\u00a0 los 38 municipios del Estado chicos y grandes, en sus cinco regiones donde me permitieron trabajar&#8221;.<\/p>\n\n\n\n<p>Si hay trabajo, afirma seguro, &#8220;falta renovar las dirigencias municipales, pues en la mayor parte se encuentran vencidas. Yo tengo seis a\u00f1os con\u00a0 tal vencimiento, por eso son los cambios&#8221;.<\/p>\n\n\n\n<p>&#8220;Se espera pues se lance las convocatorias correspondientes&#8221;.<\/p>\n\n\n\n<p>Preguntada las razones por las cuales no se realizaron los cambios que fija se fijan estatutariamente, al termino de los periodos considerados para su ejercicio, afirm\u00f3 que, &#8220;quiz\u00e1s\u00a0 el ciclo de \u00a0 elecciones que en el pasado reciente, fueron mas que cercanos uno de los otros, apenas s\u00ed sal\u00edamos de uno cuando ya ten\u00edamos el otro en frente&#8221;.\u00a0\u00a0<\/p>\n\n\n\n<p>&#8220;Eso nos imped\u00eda hacer cambios. Ahora hay tiempo para hacerlos, ya se hicieron los cambios en Unidad Revolucionaria, de donde sali\u00f3 el Licenciado Sigfrido Macias y quedo en su lugar el se\u00f1or Arzola, as\u00ed\u00a0 como en el ONMPRI, que tenia a su cargo \u00a0 la diputada local Boreque\u00a0 Martinez, Marco Cant\u00fa \u00a0 deja la CNOP\u00a0 y lo sucede\u00a0 Samuel Rodr\u00edguez&#8221;.<\/p>\n\n\n\n<p>&#8220;Son cambios \u00a0 previos al\u00a0 proceso electoral \u00a0 que formalmente\u00a0 arranca el d\u00eda primero de enero pr\u00f3ximo&#8221;.\u00a0\u00a0<\/p>\n\n\n\n<p>En otra tem\u00e1tica, cuestionada su opini\u00f3n sobre\u00a0 el proceso de coptaci\u00f3n que registra mandos y militancia priista por parte de otras organizaciones\u00a0 partidistas, como es el caso de MORENA,\u00a0 a lo que dijo que, &#8220;all\u00e1 est\u00e1n necesitados\u00a0 de\u00a0 tener cuadros, sin duda Morena est\u00e1 llena de ex priistas&#8221;, aclarando que, &#8220;hay de priistas a priistas, es decir, los que\u00a0 resisten gracias a que tienen Principios y Valores\u00a0 partidistas y personales. Otros no&#8221;, \u00a0 dijo.<\/p>\n\n\n\n<p>&#8220;Los que se nos han ido, se\u00a0 van solos, pues no se llevan,\u00a0 ni el 10% de lo que cre\u00edan eran sus fuerzas, se van con ellos uno que otro, los de su servicio personal, pues se les olvida que los que alcanzaron\u00a0 cargo de elecci\u00f3n popular bajo las banderas del PRI, lo lograron gracias a la tarea coordinada de todos los priistas y de su estructura&#8221;.<\/p>\n\n\n\n<p>La siguiente, afirm\u00f3, &#8220;ser\u00e1 sin duda una elecci\u00f3n competida y compleja. Tendremos la atenci\u00f3n p\u00fablica de todo el pa\u00eds sobre Coahuila, porque a pesar de todas las\u00a0 adversidades que se generan con el recorte de las Participaciones&#8221;.<\/p>\n\n\n\n<p>&#8220;Coahuila se ha sostenido como referente nacional en materia de crecimiento, desarrollo y sobre todo de seguridad&#8221;.<\/p>\n\n\n\n<p>&#8220;Tenemos un Gobernador que sabe gobernar&#8221;, dijo, &#8220;que est\u00e1 muy bien calificado, es nuestra carta de presentaci\u00f3n, y sobre todo que bajo su mandato no hemos perdido elecciones, con todo y que\u00a0 parec\u00edan ya desterrados del escenario nacional  los carros completos&#8221;.<\/p>\n","protected":false},"excerpt":{"rendered":"<p>Torre\u00f3n, Coahuila.-\u00a0 Y bien, Enrique Sarmiento Alvarez,\u00a0 quien\u00a0 figur\u00f3 como dirigente del Movimiento Territorial\u00a0 en Coahuila en los \u00faltimos diez a\u00f1os, deja tal encargo\u00a0 para asumir similar pero a lo largo y ancho de los Estados que\u00a0 forman parte de la Segunda Circunspecci\u00f3n Federal en este pa\u00eds. Lo suple, el Diputado local Mario Cepeda Ram\u00edrez.\u00a0 Tal decisi\u00f3n, emanada en la ultima reuni\u00f3n sostenida el pasado 27 de\u00a0 septiembre\u00a0 entre la&#8230;<\/p>\n","protected":false},"author":2,"featured_media":0,"comment_status":"closed","ping_status":"","sticky":false,"template":"","format":"standard","meta":{"footnotes":""},"categories":[5,16],"tags":[],"class_list":["post-11472","post","type-post","status-publish","format-standard","hentry","category-coahuila","category-pri","wpcat-5-id","wpcat-16-id"],"_links":{"self":[{"href":"https:\/\/www.aquilaguna.com\/index.php\/wp-json\/wp\/v2\/posts\/11472","targetHints":{"allow":["GET"]}}],"collection":[{"href":"https:\/\/www.aquilaguna.com\/index.php\/wp-json\/wp\/v2\/posts"}],"about":[{"href":"https:\/\/www.aquilaguna.com\/index.php\/wp-json\/wp\/v2\/types\/post"}],"author":[{"embeddable":true,"href":"https:\/\/www.aquilaguna.com\/index.php\/wp-json\/wp\/v2\/users\/2"}],"replies":[{"embeddable":true,"href":"https:\/\/www.aquilaguna.com\/index.php\/wp-json\/wp\/v2\/comments?post=11472"}],"version-history":[{"count":1,"href":"https:\/\/www.aquilaguna.com\/index.php\/wp-json\/wp\/v2\/posts\/11472\/revisions"}],"predecessor-version":[{"id":11473,"href":"https:\/\/www.aquilaguna.com\/index.php\/wp-json\/wp\/v2\/posts\/11472\/revisions\/11473"}],"wp:attachment":[{"href":"https:\/\/www.aquilaguna.com\/index.php\/wp-json\/wp\/v2\/media?parent=11472"}],"wp:term":[{"taxonomy":"category","embeddable":true,"href":"https:\/\/www.aquilaguna.com\/index.php\/wp-json\/wp\/v2\/categories?post=11472"},{"taxonomy":"post_tag","embeddable":true,"href":"https:\/\/www.aquilaguna.com\/index.php\/wp-json\/wp\/v2\/tags?post=11472"}],"curies":[{"name":"wp","href":"https:\/\/api.w.org\/{rel}","templated":true}]}}