{"id":11484,"date":"2022-10-05T18:48:49","date_gmt":"2022-10-05T23:48:49","guid":{"rendered":"https:\/\/www.aquilaguna.com\/?p=11484"},"modified":"2022-10-05T18:48:50","modified_gmt":"2022-10-05T23:48:50","slug":"respalda-gppan-a-exgobernador-de-tamaulipas-ante-persecucion-de-este-gobierno-autoritario","status":"publish","type":"post","link":"https:\/\/www.aquilaguna.com\/index.php\/2022\/10\/05\/respalda-gppan-a-exgobernador-de-tamaulipas-ante-persecucion-de-este-gobierno-autoritario\/","title":{"rendered":"RESPALDA GPPAN A EXGOBERNADOR DE TAMAULIPAS ANTE PERSECUCI\u00d3N DE ESTE GOBIERNO AUTORITARIO."},"content":{"rendered":"\n<p>Las senadoras y los senadores del PAN expresaron su respaldo al ex gobernador de Tamaulipas, Francisco Javier Garc\u00eda Cabeza de Vaca, y reprobaron el ataque ruin y la persecuci\u00f3n pol\u00edtica en su contra por parte de este Gobierno autoritario.<\/p>\n\n\n\n<p>Asimismo, condenaron el uso de las instituciones para cumplir vendettas en lugar de procurar justicia y exigieron detener la judicializaci\u00f3n de la pol\u00edtica.<\/p>\n\n\n\n<p>\u201cReprobamos la persecuci\u00f3n pol\u00edtica contra @fgcabezadevaca. Condenamos que las instituciones que deber\u00edan de procurar justicia, se presten a cumplir vendettas. Respaldamos al exgobernador ante el ataque ruin de este gobierno autoritario. No m\u00e1s judicializaci\u00f3n pol\u00edtica\u201d, publicaron en su cuenta oficial de Twitter.<\/p>\n","protected":false},"excerpt":{"rendered":"<p>Las senadoras y los senadores del PAN expresaron su respaldo al ex gobernador de Tamaulipas, Francisco Javier Garc\u00eda Cabeza de Vaca, y reprobaron el ataque ruin y la persecuci\u00f3n pol\u00edtica en su contra por parte de este Gobierno autoritario. Asimismo, condenaron el uso de las instituciones para cumplir vendettas en lugar de procurar justicia y exigieron detener la judicializaci\u00f3n de la pol\u00edtica. \u201cReprobamos la persecuci\u00f3n pol\u00edtica contra @fgcabezadevaca. Condenamos que&#8230;<\/p>\n","protected":false},"author":1,"featured_media":0,"comment_status":"closed","ping_status":"closed","sticky":false,"template":"","format":"standard","meta":{"footnotes":""},"categories":[17,51],"tags":[],"class_list":["post-11484","post","type-post","status-publish","format-standard","hentry","category-pan","category-senado","wpcat-17-id","wpcat-51-id"],"_links":{"self":[{"href":"https:\/\/www.aquilaguna.com\/index.php\/wp-json\/wp\/v2\/posts\/11484","targetHints":{"allow":["GET"]}}],"collection":[{"href":"https:\/\/www.aquilaguna.com\/index.php\/wp-json\/wp\/v2\/posts"}],"about":[{"href":"https:\/\/www.aquilaguna.com\/index.php\/wp-json\/wp\/v2\/types\/post"}],"author":[{"embeddable":true,"href":"https:\/\/www.aquilaguna.com\/index.php\/wp-json\/wp\/v2\/users\/1"}],"replies":[{"embeddable":true,"href":"https:\/\/www.aquilaguna.com\/index.php\/wp-json\/wp\/v2\/comments?post=11484"}],"version-history":[{"count":1,"href":"https:\/\/www.aquilaguna.com\/index.php\/wp-json\/wp\/v2\/posts\/11484\/revisions"}],"predecessor-version":[{"id":11485,"href":"https:\/\/www.aquilaguna.com\/index.php\/wp-json\/wp\/v2\/posts\/11484\/revisions\/11485"}],"wp:attachment":[{"href":"https:\/\/www.aquilaguna.com\/index.php\/wp-json\/wp\/v2\/media?parent=11484"}],"wp:term":[{"taxonomy":"category","embeddable":true,"href":"https:\/\/www.aquilaguna.com\/index.php\/wp-json\/wp\/v2\/categories?post=11484"},{"taxonomy":"post_tag","embeddable":true,"href":"https:\/\/www.aquilaguna.com\/index.php\/wp-json\/wp\/v2\/tags?post=11484"}],"curies":[{"name":"wp","href":"https:\/\/api.w.org\/{rel}","templated":true}]}}