{"id":11526,"date":"2022-10-07T18:39:46","date_gmt":"2022-10-07T23:39:46","guid":{"rendered":"https:\/\/www.aquilaguna.com\/?p=11526"},"modified":"2022-10-07T18:39:47","modified_gmt":"2022-10-07T23:39:47","slug":"en-gira-de-trabajo-mars-arranca-y-entrega-obras-por-18-mdp-en-la-laguna","status":"publish","type":"post","link":"https:\/\/www.aquilaguna.com\/index.php\/2022\/10\/07\/en-gira-de-trabajo-mars-arranca-y-entrega-obras-por-18-mdp-en-la-laguna\/","title":{"rendered":"EN GIRA DE TRABAJO, MARS ARRANCA Y ENTREGA OBRAS POR 18 MDP EN LA LAGUNA."},"content":{"rendered":"\n<p>\u00b7\u00a0\u00a0\u00a0\u00a0\u00a0\u00a0<strong><em>\u00a0En San Pedro de las Colonias inician trabajos de recarpeteo y pavimentaci\u00f3n, con inversi\u00f3n de 5 mdp.<\/em><\/strong><\/p>\n\n\n\n<p>\u00b7&nbsp;&nbsp;&nbsp;&nbsp;&nbsp;&nbsp;<strong><em>&nbsp;Mil familias tendr\u00e1n certeza jur\u00eddica sobre sus viviendas.<\/em><\/strong><\/p>\n\n\n\n<p>\u00b7&nbsp;&nbsp;&nbsp;&nbsp;&nbsp;&nbsp;<strong><em>&nbsp;Con la perforaci\u00f3n de pozo de agua en el Ejido Nuevo Le\u00f3n, con inversi\u00f3n de m\u00e1s de 13 mdp, se beneficiar\u00e1 a 16 mil habitantes de Francisco I. Madero.<\/em><\/strong><\/p>\n\n\n\n<p>San Pedro de las Colonias, Coahuila de Zaragoza; a 7 de Octubre de 2022.- En gira de trabajo por San Pedro de las Colonias y Francisco I. Madero, el gobernador Miguel \u00c1ngel Riquelme Sol\u00eds arranc\u00f3 y entreg\u00f3 obras de gran beneficio para los habitantes de La Laguna.<\/p>\n\n\n\n<p>El Mandatario estatal estuvo en San Pedro de las Colonias para arrancar, en coordinaci\u00f3n con el alcalde David Ruiz Mej\u00eda, la pavimentaci\u00f3n y recarpeteo en diversas calles del municipio, en donde se aplicar\u00e1n 5 millones de pesos, evento en el que se comprometi\u00f3 adem\u00e1s a hacer una techumbre en la Escuela Primaria \u201cVicente Guerrero\u201d.<\/p>\n\n\n\n<p>Agradeci\u00f3 el esfuerzo conjunto con el Presidente Municipal para el desarrollo de diversas acciones en el Municipio.<\/p>\n\n\n\n<p>Riquelme Sol\u00eds coment\u00f3 que Coahuila es segundo a nivel nacional en materia de seguridad, s\u00f3lo detr\u00e1s de Yucat\u00e1n, y por lo mismo seguir\u00e1 coordin\u00e1ndose con los titulares del Mando Especial de La Laguna y con el Gobierno de Durango para continuar manteniendo tranquilo al estado en sus cinco regiones.<\/p>\n\n\n\n<p>Expres\u00f3 que su Administraci\u00f3n continuar\u00e1 generando empleo para que las y los coahuilenses se queden a trabajar en sus lugares de origen.<\/p>\n\n\n\n<p>Riquelme Sol\u00eds mencion\u00f3 que se trabaja de la mano con los 38 alcaldes y alcaldesas para darle soluci\u00f3n a las principales demandas de la poblaci\u00f3n.<\/p>\n\n\n\n<p>En su intervenci\u00f3n, el alcalde David Ruiz Mej\u00eda dijo que, de la mano con el gobernador, se inician estas labores que van a mejorar las condiciones viales, promueven una mejor conectividad y una renovaci\u00f3n en la imagen urbana para beneficio de las y los sampetrinos.<\/p>\n\n\n\n<p>Las colonias que se beneficiar\u00e1n con estos trabajos son Las Palmas, Agua Nueva, Barrios de Saltillo, Zona Centro, L\u00e1zaro C\u00e1rdenas y Colosio.<\/p>\n\n\n\n<p>Acompa\u00f1aron al gobernador Miguel Riquelme en este evento, adem\u00e1s, Jorge Abdala Serna, diputado local; Jos\u00e9 Luis Flores M\u00e9ndez, Secretario de Desarrollo Rural del Estado; Alejandro Ch\u00e1vez Rosales, regidor del Ayuntamiento Local; funcionarios estatales, municipales y vecinos del sector.<\/p>\n\n\n\n<p><strong>REGULARIZACI\u00d3N DE VIVIENDAS<\/strong><\/p>\n\n\n\n<p>M\u00e1s tarde, el gobernador Miguel Riquelme brind\u00f3 certeza jur\u00eddica de sus viviendas a habitantes de San Pedro, en las colonias Valpara\u00edso y Francisco I. Madero, donde se beneficiar\u00e1n a mil familias.<\/p>\n\n\n\n<p>\u201cHemos luchado a\u00f1os por regularizar estos predios\u201d, coment\u00f3 el Gobernador.<\/p>\n\n\n\n<p>Refiri\u00f3 que cada familia tiene su historia, que su esfuerzo es diferente, y que han pasado miles de tr\u00e1mites que hac\u00edan imposible su escrituraci\u00f3n, pero hoy, por fin, un peque\u00f1o esfuerzo se va a ver redituado que en un corto plazo lleguen a sus hogares con sus papeles.<\/p>\n\n\n\n<p>De manera coordinada, Estado y Municipio ir\u00e1n casa por casa para informar cu\u00e1les son los requisitos de regularizaci\u00f3n, pues lo que se busca es que de manera muy r\u00e1pida se pueda concluir este paso y se d\u00e9 certeza jur\u00eddica a mil hogares o m\u00e1s de 4 mil sampetrinos.<\/p>\n\n\n\n<p>\u201cMi compromiso es terminar con este tr\u00e1mite, darles sus escrituras y seguir trabajando por la seguridad de Coahuila, para que sigan trabajando de manera normal por sus hogares\u201d, expuso Riquelme Sol\u00eds.<\/p>\n\n\n\n<p>Enrique Mart\u00ednez y Morales, Secretario de Vivienda y Ordenamiento Territorial de Coahuila, expres\u00f3 que este es un d\u00eda hist\u00f3rico.<\/p>\n\n\n\n<p>Inform\u00f3 que cada familia de la Colonia Valpara\u00edso habr\u00eda tenido que pagar alrededor de 250 mil pesos, pero gracias al convenio que se firm\u00f3 con FONAPO s\u00f3lo pagar\u00e1n 15 mil, y en parcialidades.<\/p>\n\n\n\n<p>Adem\u00e1s, en la Colonia Francisco I. Madero con s\u00f3lo 3 mil pesos podr\u00e1n obtener su documento.<\/p>\n\n\n\n<p>Adelant\u00f3 que a partir del pr\u00f3ximo martes y hasta el mes de diciembre habr\u00e1 un m\u00f3dulo del programa \u201cMejora Coahuila\u201d, para que en estas colonias puedan realizar sus tr\u00e1mites de escrituraci\u00f3n y de liberaci\u00f3n de sus cartas.<\/p>\n\n\n\n<p>A este evento de entrega de escrituras asistieron Mart\u00edn Salvador P\u00e9rez Vertiz, representante de FONAPO; Jorge Abdala Serna, diputado local; Jos\u00e9 Luis Flores M\u00e9ndez, Secretario de Desarrollo Rural; Ricardo Flavio Aguirre Guti\u00e9rrez, Director de la Comisi\u00f3n Estatal de la Vivienda; y Martha Ram\u00edrez de Lira, de la Colonia Francisco I. Madero.<\/p>\n\n\n\n<p><strong>PERFORACI\u00d3N DE POZO DE AGUA EN FRANCISCO I. MADERO<\/strong><\/p>\n\n\n\n<p>En Francisco I. Madero, m\u00e1s de 16 mil habitantes ser\u00e1n beneficiados con el arranque de la perforaci\u00f3n de un pozo de agua en el Ejido Nuevo Le\u00f3n, en donde se invierten m\u00e1s de 13 millones de pesos.<\/p>\n\n\n\n<p>As\u00ed lo inform\u00f3 el gobernador Miguel Riquelme, al recordar que esta fue una de las principales demandas que le hizo el alcalde Jonathan \u00c1valos Rodr\u00edguez, referente a abastecer de agua a las y los ciudadanos, y este pozo tendr\u00e1 un caudal de 100 litros por segundo.<\/p>\n\n\n\n<p>El Mandatario estatal apoyar\u00e1 para hacer el Centro de Atenci\u00f3n M\u00e9dico, as\u00ed como para pavimentar distintas calles de aquel municipio, peticiones hechas por el Alcalde.<\/p>\n\n\n\n<p>Adem\u00e1s, adelant\u00f3 que pronto se entregar\u00e1 la Presidencia Municipal, obra que est\u00e1 por concluir.<\/p>\n\n\n\n<p>\u201cHoy se inicia una buena obra que muy pronto se entregar\u00e1; son 100 litros por segundo y me da mucho gusto poner en marcha esta acci\u00f3n, que era necesaria en materia de salud. Hago el compromiso de seguir enfrentando los retos con el Ayuntamiento de Francisco I. Madero\u201d, mencion\u00f3 el gobernador Miguel Riquelme.<\/p>\n\n\n\n<p>Por su parte, el alcalde Jonathan \u00c1valos agradeci\u00f3 al Mandatario coahuilense por sacar adelante a la poblaci\u00f3n ante una de las peores sequ\u00edas, al grado de que colonias y ejidos se hab\u00edan quedado sin el vital l\u00edquido.<\/p>\n\n\n\n<p>\u201cEstas acciones son ben\u00e9ficas, con las que buscamos entregar agua sin ars\u00e9nico, y evitar as\u00ed riesgos sanitarios. Hoy aplaudo al se\u00f1or Gobernador, estamos muy contentos de este arranque\u201d, dijo el Presidente Municipal.<\/p>\n\n\n\n<p>Antonio Nerio Maltos, titular de la Comisi\u00f3n Estatal de Aguas y Saneamiento en la entidad, comparti\u00f3 que para poner en marcha este pozo previamente se hizo un estudio geo hidrol\u00f3gico, por lo que se perforar\u00e1 a 400 metros de profundidad para beneficiar a 16 mil habitantes de este municipio, desde la cabecera a los ejidos Jaboncillo, Nuevo Le\u00f3n, Alamito, Compuertas, 20 de Noviembre y El Cuije.<\/p>\n\n\n\n<p>\u201cLa inversi\u00f3n es estatal, con un monto de 13 millones 194 mil pesos y la fecha de conclusi\u00f3n es el 31 de octubre\u201d, detall\u00f3.<\/p>\n\n\n\n<p>Acompa\u00f1aron al Gobernador en este evento, Ra\u00fal Onofre Contreras, diputado local; Enrique Mart\u00ednez y Morales, titular de Vivienda y Ordenamiento Territorial; Mario D\u00edaz Esquivel, Comisariado Ejidal del Ejido Nuevo Le\u00f3n; Artemio D\u00edaz Esquivel, Comisariado Ejidal de Alamito; miembros del Cabildo y funcionarios estatales, as\u00ed como ciudadanos del sector.<\/p>\n","protected":false},"excerpt":{"rendered":"<p>\u00b7\u00a0\u00a0\u00a0\u00a0\u00a0\u00a0\u00a0En San Pedro de las Colonias inician trabajos de recarpeteo y pavimentaci\u00f3n, con inversi\u00f3n de 5 mdp. \u00b7&nbsp;&nbsp;&nbsp;&nbsp;&nbsp;&nbsp;&nbsp;Mil familias tendr\u00e1n certeza jur\u00eddica sobre sus viviendas. \u00b7&nbsp;&nbsp;&nbsp;&nbsp;&nbsp;&nbsp;&nbsp;Con la perforaci\u00f3n de pozo de agua en el Ejido Nuevo Le\u00f3n, con inversi\u00f3n de m\u00e1s de 13 mdp, se beneficiar\u00e1 a 16 mil habitantes de Francisco I. Madero. San Pedro de las Colonias, Coahuila de Zaragoza; a 7 de Octubre de 2022.- En gira&#8230;<\/p>\n","protected":false},"author":1,"featured_media":11527,"comment_status":"closed","ping_status":"closed","sticky":false,"template":"","format":"standard","meta":{"footnotes":""},"categories":[5,15,28,75],"tags":[],"class_list":["post-11526","post","type-post","status-publish","format-standard","has-post-thumbnail","hentry","category-coahuila","category-gobierno-de-coahuila","category-la-laguna","category-obra","wpcat-5-id","wpcat-15-id","wpcat-28-id","wpcat-75-id"],"_links":{"self":[{"href":"https:\/\/www.aquilaguna.com\/index.php\/wp-json\/wp\/v2\/posts\/11526","targetHints":{"allow":["GET"]}}],"collection":[{"href":"https:\/\/www.aquilaguna.com\/index.php\/wp-json\/wp\/v2\/posts"}],"about":[{"href":"https:\/\/www.aquilaguna.com\/index.php\/wp-json\/wp\/v2\/types\/post"}],"author":[{"embeddable":true,"href":"https:\/\/www.aquilaguna.com\/index.php\/wp-json\/wp\/v2\/users\/1"}],"replies":[{"embeddable":true,"href":"https:\/\/www.aquilaguna.com\/index.php\/wp-json\/wp\/v2\/comments?post=11526"}],"version-history":[{"count":1,"href":"https:\/\/www.aquilaguna.com\/index.php\/wp-json\/wp\/v2\/posts\/11526\/revisions"}],"predecessor-version":[{"id":11528,"href":"https:\/\/www.aquilaguna.com\/index.php\/wp-json\/wp\/v2\/posts\/11526\/revisions\/11528"}],"wp:featuredmedia":[{"embeddable":true,"href":"https:\/\/www.aquilaguna.com\/index.php\/wp-json\/wp\/v2\/media\/11527"}],"wp:attachment":[{"href":"https:\/\/www.aquilaguna.com\/index.php\/wp-json\/wp\/v2\/media?parent=11526"}],"wp:term":[{"taxonomy":"category","embeddable":true,"href":"https:\/\/www.aquilaguna.com\/index.php\/wp-json\/wp\/v2\/categories?post=11526"},{"taxonomy":"post_tag","embeddable":true,"href":"https:\/\/www.aquilaguna.com\/index.php\/wp-json\/wp\/v2\/tags?post=11526"}],"curies":[{"name":"wp","href":"https:\/\/api.w.org\/{rel}","templated":true}]}}