{"id":11588,"date":"2022-10-11T18:10:42","date_gmt":"2022-10-11T23:10:42","guid":{"rendered":"https:\/\/www.aquilaguna.com\/?p=11588"},"modified":"2022-10-11T18:10:42","modified_gmt":"2022-10-11T23:10:42","slug":"celebra-coahuila-primera-edicion-de-la-carrera-de-la-nuez-en-parras-de-la-fuente","status":"publish","type":"post","link":"https:\/\/www.aquilaguna.com\/index.php\/2022\/10\/11\/celebra-coahuila-primera-edicion-de-la-carrera-de-la-nuez-en-parras-de-la-fuente\/","title":{"rendered":"CELEBRA COAHUILA PRIMERA EDICI\u00d3N DE LA \u2018CARRERA DE LA NUEZ\u2019, EN PARRAS DE LA FUENTE."},"content":{"rendered":"\n<p>Parras de la Fuente, Coahuila; a 11 de Octubre de 2022.- Este pasado domingo se llev\u00f3 a cabo la primera edici\u00f3n de la 5 y 10k de la Nuez, que se realiz\u00f3 por las calles del Pueblo M\u00e1gico de Parras de la Fuente, justa en la que participaron m\u00e1s de 480 corredores.<\/p>\n\n\n\n<p>En esta justa atl\u00e9tica vieron actividad corredores de Coahuila, Zacatecas, Durango y Nuevo Le\u00f3n.<\/p>\n\n\n\n<p>El disparo de salida se hizo en punto de las 08:30 horas y corri\u00f3 a cargo del Alcalde de este Municipio, Fernando Orozco, quien estuvo acompa\u00f1ado de Hugo Rada, Director del Deporte en Parras, as\u00ed como Heriberto Mac\u00edas, Coordinador del INEDEC en la Regi\u00f3n Sureste.<\/p>\n\n\n\n<p>El contingente sali\u00f3 del sal\u00f3n Los Tajos de Rivero, concluyendo en las instalaciones del Reloj, en el Centro de Parras de la Fuente.<\/p>\n\n\n\n<p>La Carrera de la Nuez se pudo llevar a cabo gracias al apoyo del Municipio, de la mano con el Instituto Estatal del Deporte de Coahuila.<\/p>\n","protected":false},"excerpt":{"rendered":"<p>Parras de la Fuente, Coahuila; a 11 de Octubre de 2022.- Este pasado domingo se llev\u00f3 a cabo la primera edici\u00f3n de la 5 y 10k de la Nuez, que se realiz\u00f3 por las calles del Pueblo M\u00e1gico de Parras de la Fuente, justa en la que participaron m\u00e1s de 480 corredores. En esta justa atl\u00e9tica vieron actividad corredores de Coahuila, Zacatecas, Durango y Nuevo Le\u00f3n. El disparo de salida&#8230;<\/p>\n","protected":false},"author":1,"featured_media":11589,"comment_status":"closed","ping_status":"closed","sticky":false,"template":"","format":"standard","meta":{"footnotes":""},"categories":[5,33,15],"tags":[],"class_list":["post-11588","post","type-post","status-publish","format-standard","has-post-thumbnail","hentry","category-coahuila","category-deporte","category-gobierno-de-coahuila","wpcat-5-id","wpcat-33-id","wpcat-15-id"],"_links":{"self":[{"href":"https:\/\/www.aquilaguna.com\/index.php\/wp-json\/wp\/v2\/posts\/11588","targetHints":{"allow":["GET"]}}],"collection":[{"href":"https:\/\/www.aquilaguna.com\/index.php\/wp-json\/wp\/v2\/posts"}],"about":[{"href":"https:\/\/www.aquilaguna.com\/index.php\/wp-json\/wp\/v2\/types\/post"}],"author":[{"embeddable":true,"href":"https:\/\/www.aquilaguna.com\/index.php\/wp-json\/wp\/v2\/users\/1"}],"replies":[{"embeddable":true,"href":"https:\/\/www.aquilaguna.com\/index.php\/wp-json\/wp\/v2\/comments?post=11588"}],"version-history":[{"count":1,"href":"https:\/\/www.aquilaguna.com\/index.php\/wp-json\/wp\/v2\/posts\/11588\/revisions"}],"predecessor-version":[{"id":11590,"href":"https:\/\/www.aquilaguna.com\/index.php\/wp-json\/wp\/v2\/posts\/11588\/revisions\/11590"}],"wp:featuredmedia":[{"embeddable":true,"href":"https:\/\/www.aquilaguna.com\/index.php\/wp-json\/wp\/v2\/media\/11589"}],"wp:attachment":[{"href":"https:\/\/www.aquilaguna.com\/index.php\/wp-json\/wp\/v2\/media?parent=11588"}],"wp:term":[{"taxonomy":"category","embeddable":true,"href":"https:\/\/www.aquilaguna.com\/index.php\/wp-json\/wp\/v2\/categories?post=11588"},{"taxonomy":"post_tag","embeddable":true,"href":"https:\/\/www.aquilaguna.com\/index.php\/wp-json\/wp\/v2\/tags?post=11588"}],"curies":[{"name":"wp","href":"https:\/\/api.w.org\/{rel}","templated":true}]}}