{"id":116,"date":"2021-02-04T18:10:15","date_gmt":"2021-02-05T00:10:15","guid":{"rendered":"http:\/\/34.69.167.107\/?p=116"},"modified":"2021-02-04T18:10:15","modified_gmt":"2021-02-05T00:10:15","slug":"uadec-ofrece-la-ingenieria-en-tecnologias-de-la-informacion-y-comunicaciones-en-la-facultad-de-sistemas-us","status":"publish","type":"post","link":"https:\/\/www.aquilaguna.com\/index.php\/2021\/02\/04\/uadec-ofrece-la-ingenieria-en-tecnologias-de-la-informacion-y-comunicaciones-en-la-facultad-de-sistemas-us\/","title":{"rendered":"UAdeC Ofrece la Ingenier\u00eda en Tecnolog\u00edas de la Informaci\u00f3n y Comunicaciones en la Facultad de Sistemas US."},"content":{"rendered":"\n<p>SALTILLO, Coahuila; 4 de febrero de 2021.- La Universidad Aut\u00f3noma de Coahuila convoca a quienes cuenten con habilidad y destreza para la soluci\u00f3n de problemas abstractos y razonamiento l\u00f3gico a inscribirse a la Ingenier\u00eda en Tecnolog\u00edas de la Informaci\u00f3n y Comunicaciones que ofrece la Facultad de Sistemas Unidad Saltillo, para el ciclo escolar agosto-diciembre de 2021.\u00a0\u00a0<\/p>\n\n\n\n<p>Los interesados tambi\u00e9n deber\u00e1n tener disciplina y orden en el trabajo, aptitud para organizar y dirigir equipos, capacidad de observaci\u00f3n, constancia y concentraci\u00f3n para estudiar y que conozcan sobre estad\u00edstica, computaci\u00f3n y c\u00e1lculo diferencial.&nbsp;<\/p>\n\n\n\n<p>Durante nueve semestres, el estudiante adquirir\u00e1 conocimientos y desarrollar\u00e1 habilidades a trav\u00e9s de la formaci\u00f3n f\u00edsico-matem\u00e1tica en los campos de la electr\u00f3nica an\u00e1loga y digital, automatizaci\u00f3n, control y telecomunicaciones, adem\u00e1s, contar\u00e1 con las competencias para analizar, modelar y resolver problemas de ingenier\u00eda.&nbsp;<\/p>\n\n\n\n<p>El Ingeniero en TIC podr\u00e1 desempe\u00f1arse de manera independiente en empresas privadas o instituciones del sector p\u00fablico, nacional e internacional, que se avoquen de manera directa al desarrollo de productos y servicios basados en sistemas y tecnolog\u00edas de la informaci\u00f3n y comunicaci\u00f3n en todas sus fases como son: planeaci\u00f3n, dise\u00f1o, desarrollo, supervisi\u00f3n y mantenimiento.&nbsp;<\/p>\n\n\n\n<p>Adem\u00e1s, podr\u00e1 incorporarse a una empresa del \u00e1mbito financiero, gubernamental, manufacturero o de servicios de tecnolog\u00edas de informaci\u00f3n, desempe\u00f1\u00e1ndose inicialmente como especialista de una tecnolog\u00eda para posteriormente liderar proyectos, ser gerente o director de \u00e1rea o especializarse en las soluciones para un sector de la industria.&nbsp;<\/p>\n\n\n\n<p>Su campo de trabajo podr\u00e1 ubicarse en los centros de investigaci\u00f3n y desarrollo, laboratorios y universidades, en donde podr\u00e1 seguir una carrera como investigador a trav\u00e9s de la aplicaci\u00f3n y el desarrollo de modelos te\u00f3ricos para la innovaci\u00f3n de las tecnolog\u00edas de informaci\u00f3n en donde se oriente al desarrollo de sistemas, as\u00ed como a la integraci\u00f3n, operaci\u00f3n y mantenimiento de servicios computacionales.&nbsp;<\/p>\n\n\n\n<p>Las y los interesados en la Ingenier\u00eda en Tecnolog\u00edas de la Informaci\u00f3n y Comunicaciones, podr\u00e1n registrarse y adquirir la ficha para el examen de admisi\u00f3n a partir de la fecha y hasta el 12 de febrero de 2021, a trav\u00e9s de la p\u00e1gina de Admisiones UAdeC&nbsp;<a href=\"http:\/\/www.admisiones.uadec.mx\/\" target=\"_blank\" rel=\"noreferrer noopener\">http:\/\/www.admisiones.uadec.mx\/<\/a>, las cuales ser\u00e1n validadas de manera digital del 15 de febrero al 5 de marzo.&nbsp;&nbsp;<\/p>\n\n\n\n<p>Para m\u00e1s informaci\u00f3n comun\u00edcate al (844) 689 1030, 689 3031 y&nbsp;&nbsp;689 1032, visita la p\u00e1gina&nbsp;<a href=\"http:\/\/www.uadec.mx\/sistemas\/\" target=\"_blank\" rel=\"noreferrer noopener\">http:\/\/www.uadec.mx\/sistemas\/<\/a>&nbsp;o&nbsp;acude a las instalaciones de la Facultad que se encuentran en&nbsp;Ciudad Universitaria Campus Arteaga, ubicada en carretera a M\u00e9xico Km. 13.&nbsp;&nbsp;<\/p>\n","protected":false},"excerpt":{"rendered":"<p>SALTILLO, Coahuila; 4 de febrero de 2021.- La Universidad Aut\u00f3noma de Coahuila convoca a quienes cuenten con habilidad y destreza para la soluci\u00f3n de problemas abstractos y razonamiento l\u00f3gico a inscribirse a la Ingenier\u00eda en Tecnolog\u00edas de la Informaci\u00f3n y Comunicaciones que ofrece la Facultad de Sistemas Unidad Saltillo, para el ciclo escolar agosto-diciembre de 2021.\u00a0\u00a0 Los interesados tambi\u00e9n deber\u00e1n tener disciplina y orden en el trabajo, aptitud para organizar&#8230;<\/p>\n","protected":false},"author":1,"featured_media":117,"comment_status":"closed","ping_status":"","sticky":false,"template":"","format":"standard","meta":{"footnotes":""},"categories":[2],"tags":[],"class_list":["post-116","post","type-post","status-publish","format-standard","has-post-thumbnail","hentry","category-uadec","wpcat-2-id"],"_links":{"self":[{"href":"https:\/\/www.aquilaguna.com\/index.php\/wp-json\/wp\/v2\/posts\/116","targetHints":{"allow":["GET"]}}],"collection":[{"href":"https:\/\/www.aquilaguna.com\/index.php\/wp-json\/wp\/v2\/posts"}],"about":[{"href":"https:\/\/www.aquilaguna.com\/index.php\/wp-json\/wp\/v2\/types\/post"}],"author":[{"embeddable":true,"href":"https:\/\/www.aquilaguna.com\/index.php\/wp-json\/wp\/v2\/users\/1"}],"replies":[{"embeddable":true,"href":"https:\/\/www.aquilaguna.com\/index.php\/wp-json\/wp\/v2\/comments?post=116"}],"version-history":[{"count":1,"href":"https:\/\/www.aquilaguna.com\/index.php\/wp-json\/wp\/v2\/posts\/116\/revisions"}],"predecessor-version":[{"id":118,"href":"https:\/\/www.aquilaguna.com\/index.php\/wp-json\/wp\/v2\/posts\/116\/revisions\/118"}],"wp:featuredmedia":[{"embeddable":true,"href":"https:\/\/www.aquilaguna.com\/index.php\/wp-json\/wp\/v2\/media\/117"}],"wp:attachment":[{"href":"https:\/\/www.aquilaguna.com\/index.php\/wp-json\/wp\/v2\/media?parent=116"}],"wp:term":[{"taxonomy":"category","embeddable":true,"href":"https:\/\/www.aquilaguna.com\/index.php\/wp-json\/wp\/v2\/categories?post=116"},{"taxonomy":"post_tag","embeddable":true,"href":"https:\/\/www.aquilaguna.com\/index.php\/wp-json\/wp\/v2\/tags?post=116"}],"curies":[{"name":"wp","href":"https:\/\/api.w.org\/{rel}","templated":true}]}}