{"id":11648,"date":"2022-10-13T20:05:58","date_gmt":"2022-10-14T01:05:58","guid":{"rendered":"https:\/\/www.aquilaguna.com\/?p=11648"},"modified":"2022-10-13T20:05:59","modified_gmt":"2022-10-14T01:05:59","slug":"manana-cierra-convocatoria-de-pinta-tu-musica-2022","status":"publish","type":"post","link":"https:\/\/www.aquilaguna.com\/index.php\/2022\/10\/13\/manana-cierra-convocatoria-de-pinta-tu-musica-2022\/","title":{"rendered":"Ma\u00f1ana cierra convocatoria de \u201cPinta tu M\u00fasica 2022\u201d."},"content":{"rendered":"\n<p>Torre\u00f3n, Coahuila. A 13 de octubre de 2022.<\/p>\n\n\n\n<p>La estaci\u00f3n cultural Radio Torre\u00f3n, invita a la ciudadan\u00eda interesada en participar<br>en la edici\u00f3n 2022 del concurso \u201cPinta tu m\u00fasica\u201d, a llevar sus obras a las<br>instalaciones de la emisora, ya que el d\u00eda de ma\u00f1ana viernes 14 de octubre, es el<br>\u00faltimo d\u00eda para la recepci\u00f3n de los trabajos.<\/p>\n\n\n\n<p>Benjam\u00edn Mijares Carre\u00f3n, director de la estaci\u00f3n, inform\u00f3 que este concurso abre<br>un espacio a los artistas de la regi\u00f3n para plasmar el sentir que les provoca<br>escuchar los diferentes g\u00e9neros musicales en una pintura.<\/p>\n\n\n\n<p>Mencion\u00f3 que el certamen cuenta con dos categor\u00edas, infantil hasta los 17 a\u00f1os y<br>adultos de 18 a\u00f1os en adelante, y se podr\u00e1n presentar trabajos inspirados en<br>cualquiera de los g\u00e9neros musicales como cl\u00e1sico, instrumental u \u00f3pera, jazz,<br>rock, blues y soul, regional mexicano, norte\u00f1o y banda.<\/p>\n\n\n\n<p>Agreg\u00f3 que la t\u00e9cnica y presentaci\u00f3n de los trabajos son libres, con un tama\u00f1o<br>m\u00ednimo de 40 cent\u00edmetros y m\u00e1ximo de 140 cent\u00edmetros, montados en una<br>superficie r\u00edgida y listos para su exposici\u00f3n.<\/p>\n\n\n\n<p>Se podr\u00e1 presentar un trabajo por cada g\u00e9nero musical, debiendo estar titulados,<br>con seud\u00f3nimo y especificaci\u00f3n del g\u00e9nero plasmado en el trabajo.<\/p>\n\n\n\n<p>El funcionario dijo que anexo a los trabajos, deber\u00e1 entregarse un sobre cerrado<br>con los datos generales de identificaci\u00f3n del participante, tales como, nombre y<br>domicilio completos, correo electr\u00f3nico y n\u00famero de contacto.<\/p>\n\n\n\n<p>Adem\u00e1s de lo anterior, a las personas menores de edad se les solicita, copia de su<br>acta de nacimiento y copia de la credencial del INE del padre, madre o tutor.<\/p>\n\n\n\n<p>Mijares Carre\u00f3n mencion\u00f3 que se premiar\u00e1n los 3 primeros lugares de cada<br>g\u00e9nero musical, a los que se les otorgar\u00e1n los siguientes incentivos, primeros<br>lugares 5 mil pesos; segundos lugares, 3 mil 500 pesos y terceros lugares 2 mil<br>pesos.<\/p>\n\n\n\n<p>Se\u00f1al\u00f3 que la recepci\u00f3n de los trabajos ser\u00e1 hasta el d\u00eda de ma\u00f1ana a las 17:00<br>horas en las instalaciones de Radio Torre\u00f3n, ubicadas en avenida Bravo esquina<br>con calle Gutemberg, en el segundo piso del Centro Cultural Jos\u00e9 R. Mijares.<\/p>\n\n\n\n<p>Finalmente agradeci\u00f3 el patrocinio de Industrias Pe\u00f1oles, Grupo Lala, Secretar\u00eda<br>de Cultura de Coahuila, Instituto Municipal de Cultura y Educaci\u00f3n de Torre\u00f3n<br>(IMCE) e Instituto Tecnol\u00f3gico de La Laguna (ITL) quienes posible la realizaci\u00f3n<br>de una edici\u00f3n m\u00e1s del concurso.<\/p>\n","protected":false},"excerpt":{"rendered":"<p>Torre\u00f3n, Coahuila. A 13 de octubre de 2022. La estaci\u00f3n cultural Radio Torre\u00f3n, invita a la ciudadan\u00eda interesada en participaren la edici\u00f3n 2022 del concurso \u201cPinta tu m\u00fasica\u201d, a llevar sus obras a lasinstalaciones de la emisora, ya que el d\u00eda de ma\u00f1ana viernes 14 de octubre, es el\u00faltimo d\u00eda para la recepci\u00f3n de los trabajos. Benjam\u00edn Mijares Carre\u00f3n, director de la estaci\u00f3n, inform\u00f3 que este concurso abreun espacio a&#8230;<\/p>\n","protected":false},"author":1,"featured_media":11649,"comment_status":"closed","ping_status":"closed","sticky":false,"template":"","format":"standard","meta":{"footnotes":""},"categories":[5,12,28,7],"tags":[],"class_list":["post-11648","post","type-post","status-publish","format-standard","has-post-thumbnail","hentry","category-coahuila","category-cultura","category-la-laguna","category-torreon","wpcat-5-id","wpcat-12-id","wpcat-28-id","wpcat-7-id"],"_links":{"self":[{"href":"https:\/\/www.aquilaguna.com\/index.php\/wp-json\/wp\/v2\/posts\/11648","targetHints":{"allow":["GET"]}}],"collection":[{"href":"https:\/\/www.aquilaguna.com\/index.php\/wp-json\/wp\/v2\/posts"}],"about":[{"href":"https:\/\/www.aquilaguna.com\/index.php\/wp-json\/wp\/v2\/types\/post"}],"author":[{"embeddable":true,"href":"https:\/\/www.aquilaguna.com\/index.php\/wp-json\/wp\/v2\/users\/1"}],"replies":[{"embeddable":true,"href":"https:\/\/www.aquilaguna.com\/index.php\/wp-json\/wp\/v2\/comments?post=11648"}],"version-history":[{"count":1,"href":"https:\/\/www.aquilaguna.com\/index.php\/wp-json\/wp\/v2\/posts\/11648\/revisions"}],"predecessor-version":[{"id":11650,"href":"https:\/\/www.aquilaguna.com\/index.php\/wp-json\/wp\/v2\/posts\/11648\/revisions\/11650"}],"wp:featuredmedia":[{"embeddable":true,"href":"https:\/\/www.aquilaguna.com\/index.php\/wp-json\/wp\/v2\/media\/11649"}],"wp:attachment":[{"href":"https:\/\/www.aquilaguna.com\/index.php\/wp-json\/wp\/v2\/media?parent=11648"}],"wp:term":[{"taxonomy":"category","embeddable":true,"href":"https:\/\/www.aquilaguna.com\/index.php\/wp-json\/wp\/v2\/categories?post=11648"},{"taxonomy":"post_tag","embeddable":true,"href":"https:\/\/www.aquilaguna.com\/index.php\/wp-json\/wp\/v2\/tags?post=11648"}],"curies":[{"name":"wp","href":"https:\/\/api.w.org\/{rel}","templated":true}]}}