{"id":11685,"date":"2022-10-16T19:21:34","date_gmt":"2022-10-17T00:21:34","guid":{"rendered":"https:\/\/www.aquilaguna.com\/?p=11685"},"modified":"2022-10-16T19:21:34","modified_gmt":"2022-10-17T00:21:34","slug":"normalistas-coahuilenses-a-espana","status":"publish","type":"post","link":"https:\/\/www.aquilaguna.com\/index.php\/2022\/10\/16\/normalistas-coahuilenses-a-espana\/","title":{"rendered":"NORMALISTAS COAHUILENSES A ESPA\u00d1A."},"content":{"rendered":"\n<p>Saltillo, Coahuila de Zaragoza; a 16 de Octubre de 2022- A fin de fortalecer la pr\u00e1ctica docente de los estudiantes normalistas, 14 de ellos llevar\u00e1n a cabo una estancia acad\u00e9mica en la Universidad de Murcia, en Espa\u00f1a.<\/p>\n\n\n\n<p>Gracias al Convenio de Colaboraci\u00f3n de Movilidad Internacional, firmado entre la Universidad de Murcia y la Secretar\u00eda de Educaci\u00f3n de Coahuila (SE), en coordinaci\u00f3n con la Coordinaci\u00f3n General de Educaci\u00f3n Normal y Actualizaci\u00f3n Docente (CGENAD), los alumnos obtendr\u00e1n experiencias culturales y pedag\u00f3gicas que enriquecer\u00e1n sus estudios y futuro desarrollo profesional.<\/p>\n\n\n\n<p>El Secretario de Educaci\u00f3n, Francisco Saracho Navarro, los despidi\u00f3 dese\u00e1ndoles la mejor estancia en ese Pa\u00eds.<\/p>\n\n\n\n<p>Sin duda la experiencia de intercambio acad\u00e9mico fortalecer\u00e1 sus competencias docentes a trav\u00e9s de la pr\u00e1ctica en escuelas de educaci\u00f3n b\u00e1sica de esa ciudad, y les permitir\u00e1 consolidar el aprendizaje en el servicio que fortalece el perfil de egreso de las licenciaturas en Educaci\u00f3n.<\/p>\n\n\n\n<p>Los estudiantes pertenecen a las diferentes escuelas Normales del Estado, as\u00ed: 5 son de la Benem\u00e9rita Escuela Normal de Coahuila (BENC); 1 de la Escuela Normal Superior; 2 de la Escuela Normal de Preescolar (ENEP); 2 de la Escuela Normal de Torre\u00f3n; 2 de la Escuela Normal Oficial Dora Madero y 2 de la Escuela Normal Experimental de San Juan de Sabinas.<\/p>\n\n\n\n<p>Las y los alumnos viajar\u00e1n acompa\u00f1ados por el Director de la Escuela Normal Superior, Jos\u00e9 Navarrete Mu\u00f1oz, y dos maestras del proyecto de pr\u00e1ctica profesional de la&nbsp; BENC y de la ENEP.<\/p>\n","protected":false},"excerpt":{"rendered":"<p>Saltillo, Coahuila de Zaragoza; a 16 de Octubre de 2022- A fin de fortalecer la pr\u00e1ctica docente de los estudiantes normalistas, 14 de ellos llevar\u00e1n a cabo una estancia acad\u00e9mica en la Universidad de Murcia, en Espa\u00f1a. Gracias al Convenio de Colaboraci\u00f3n de Movilidad Internacional, firmado entre la Universidad de Murcia y la Secretar\u00eda de Educaci\u00f3n de Coahuila (SE), en coordinaci\u00f3n con la Coordinaci\u00f3n General de Educaci\u00f3n Normal y Actualizaci\u00f3n&#8230;<\/p>\n","protected":false},"author":1,"featured_media":11686,"comment_status":"closed","ping_status":"closed","sticky":false,"template":"","format":"standard","meta":{"footnotes":""},"categories":[5,9,15],"tags":[],"class_list":["post-11685","post","type-post","status-publish","format-standard","has-post-thumbnail","hentry","category-coahuila","category-educacion","category-gobierno-de-coahuila","wpcat-5-id","wpcat-9-id","wpcat-15-id"],"_links":{"self":[{"href":"https:\/\/www.aquilaguna.com\/index.php\/wp-json\/wp\/v2\/posts\/11685","targetHints":{"allow":["GET"]}}],"collection":[{"href":"https:\/\/www.aquilaguna.com\/index.php\/wp-json\/wp\/v2\/posts"}],"about":[{"href":"https:\/\/www.aquilaguna.com\/index.php\/wp-json\/wp\/v2\/types\/post"}],"author":[{"embeddable":true,"href":"https:\/\/www.aquilaguna.com\/index.php\/wp-json\/wp\/v2\/users\/1"}],"replies":[{"embeddable":true,"href":"https:\/\/www.aquilaguna.com\/index.php\/wp-json\/wp\/v2\/comments?post=11685"}],"version-history":[{"count":1,"href":"https:\/\/www.aquilaguna.com\/index.php\/wp-json\/wp\/v2\/posts\/11685\/revisions"}],"predecessor-version":[{"id":11687,"href":"https:\/\/www.aquilaguna.com\/index.php\/wp-json\/wp\/v2\/posts\/11685\/revisions\/11687"}],"wp:featuredmedia":[{"embeddable":true,"href":"https:\/\/www.aquilaguna.com\/index.php\/wp-json\/wp\/v2\/media\/11686"}],"wp:attachment":[{"href":"https:\/\/www.aquilaguna.com\/index.php\/wp-json\/wp\/v2\/media?parent=11685"}],"wp:term":[{"taxonomy":"category","embeddable":true,"href":"https:\/\/www.aquilaguna.com\/index.php\/wp-json\/wp\/v2\/categories?post=11685"},{"taxonomy":"post_tag","embeddable":true,"href":"https:\/\/www.aquilaguna.com\/index.php\/wp-json\/wp\/v2\/tags?post=11685"}],"curies":[{"name":"wp","href":"https:\/\/api.w.org\/{rel}","templated":true}]}}