{"id":11723,"date":"2022-10-18T14:44:44","date_gmt":"2022-10-18T19:44:44","guid":{"rendered":"https:\/\/www.aquilaguna.com\/?p=11723"},"modified":"2022-10-18T14:44:45","modified_gmt":"2022-10-18T19:44:45","slug":"convocan-a-participar-en-la-feria-de-empleo-uadec-vinculando-oportunidades-practicas-y-enlace-laboral","status":"publish","type":"post","link":"https:\/\/www.aquilaguna.com\/index.php\/2022\/10\/18\/convocan-a-participar-en-la-feria-de-empleo-uadec-vinculando-oportunidades-practicas-y-enlace-laboral\/","title":{"rendered":"Convocan a Participar en la Feria de Empleo UAdeC \u201cVinculando Oportunidades\u201d Pr\u00e1cticas y Enlace Laboral."},"content":{"rendered":"\n<p>SALTILLO, Coahuila. 18 de octubre de 2022.- La Coordinaci\u00f3n General de<br>Vinculaci\u00f3n e Innovaci\u00f3n Productiva de la Universidad Aut\u00f3noma de Coahuila<br>convoca a alumnos y egresados de la instituci\u00f3n, as\u00ed como al p\u00fablico en general a<br>participar en la Feria de Empleo UAdeC \u201cVinculando Oportunidades\u201d Pr\u00e1cticas y<br>Enlace Laboral, que se llevar\u00e1 a cabo el 26 de octubre de 2022 en la Sala de<br>Seminarios \u201cEmilio J. Talam\u00e1s\u201d en Unidad Camporredondo de 10:00 a 14:00<br>horas.<\/p>\n\n\n\n<p>El objetivo del evento es reunir para la comunidad estudiantil oportunidades de<br>pr\u00e1ctica profesional, as\u00ed como, oportunidades laborales para los egresados a nivel<br>profesional de la m\u00e1xima casa de estudios, vinculando al mercado laboral<br>regional, nacional e internacional a trav\u00e9s de una jornada de contacto directo con<br>las empresas y organizaciones invitadas.<\/p>\n\n\n\n<p>Los interesados en participar deber\u00e1n de registrarse en el siguiente enlace<br><a href=\"http:\/\/www.practicas.uadec.mx\/eventos\/\" target=\"_blank\" rel=\"noreferrer noopener\">http:\/\/www.practicas.uadec.mx\/eventos\/<\/a> en donde se encuentran dos categor\u00edas,<br>una de ellas es ser estudiante, quienes elijan esta opci\u00f3n solo deber\u00e1n de<br>proporcionar su matr\u00edcula, WhatsApp y correo electr\u00f3nico o en caso de ser<br>externos elegir la que est\u00e1 nombrada como general y proporcionar los datos que<br>se solicitan.<\/p>\n\n\n\n<p>Durante la jornada se llevar\u00e1 a cabo la recepci\u00f3n de curr\u00edculums y micro<br>entrevistas en mesas de trabajo con el sector empresarial y social de la regi\u00f3n,<br>que ofertan posiciones de oportunidad laboral y de pr\u00e1ctica profesional, el d\u00eda del<br>evento los aspirantes deber\u00e1n contar con su curr\u00edculum actualizado.<\/p>\n\n\n\n<p>En la Feria se contar\u00e1 con la participaci\u00f3n de 25 empresas; para m\u00e1s informaci\u00f3n<br>comunicarse con la Lic. Olga C. Maldonado M. al correo electr\u00f3nico<br>olgam@uadec.edu.mx, llamar a los tel\u00e9fonos (844) 841 6557 y (844) 410 1543 o<br>bien visitar la p\u00e1gina de Facebook Coordinaci\u00f3n General de Vinculaci\u00f3n e<br>Innovaci\u00f3n \u2013 UAdeC @vincula.uadec.<\/p>\n","protected":false},"excerpt":{"rendered":"<p>SALTILLO, Coahuila. 18 de octubre de 2022.- La Coordinaci\u00f3n General deVinculaci\u00f3n e Innovaci\u00f3n Productiva de la Universidad Aut\u00f3noma de Coahuilaconvoca a alumnos y egresados de la instituci\u00f3n, as\u00ed como al p\u00fablico en general aparticipar en la Feria de Empleo UAdeC \u201cVinculando Oportunidades\u201d Pr\u00e1cticas yEnlace Laboral, que se llevar\u00e1 a cabo el 26 de octubre de 2022 en la Sala deSeminarios \u201cEmilio J. Talam\u00e1s\u201d en Unidad Camporredondo de 10:00 a 14:00horas&#8230;.<\/p>\n","protected":false},"author":1,"featured_media":11724,"comment_status":"closed","ping_status":"closed","sticky":false,"template":"","format":"standard","meta":{"footnotes":""},"categories":[2],"tags":[],"class_list":["post-11723","post","type-post","status-publish","format-standard","has-post-thumbnail","hentry","category-uadec","wpcat-2-id"],"_links":{"self":[{"href":"https:\/\/www.aquilaguna.com\/index.php\/wp-json\/wp\/v2\/posts\/11723","targetHints":{"allow":["GET"]}}],"collection":[{"href":"https:\/\/www.aquilaguna.com\/index.php\/wp-json\/wp\/v2\/posts"}],"about":[{"href":"https:\/\/www.aquilaguna.com\/index.php\/wp-json\/wp\/v2\/types\/post"}],"author":[{"embeddable":true,"href":"https:\/\/www.aquilaguna.com\/index.php\/wp-json\/wp\/v2\/users\/1"}],"replies":[{"embeddable":true,"href":"https:\/\/www.aquilaguna.com\/index.php\/wp-json\/wp\/v2\/comments?post=11723"}],"version-history":[{"count":1,"href":"https:\/\/www.aquilaguna.com\/index.php\/wp-json\/wp\/v2\/posts\/11723\/revisions"}],"predecessor-version":[{"id":11725,"href":"https:\/\/www.aquilaguna.com\/index.php\/wp-json\/wp\/v2\/posts\/11723\/revisions\/11725"}],"wp:featuredmedia":[{"embeddable":true,"href":"https:\/\/www.aquilaguna.com\/index.php\/wp-json\/wp\/v2\/media\/11724"}],"wp:attachment":[{"href":"https:\/\/www.aquilaguna.com\/index.php\/wp-json\/wp\/v2\/media?parent=11723"}],"wp:term":[{"taxonomy":"category","embeddable":true,"href":"https:\/\/www.aquilaguna.com\/index.php\/wp-json\/wp\/v2\/categories?post=11723"},{"taxonomy":"post_tag","embeddable":true,"href":"https:\/\/www.aquilaguna.com\/index.php\/wp-json\/wp\/v2\/tags?post=11723"}],"curies":[{"name":"wp","href":"https:\/\/api.w.org\/{rel}","templated":true}]}}