{"id":11747,"date":"2022-10-19T18:44:15","date_gmt":"2022-10-19T23:44:15","guid":{"rendered":"https:\/\/www.aquilaguna.com\/?p=11747"},"modified":"2022-10-19T18:44:16","modified_gmt":"2022-10-19T23:44:16","slug":"styps-invita-a-feria-del-empleo-para-la-inclusion-laboral","status":"publish","type":"post","link":"https:\/\/www.aquilaguna.com\/index.php\/2022\/10\/19\/styps-invita-a-feria-del-empleo-para-la-inclusion-laboral\/","title":{"rendered":"STYPS INVITA A FERIA DEL EMPLEO PARA LA INCLUSI\u00d3N LABORAL."},"content":{"rendered":"\n<p>Comarca Lagunera.- La Secretar\u00eda del Trabajo y Previsi\u00f3n Social, junto con el<br>Servicio Nacional del Empleo y el municipio de G\u00f3mez Palacio invitan a la Feria<br>del Empleo para la Inclusi\u00f3n Laboral, la cual est\u00e1 dirigida a personas con<br>discapacidad, adultos mayores y migrantes que se llevar\u00e1 a cabo el pr\u00f3ximo<br>martes 25 de octubre.<\/p>\n\n\n\n<p>La Secretaria del Trabajo y Previsi\u00f3n Social, Cindy Viridiana Gonz\u00e1lez Murillo<br>destac\u00f3 que estas acciones son posibles gracias al inter\u00e9s del gobernador del<br>Estado de Durango, Esteban Villegas Villarreal quien busca mejorar las<br>condiciones de vida de todos los duranguenses y la reactivaci\u00f3n de la econom\u00eda,<br>para impulsar el desarrollo de la entidad.<\/p>\n\n\n\n<p>El evento tendr\u00e1 lugar en las instalaciones de la ExpoFeria de G\u00f3mez Palacio,<br>ubicada en Blvd. Ej\u00e9rcito Mexicano Km 2.5, a la altura del Fraccionamiento La<br>Feria, y participar\u00e1n 30 empresas, quienes pondr\u00e1n sobre la mesa 450 vacantes.<br>Se invita a los habitantes de la regi\u00f3n Laguna de Durango que tengan desde los<br>18 hasta los 65 a\u00f1os. Las empresas participantes ofrecer\u00e1n sueldos que oscilan<br>entre los 6 mil y 18 mil pesos mensuales.<\/p>\n\n\n\n<p>La oferta de empleo es amplia y requiere perfiles acad\u00e9micos como: Primaria,<br>secundaria, preparatoria, carrera trunca, licenciatura en administraci\u00f3n o afines,<br>ingenier\u00eda industrial, entre otros.<\/p>\n\n\n\n<p>Algunas de las vacantes que se ofertar\u00e1n son: Atenci\u00f3n al p\u00fablico, t\u00e9cnico en<br>mantenimiento, subgerente de tienda, almacenista, cajera, chofer, soldador,<br>recepcionista, enfermera, mec\u00e1nico, gerente de calidad, etc.<\/p>\n\n\n\n<p>Las empresas que participar\u00e1n en esta Feria del Empleo son: Pollo, Feliz, City<br>Club, Cinepolis, Merromex, Lala, Alsuper, Henniges, entre otros.<\/p>\n\n\n\n<p>Se recomienda a los interesados en participar que se registren previo al d\u00eda de la<br>feria en el enlace: <a href=\"https:\/\/ferias.empleo.gob.mx\" target=\"_blank\" rel=\"noreferrer noopener\">https:\/\/ferias.empleo.gob.mx<\/a><\/p>\n","protected":false},"excerpt":{"rendered":"<p>Comarca Lagunera.- La Secretar\u00eda del Trabajo y Previsi\u00f3n Social, junto con elServicio Nacional del Empleo y el municipio de G\u00f3mez Palacio invitan a la Feriadel Empleo para la Inclusi\u00f3n Laboral, la cual est\u00e1 dirigida a personas condiscapacidad, adultos mayores y migrantes que se llevar\u00e1 a cabo el pr\u00f3ximomartes 25 de octubre. La Secretaria del Trabajo y Previsi\u00f3n Social, Cindy Viridiana Gonz\u00e1lez Murillodestac\u00f3 que estas acciones son posibles gracias al inter\u00e9s&#8230;<\/p>\n","protected":false},"author":1,"featured_media":11748,"comment_status":"closed","ping_status":"closed","sticky":false,"template":"","format":"standard","meta":{"footnotes":""},"categories":[40,43,64,63,28],"tags":[],"class_list":["post-11747","post","type-post","status-publish","format-standard","has-post-thumbnail","hentry","category-durango","category-empleo","category-gobierno-de-durango","category-gomez-palacio","category-la-laguna","wpcat-40-id","wpcat-43-id","wpcat-64-id","wpcat-63-id","wpcat-28-id"],"_links":{"self":[{"href":"https:\/\/www.aquilaguna.com\/index.php\/wp-json\/wp\/v2\/posts\/11747","targetHints":{"allow":["GET"]}}],"collection":[{"href":"https:\/\/www.aquilaguna.com\/index.php\/wp-json\/wp\/v2\/posts"}],"about":[{"href":"https:\/\/www.aquilaguna.com\/index.php\/wp-json\/wp\/v2\/types\/post"}],"author":[{"embeddable":true,"href":"https:\/\/www.aquilaguna.com\/index.php\/wp-json\/wp\/v2\/users\/1"}],"replies":[{"embeddable":true,"href":"https:\/\/www.aquilaguna.com\/index.php\/wp-json\/wp\/v2\/comments?post=11747"}],"version-history":[{"count":1,"href":"https:\/\/www.aquilaguna.com\/index.php\/wp-json\/wp\/v2\/posts\/11747\/revisions"}],"predecessor-version":[{"id":11749,"href":"https:\/\/www.aquilaguna.com\/index.php\/wp-json\/wp\/v2\/posts\/11747\/revisions\/11749"}],"wp:featuredmedia":[{"embeddable":true,"href":"https:\/\/www.aquilaguna.com\/index.php\/wp-json\/wp\/v2\/media\/11748"}],"wp:attachment":[{"href":"https:\/\/www.aquilaguna.com\/index.php\/wp-json\/wp\/v2\/media?parent=11747"}],"wp:term":[{"taxonomy":"category","embeddable":true,"href":"https:\/\/www.aquilaguna.com\/index.php\/wp-json\/wp\/v2\/categories?post=11747"},{"taxonomy":"post_tag","embeddable":true,"href":"https:\/\/www.aquilaguna.com\/index.php\/wp-json\/wp\/v2\/tags?post=11747"}],"curies":[{"name":"wp","href":"https:\/\/api.w.org\/{rel}","templated":true}]}}