{"id":11815,"date":"2022-10-21T19:47:11","date_gmt":"2022-10-22T00:47:11","guid":{"rendered":"https:\/\/www.aquilaguna.com\/?p=11815"},"modified":"2022-10-21T19:47:11","modified_gmt":"2022-10-22T00:47:11","slug":"se-llevo-a-cabo-en-la-uadec-el-encuentro-entre-universitarios-y-la-embajada-de-estados-unidos-de-america","status":"publish","type":"post","link":"https:\/\/www.aquilaguna.com\/index.php\/2022\/10\/21\/se-llevo-a-cabo-en-la-uadec-el-encuentro-entre-universitarios-y-la-embajada-de-estados-unidos-de-america\/","title":{"rendered":"Se Llev\u00f3 a cabo en la UAdeC el Encuentro entre Universitarios y la Embajada de Estados Unidos de Am\u00e9rica."},"content":{"rendered":"\n<p>SALTILLO, Coahuila. 21 de octubre de 2022.- El embajador de los Estados Unidos<br>de Am\u00e9rica en M\u00e9xico, Ken Salazar sostuvo una reuni\u00f3n con alumnos de las<br>Facultades de Medicina, Sistemas, Ingenier\u00eda, Econom\u00eda y Jurisprudencia, de la<br>Universidad Aut\u00f3noma de Coahuila, con el objetivo de realizar un intercambio de<br>ideas entre ambas partes.<\/p>\n\n\n\n<p>La convivencia se llev\u00f3 a cabo en la Sala de Seminarios \u201cEmilio J. Talam\u00e1s\u201d, con<br>la asistencia del rector de la m\u00e1xima casa de estudios, Salvador Hern\u00e1ndez V\u00e9lez,<br>el coordinador general de Relaciones Internacionales, Juan Manuel Morales<br>Santoyo, los directores de las Facultades antes mencionadas, funcionarios de la<br>administraci\u00f3n central y el equipo de trabajo del embajador Ken Salazar.<\/p>\n\n\n\n<p>En su mensaje el rector Salvador Hern\u00e1ndez V\u00e9lez agradeci\u00f3 al embajador de los<br>Estados Unidos de Am\u00e9rica en M\u00e9xico, Ken Salazar por asistir a la Universidad<br>Aut\u00f3noma de Coahuila y compartir un intercambio de ideas con los alumnos de la<br>instituci\u00f3n a la vez que Embajador expres\u00f3 el gusto de visitar la UAdeC y platicar<br>con los universitarios.<\/p>\n\n\n\n<p>Posteriormente se desarroll\u00f3 una sesi\u00f3n de preguntas y respuestas, durante la<br>cual el Embajador resolvi\u00f3 dudas de los estudiantes, quienes realizaron<br>cuestionamientos sobre la relaci\u00f3n entre M\u00e9xico y Estados Unidos en el comercio,<br>servicios de salud, Reforma El\u00e9ctrica, pol\u00edtica, desaf\u00edos de la educaci\u00f3n superior<br>en M\u00e9xico para competir en empresas internacionales, estrategias en el tema de<br>visas de trabajo y soberan\u00eda de Estados Unidos y M\u00e9xico.<\/p>\n\n\n\n<p>Adem\u00e1s, crimen organizado, protocolos de investigaci\u00f3n en la gen\u00e9tica y<br>farmacolog\u00eda, cursos de preparaci\u00f3n en universidades de Estados Unidos para la<br>realizaci\u00f3n de examen de residencias m\u00e9dicas, preparaci\u00f3n de los estudiantes en<br>el \u00e1mbito global, plan de acci\u00f3n para evitar el tr\u00e1fico de armas que afecta a M\u00e9xico<br>y Estados Unidos y el reto en el \u00e1mbito industrial en el T-MEC.<\/p>\n\n\n\n<p>El embajador Ken Salazar dijo que el T-MEC es un marco durable y legal con el<br>que se brindan oportunidades grandes en la econom\u00eda entre M\u00e9xico, Estados<br>Unidos y Canad\u00e1 y se\u00f1al\u00f3 que en el futuro se tendr\u00eda integraci\u00f3n en tema de<br>salud, ya que el avance en cada \u00e1mbito es diferente.<\/p>\n\n\n\n<p>As\u00ed mismo, hizo \u00e9nfasis en que se trabaja en conjunto en el tema de seguridad y<br>violencia, pues si M\u00e9xico tiene un problema de esa \u00edndole, Estados Unidos<br>tambi\u00e9n y viceversa, por lo que se cuenta con l\u00edneas de acci\u00f3n en el tema de<br>tr\u00e1fico de armas y destac\u00f3 que M\u00e9xico y Estados Unidos son dos naciones<br>fuertes.<\/p>\n\n\n\n<p>Agreg\u00f3 que existen muchas oportunidades y se\u00f1al\u00f3 que se tiene inter\u00e9s en que<br>los universitarios se integren a trabajar en la embajada, pues si se busca alcanzar<br>un sue\u00f1o, es posible si se pone empe\u00f1o.<\/p>\n\n\n\n<p>Ken Salazar naci\u00f3 el 2 de marzo de 1955 en la ciudad de Alamosa, en el estado<br>de Colorado, en 1998, fue electo como fiscal general de Colorado y se convirti\u00f3 en<br>el primer latino en ser electo para un cargo estatal en ese estado, fue reelegido<br>como fiscal general en 2002, y en 2004 fue electo para el Senado de los Estados<br>Unidos por Colorado, convirti\u00e9ndose en el primer dem\u00f3crata latino en ser elegido<br>para el Senado de los Estados Unidos desde 1972.<\/p>\n\n\n\n<p>En 2009, el presidente Obama design\u00f3 a Salazar para desempe\u00f1arse como<br>secretario del interior, donde jug\u00f3 un papel importante en la agenda de Obama-<br>Biden en materia de energ\u00eda, clima y en la agenda de conservaci\u00f3n nacional, la<br>cual incluye los espacios abiertos y el territorio indio y ha sido un luchador<br>incansable por los derechos civiles y por la inclusi\u00f3n de los latinos en el sue\u00f1o<br>americano.<\/p>\n\n\n\n<p>Ken Salazar jur\u00f3 como embajador de los Estados Unidos en M\u00e9xico el 2 de<br>septiembre de 2021, cabe mencionar que ha sido admitido a la abogac\u00eda en cortes<br>federales y estatales, incluyendo la Suprema Corte de los Estados Unidos.<\/p>\n","protected":false},"excerpt":{"rendered":"<p>SALTILLO, Coahuila. 21 de octubre de 2022.- El embajador de los Estados Unidosde Am\u00e9rica en M\u00e9xico, Ken Salazar sostuvo una reuni\u00f3n con alumnos de lasFacultades de Medicina, Sistemas, Ingenier\u00eda, Econom\u00eda y Jurisprudencia, de laUniversidad Aut\u00f3noma de Coahuila, con el objetivo de realizar un intercambio deideas entre ambas partes. La convivencia se llev\u00f3 a cabo en la Sala de Seminarios \u201cEmilio J. Talam\u00e1s\u201d, conla asistencia del rector de la m\u00e1xima casa&#8230;<\/p>\n","protected":false},"author":1,"featured_media":11816,"comment_status":"closed","ping_status":"closed","sticky":false,"template":"","format":"standard","meta":{"footnotes":""},"categories":[2],"tags":[],"class_list":["post-11815","post","type-post","status-publish","format-standard","has-post-thumbnail","hentry","category-uadec","wpcat-2-id"],"_links":{"self":[{"href":"https:\/\/www.aquilaguna.com\/index.php\/wp-json\/wp\/v2\/posts\/11815","targetHints":{"allow":["GET"]}}],"collection":[{"href":"https:\/\/www.aquilaguna.com\/index.php\/wp-json\/wp\/v2\/posts"}],"about":[{"href":"https:\/\/www.aquilaguna.com\/index.php\/wp-json\/wp\/v2\/types\/post"}],"author":[{"embeddable":true,"href":"https:\/\/www.aquilaguna.com\/index.php\/wp-json\/wp\/v2\/users\/1"}],"replies":[{"embeddable":true,"href":"https:\/\/www.aquilaguna.com\/index.php\/wp-json\/wp\/v2\/comments?post=11815"}],"version-history":[{"count":1,"href":"https:\/\/www.aquilaguna.com\/index.php\/wp-json\/wp\/v2\/posts\/11815\/revisions"}],"predecessor-version":[{"id":11817,"href":"https:\/\/www.aquilaguna.com\/index.php\/wp-json\/wp\/v2\/posts\/11815\/revisions\/11817"}],"wp:featuredmedia":[{"embeddable":true,"href":"https:\/\/www.aquilaguna.com\/index.php\/wp-json\/wp\/v2\/media\/11816"}],"wp:attachment":[{"href":"https:\/\/www.aquilaguna.com\/index.php\/wp-json\/wp\/v2\/media?parent=11815"}],"wp:term":[{"taxonomy":"category","embeddable":true,"href":"https:\/\/www.aquilaguna.com\/index.php\/wp-json\/wp\/v2\/categories?post=11815"},{"taxonomy":"post_tag","embeddable":true,"href":"https:\/\/www.aquilaguna.com\/index.php\/wp-json\/wp\/v2\/tags?post=11815"}],"curies":[{"name":"wp","href":"https:\/\/api.w.org\/{rel}","templated":true}]}}