{"id":11827,"date":"2022-10-21T19:54:02","date_gmt":"2022-10-22T00:54:02","guid":{"rendered":"https:\/\/www.aquilaguna.com\/?p=11827"},"modified":"2022-10-21T19:54:03","modified_gmt":"2022-10-22T00:54:03","slug":"toma-protesta-mars-al-comite-ejecutivo-seccional-87-del-sntsa","status":"publish","type":"post","link":"https:\/\/www.aquilaguna.com\/index.php\/2022\/10\/21\/toma-protesta-mars-al-comite-ejecutivo-seccional-87-del-sntsa\/","title":{"rendered":"TOMA PROTESTA MARS AL COMIT\u00c9 EJECUTIVO SECCIONAL 87 DEL SNTSA."},"content":{"rendered":"\n<ul class=\"wp-block-list\"><li>\u201cEnhorabuena por toda su labor, que esto signifique un mayor sindicalismo en favor de todas y todos\u201d: MARS al tomar protesta<\/li><\/ul>\n\n\n\n<p>Torre\u00f3n, Coahuila de Zaragoza; a 21 de Octubre de 2022.- El gobernador Miguel \u00c1ngel Riquelme Sol\u00eds tom\u00f3 protesta al Comit\u00e9 Ejecutivo Seccional del Sindicato Nacional de Trabajadores de la Salud (SNTS) secci\u00f3n 87, que estar\u00e1 vigente del 2022 al 2026.<\/p>\n\n\n\n<p>El Mandatario estatal se dijo honrado de asistir, en el marco de una fecha muy especial a tomar protesta y convivir con los integrantes del sindicato del sector salud, a donde se dio cita con el Alcalde Rom\u00e1n Cepeda y con quien, en conjunto, se rif\u00f3 un autom\u00f3vil.<\/p>\n\n\n\n<p>\u201cUn gusto estar aqu\u00ed, con el sector salud, con quienes se la jugaron decididamente por las y los coahuilenses, en una de las peores \u00e9pocas que pasamos como la pandemia, ustedes fueron los protagonistas.<\/p>\n\n\n\n<p>Hoy podemos celebrar, pero sobretodo, reflexionar, pues no s\u00f3lo venimos a acompa\u00f1arlos, sino a agradecerles todo su trabajo\u201d.<\/p>\n\n\n\n<p>Hizo un reconocimiento especial a Jos\u00e9 Manuel Riveroll Duarte, a quien le tom\u00f3 protesta y con quien a enfrentado diversos retos, uno de ellos la pandemia, donde la entidad supo la realidad a la que se enfrentaba en el tema de infraestructura; uno m\u00e1s a trabajar en equipo, al tiempo que hizo alusi\u00f3n a quienes \u201cno se encuentran con nosotros, pues hasta el inicio de la aplicaci\u00f3n de la vacuna, empezamos a disminuir los contagios\u201d.<\/p>\n\n\n\n<p>Celebramos, dijo, a los trabajadores de la salud, la respuesta coordinada de nuestras instituciones, aqu\u00ed en el Subcomit\u00e9 T\u00e9cnico Regional de Salud, tomamos muchas decisiones, describi\u00f3, y hoy se est\u00e1 al cien por ciento en la reactivaci\u00f3n.<\/p>\n\n\n\n<p>Se hizo frente a un virus invisible del que todav\u00eda se espera el periodo de inmunidad , que la gente se aplique los refuerzos y aun existe un tramo largo por recorrer, por lo que insisti\u00f3 en agradecer a quienes estuvieron al frente de la l\u00ednea de batalla, a quienes cubrieron a otros, a los que est\u00e1n el administraci\u00f3n para que nada faltara para los ciudadanos de la entidad.<\/p>\n\n\n\n<p>\u201cReconozco a cada uno de los liderazgos que imprimen, respeto y amor a su trabajo, siempre estar\u00e9 de lado de la base trabajadora; pues hay muchas cosas que se prometieron y no se cumpli\u00f3, como fue la basificaci\u00f3n\u201d, esto del gobierno federal, empero, con gratitud y aprecio hoy les hace ver que como administraci\u00f3n estatal estar\u00e1 con ellos.<\/p>\n\n\n\n<p>Uno m\u00e1s que intervino en este programa fue Jos\u00e9 Manuel Riveroll Duarte, Secretario General del SNTS Secci\u00f3n 87 para agradecer al gobernador Miguel \u00c1ngel Riquelme Sol\u00eds su presencia.<\/p>\n\n\n\n<p>Hizo un recuento de cuando libremente los integrantes del SNTE decidieron a quien los representar\u00e1, \u201ca nombre de todos mis representados le agradecemos su respaldo a lo largo de los m\u00e1s de dos a\u00f1os de pandemia\u201d.<\/p>\n\n\n\n<p>Incluso record\u00f3, a manera de homenaje, a quienes perdieron la vida en el cumplimiento de su deber como trabajadores de la salud y el p\u00fablico se uni\u00f3 con un caluroso aplauso.<\/p>\n\n\n\n<p>En su momento, Rom\u00e1n Cepeda Gonz\u00e1lez, Alcalde de Torre\u00f3n felicit\u00f3 a los que hoy toman protesta, as\u00ed como por el D\u00eda del M\u00e9dico.<\/p>\n\n\n\n<p>Record\u00f3 cuando estuvo a cargo del Subcomit\u00e9 T\u00e9cnico Regional Covid-19, pues le toc\u00f3 ver a las y los presentes luchar en la pandemia, por tener a las y los torreonenses con mejor salud, \u201ctengan la seguridad que tienen un gran representante que hoy me honra compartir como el Doctor Manuel Riveroll, as\u00ed como lo hemos hecho con el gobernador Miguel Riquelme, con el que hemos compartido diversos retos\u201d.<\/p>\n\n\n\n<p>Dijo, sigamos trabajando juntos por Torre\u00f3n, Coahuila y M\u00e9xico, al tiempo que reiter\u00f3 su felicitaci\u00f3n a los todos los asistentes.<\/p>\n\n\n\n<p>Hasta el Centro de Convenciones de Torre\u00f3n se dio cita: Roberto Bernal G\u00f3mez, Secretario de Salud; David Favela Berumen, Secretario de Organizaci\u00f3n del SNTS secci\u00f3n 87 y Roc\u00edo Quiroz Flores, Jefa de la Jurisdicci\u00f3n Sanitaria VI, entre otros.<\/p>\n","protected":false},"excerpt":{"rendered":"<p>\u201cEnhorabuena por toda su labor, que esto signifique un mayor sindicalismo en favor de todas y todos\u201d: MARS al tomar protesta Torre\u00f3n, Coahuila de Zaragoza; a 21 de Octubre de 2022.- El gobernador Miguel \u00c1ngel Riquelme Sol\u00eds tom\u00f3 protesta al Comit\u00e9 Ejecutivo Seccional del Sindicato Nacional de Trabajadores de la Salud (SNTS) secci\u00f3n 87, que estar\u00e1 vigente del 2022 al 2026. El Mandatario estatal se dijo honrado de asistir, en&#8230;<\/p>\n","protected":false},"author":1,"featured_media":0,"comment_status":"closed","ping_status":"closed","sticky":false,"template":"","format":"standard","meta":{"footnotes":""},"categories":[5,15,14],"tags":[],"class_list":["post-11827","post","type-post","status-publish","format-standard","hentry","category-coahuila","category-gobierno-de-coahuila","category-salud","wpcat-5-id","wpcat-15-id","wpcat-14-id"],"_links":{"self":[{"href":"https:\/\/www.aquilaguna.com\/index.php\/wp-json\/wp\/v2\/posts\/11827","targetHints":{"allow":["GET"]}}],"collection":[{"href":"https:\/\/www.aquilaguna.com\/index.php\/wp-json\/wp\/v2\/posts"}],"about":[{"href":"https:\/\/www.aquilaguna.com\/index.php\/wp-json\/wp\/v2\/types\/post"}],"author":[{"embeddable":true,"href":"https:\/\/www.aquilaguna.com\/index.php\/wp-json\/wp\/v2\/users\/1"}],"replies":[{"embeddable":true,"href":"https:\/\/www.aquilaguna.com\/index.php\/wp-json\/wp\/v2\/comments?post=11827"}],"version-history":[{"count":1,"href":"https:\/\/www.aquilaguna.com\/index.php\/wp-json\/wp\/v2\/posts\/11827\/revisions"}],"predecessor-version":[{"id":11828,"href":"https:\/\/www.aquilaguna.com\/index.php\/wp-json\/wp\/v2\/posts\/11827\/revisions\/11828"}],"wp:attachment":[{"href":"https:\/\/www.aquilaguna.com\/index.php\/wp-json\/wp\/v2\/media?parent=11827"}],"wp:term":[{"taxonomy":"category","embeddable":true,"href":"https:\/\/www.aquilaguna.com\/index.php\/wp-json\/wp\/v2\/categories?post=11827"},{"taxonomy":"post_tag","embeddable":true,"href":"https:\/\/www.aquilaguna.com\/index.php\/wp-json\/wp\/v2\/tags?post=11827"}],"curies":[{"name":"wp","href":"https:\/\/api.w.org\/{rel}","templated":true}]}}