{"id":11833,"date":"2022-10-21T20:07:19","date_gmt":"2022-10-22T01:07:19","guid":{"rendered":"https:\/\/www.aquilaguna.com\/?p=11833"},"modified":"2022-10-21T20:07:19","modified_gmt":"2022-10-22T01:07:19","slug":"insabi-ya-trabaja-mejor-afirma-dr-roberto-bernal","status":"publish","type":"post","link":"https:\/\/www.aquilaguna.com\/index.php\/2022\/10\/21\/insabi-ya-trabaja-mejor-afirma-dr-roberto-bernal\/","title":{"rendered":"&#8220;INSABI ya trabaja mejor&#8221;, afirma Dr. Roberto Bernal."},"content":{"rendered":"\n<p>Torre\u00f3n, Coahuila.- Asegura\u00a0 el titular\u00a0 de la Secretar\u00eda de Salud en el Estado, Doctor Roberto Bernal G\u00f3mez que, &#8220;el INSABI, ya est\u00e1 trabajando mejor, el abastecimiento de medicinas ha mejorado tambi\u00e9n, ello como consecuencia de que nosotros tengamos mejor surtimiento&#8221;.<\/p>\n\n\n\n<p>Revel\u00f3 que, &#8220;nos prometieron que el d\u00eda 27\u00a0 del presente, luego de algunas gestiones tendremos algunas ambulancias y los angi\u00f3logos. Vamos a ver, si eso, es cierto&#8221;.<\/p>\n\n\n\n<p>Manifest\u00f3 que por ahora \u00e9l, &#8220;desconoce el futuro del INSABI, pues \u00e9ste\u00a0 depende de la Federaci\u00f3n&#8221;.<\/p>\n\n\n\n<p>En tanto que, &#8220;el futuro del IMSS Bienestar y Salud,\u00a0 lo veo incierto, lo veo dif\u00edcil,\u00a0 por ejemplo si los hospitales del Sector Salud se donan\u00a0al IMSS&#8221;.<\/p>\n\n\n\n<p>Eso, dijo, &#8220;lo pueden hacer, si los diputados lo aceptan, si se emite un Decreto pero&#8221;, se pregunta a s\u00ed mismo,\u00a0 &#8220;\u00bfqu\u00e9\u00a0 va a pasar con\u00a0 el personal de la SSA\u00a0 y el del IMSS? &#8220;.\u00a0<\/p>\n\n\n\n<p>Asegur\u00f3 en\u00a0 otro\u00a0 tema de la breve entrevista  que\u00a0como Secretario de Salud en Coahuila, mantiene una relaci\u00f3n &#8220;muy buena&#8221; con el personal\u00a0 sindicalizado, agregando adem\u00e1s, &#8220;aqu\u00ed estoy, apoy\u00e1ndolos, igual que el Gobernador, pues somos muy respetuosos&#8221;, tras haber\u00a0 figurado como miembro del presidium desde donde se tom\u00f3\u00a0 protesta al reelecto Comit\u00e9 Ejecutivo de la Secci\u00f3n 87 del SNTSS \u00a0 en esta ciudad.<\/p>\n\n\n\n<p>Asegur\u00f3 que con el nuevo dirigente\u00a0 de la Secci\u00f3n sindical mencionada,\u00a0 &#8220;tenemos una excelente relaci\u00f3n, hemos construido juntos como Secretario de Salud, quiz\u00e1s hemos tenido diferencias de opini\u00f3n, pero no habido mas&#8221;.<\/p>\n\n\n\n<p>Preguntado, record\u00f3 que al inicio de su gesti\u00f3n como funcionario, &#8220;tuvimos problemas de abasto de medicinas e insumos, pues apenas si llegaba a un\u00a015%, pero hoy ya alcanzamos hasta el 75% de surtimiento&#8221;.<\/p>\n\n\n\n<p>En cuanto al presupuesto\u00a0 a que\u00a0 se asignar\u00e1 al sector\u00a0 salud el a\u00f1o pr\u00f3ximo,\u00a0 indic\u00f3 que, &#8220;para el presupuesto estatal, estamos muy bien, hemos consolidado muchas cosas&#8221;.<\/p>\n\n\n\n<p>Y coment\u00f3, &#8220;hemos abierto el Hospital Oncol\u00f3gico, abrimos el Hospital Materno Infantil con presupuesto nuestro. Los grandes aparatos que tiene el Oncol\u00f3gico, el Acelerador Lineal\u00a0 \u00a0 cost\u00f3\u00a0 un dineral tremendo y en estos d\u00edas estaremos empezando a trabajar&#8221;.<\/p>\n\n\n\n<p>Repiti\u00f3 que, &#8220;el Centro Oncol\u00f3gico de aqu\u00ed, frente al Hospital General, tambi\u00e9n espero que la pr\u00f3xima semana empecemos a trabajar\u00a0 aplicar quimioterapias\u00a0 y a atenci\u00f3n sobre todo a pediatr\u00eda. Hemos avanzado tremendamente&#8221;.<\/p>\n\n\n\n<p>Agreg\u00f3 que, &#8220;seguimos con\u00a0 nuestros programas de Cambiando Vidas, seguimos con las Cirug\u00edas Bari\u00e1tricas,\u00a0 el pr\u00f3ximo mes operaremos a 30 pacientes&#8221;.\u00a0<\/p>\n\n\n\n<p>Lo anterior, afirm\u00f3, &#8220;en\u00a0 una jornada de fin de semana a cargo de los mejores cirujanos del pa\u00eds&#8221;, agregando que localmente, &#8220;se han contratado dos\u00a0 nuevos cirujanos y el resto del equipo,\u00a0 mismos que ya operan desde ahora mismo, aqu\u00ed en Torre\u00f3n&#8221;.<\/p>\n","protected":false},"excerpt":{"rendered":"<p>Torre\u00f3n, Coahuila.- Asegura\u00a0 el titular\u00a0 de la Secretar\u00eda de Salud en el Estado, Doctor Roberto Bernal G\u00f3mez que, &#8220;el INSABI, ya est\u00e1 trabajando mejor, el abastecimiento de medicinas ha mejorado tambi\u00e9n, ello como consecuencia de que nosotros tengamos mejor surtimiento&#8221;. Revel\u00f3 que, &#8220;nos prometieron que el d\u00eda 27\u00a0 del presente, luego de algunas gestiones tendremos algunas ambulancias y los angi\u00f3logos. Vamos a ver, si eso, es cierto&#8221;. Manifest\u00f3 que por&#8230;<\/p>\n","protected":false},"author":2,"featured_media":0,"comment_status":"closed","ping_status":"","sticky":false,"template":"","format":"standard","meta":{"footnotes":""},"categories":[5,15,31,14],"tags":[],"class_list":["post-11833","post","type-post","status-publish","format-standard","hentry","category-coahuila","category-gobierno-de-coahuila","category-gobierno-federal","category-salud","wpcat-5-id","wpcat-15-id","wpcat-31-id","wpcat-14-id"],"_links":{"self":[{"href":"https:\/\/www.aquilaguna.com\/index.php\/wp-json\/wp\/v2\/posts\/11833","targetHints":{"allow":["GET"]}}],"collection":[{"href":"https:\/\/www.aquilaguna.com\/index.php\/wp-json\/wp\/v2\/posts"}],"about":[{"href":"https:\/\/www.aquilaguna.com\/index.php\/wp-json\/wp\/v2\/types\/post"}],"author":[{"embeddable":true,"href":"https:\/\/www.aquilaguna.com\/index.php\/wp-json\/wp\/v2\/users\/2"}],"replies":[{"embeddable":true,"href":"https:\/\/www.aquilaguna.com\/index.php\/wp-json\/wp\/v2\/comments?post=11833"}],"version-history":[{"count":1,"href":"https:\/\/www.aquilaguna.com\/index.php\/wp-json\/wp\/v2\/posts\/11833\/revisions"}],"predecessor-version":[{"id":11834,"href":"https:\/\/www.aquilaguna.com\/index.php\/wp-json\/wp\/v2\/posts\/11833\/revisions\/11834"}],"wp:attachment":[{"href":"https:\/\/www.aquilaguna.com\/index.php\/wp-json\/wp\/v2\/media?parent=11833"}],"wp:term":[{"taxonomy":"category","embeddable":true,"href":"https:\/\/www.aquilaguna.com\/index.php\/wp-json\/wp\/v2\/categories?post=11833"},{"taxonomy":"post_tag","embeddable":true,"href":"https:\/\/www.aquilaguna.com\/index.php\/wp-json\/wp\/v2\/tags?post=11833"}],"curies":[{"name":"wp","href":"https:\/\/api.w.org\/{rel}","templated":true}]}}