{"id":11878,"date":"2022-10-24T18:33:23","date_gmt":"2022-10-24T23:33:23","guid":{"rendered":"https:\/\/www.aquilaguna.com\/?p=11878"},"modified":"2022-10-24T18:33:23","modified_gmt":"2022-10-24T23:33:23","slug":"senadora-veronica-martinez-recordara-al-gobierno-federal-que-coahuila-tambien-es-mexico","status":"publish","type":"post","link":"https:\/\/www.aquilaguna.com\/index.php\/2022\/10\/24\/senadora-veronica-martinez-recordara-al-gobierno-federal-que-coahuila-tambien-es-mexico\/","title":{"rendered":"Senadora Ver\u00f3nica Mart\u00ednez recordar\u00e1 al Gobierno Federal que &#8220;Coahuila tambi\u00e9n es M\u00e9xico&#8221;."},"content":{"rendered":"\n<p>Torre\u00f3n, Coahuila.- Reitera la\u00a0 Senadora Ver\u00f3nica Mart\u00ednez\u00a0 que habr\u00e1\u00a0 de recordarle al gobierno federal, que &#8220;Coahuila tambi\u00e9n es M\u00e9xico. No nos vamos a quedar callados. Aqu\u00ed requerimos presupuesto&#8221;.<\/p>\n\n\n\n<p>Al iniciarse el periodo de discusi\u00f3n \u00a0 en el tema del Presupuesto de\u00a0 Ingresos que afirma no \u00a0 incluye\u00a0 un centavo para esta entidad en diversos temas, siendo el mas notable, el que corresponde a construcci\u00f3n de carreteras \u00a0 y dem\u00e1s infraestructura.<\/p>\n\n\n\n<p>Nosotros, afirm\u00f3, &#8220;tenemos en el Senado la aprobaci\u00f3n del Presupuesto de Egresos, y la C\u00e1mara de Diputados,\u00a0 el de Egresos, entonces estamos justo en este periodo&#8221;.<\/p>\n\n\n\n<p>Esta semana, indic\u00f3, &#8220;estaremos\u00a0 revisando la Ley\u00a0 de Ingresos\u00a0 que contempla el Paquete Econ\u00f3mico 2023 \u00a0 y en este sentido. No nos vamos a quedar callados, recordarle al gobierno federal que Coahuila tambi\u00e9n es M\u00e9xico&#8221;.<\/p>\n\n\n\n<p>Que aqu\u00ed, agregaba, &#8220;requerimos presupuesto, que en la presentaci\u00f3n del Paquete Econ\u00f3mico presentado\u00a0 hace unas semanas por el Presidente, Coahuila\u00a0 no contempla recursos para una sola carretera, ning\u00fan proyecto de Infraestructura, m\u00e1s all\u00e1 de Agua Saludable para la Laguna&#8221;.<\/p>\n\n\n\n<p>&#8220;Creo que \u00e9ste es un gran proyecto, pero lo que me preocupa es el tiempo&#8221;.<\/p>\n\n\n\n<p>Hace cuantos a\u00f1os, se pregunta,\u00a0 &#8220;dijeron que iba a arrancar,\u00a0 estuvieron etiquetando los recursos y no porque se etiqueten significa que se van a aplicar&#8221;.<\/p>\n\n\n\n<p>&#8220;Y, esa, es nuestra gran preocupaci\u00f3n&#8221;, dice la Senadora Mart\u00ednez, &#8220;pues ya est\u00e1n a punto de terminar\u00a0 el Gobierno Federal\u00a0 y si este gobierno no concluye\u00a0 con las obras y compromisos que tiene\u00a0 pues muy dif\u00edcilmente\u00a0 se va a poder concluir un proyecto de tal magnitud&#8221;.<\/p>\n\n\n\n<p>\u00a0&#8220;Otra falta de cumplimiento\u00a0 de compromisos, lo constituye \u00a0 que \u00a0 el proyecto citado\u00a0 generar\u00eda una derrama \u00a0 de los recursos destinados al mismo entre\u00a0 los laguneros\u00a0 -de Durango y Coahuila-, y pues se hab\u00edan comprometido\u00a0 que las empresas que tuvieran a su cargo la obra, ser\u00edan empresas de la regi\u00f3n y sin embargo eso tampoco lo pudieron cumplir&#8221;.<\/p>\n\n\n\n<p>Record\u00f3 luego que, &#8220;aqu\u00ed enviaron a un compa\u00f1ero m\u00edo Senador a darle forma al proyecto y dizque a destrabar los temas de los Amparos. El regres\u00f3 para all\u00e1, pero le dije, oye pues lo que falta es que lo arranquen, pues de que nos sirve que en el presupuesto le etiqueten recursos y va a ver sub ejercicio y nuevamente van a regresar\u00a0 los recursos&#8221;.<\/p>\n\n\n\n<p>&#8220;No podemos quedarnos callados. Los que somos de la Laguna sabemos de la importancia que tiene este proyecto para nuestra gente&#8221;.<\/p>\n\n\n\n<p>&#8220;El problema del agua requiere mucho recurso y hoy que se supone que hay la voluntad del gobierno  federal para etiquetar tal recurso, resulta que ahora lo que queremos es que los ejecuten, que los apliquen lo m\u00e1s pronto posible y que vayamos avanzando en ello&#8221;.<\/p>\n","protected":false},"excerpt":{"rendered":"<p>Torre\u00f3n, Coahuila.- Reitera la\u00a0 Senadora Ver\u00f3nica Mart\u00ednez\u00a0 que habr\u00e1\u00a0 de recordarle al gobierno federal, que &#8220;Coahuila tambi\u00e9n es M\u00e9xico. No nos vamos a quedar callados. Aqu\u00ed requerimos presupuesto&#8221;. Al iniciarse el periodo de discusi\u00f3n \u00a0 en el tema del Presupuesto de\u00a0 Ingresos que afirma no \u00a0 incluye\u00a0 un centavo para esta entidad en diversos temas, siendo el mas notable, el que corresponde a construcci\u00f3n de carreteras \u00a0 y dem\u00e1s infraestructura&#8230;.<\/p>\n","protected":false},"author":2,"featured_media":0,"comment_status":"closed","ping_status":"","sticky":false,"template":"","format":"standard","meta":{"footnotes":""},"categories":[32,31,28,51],"tags":[],"class_list":["post-11878","post","type-post","status-publish","format-standard","hentry","category-agua","category-gobierno-federal","category-la-laguna","category-senado","wpcat-32-id","wpcat-31-id","wpcat-28-id","wpcat-51-id"],"_links":{"self":[{"href":"https:\/\/www.aquilaguna.com\/index.php\/wp-json\/wp\/v2\/posts\/11878","targetHints":{"allow":["GET"]}}],"collection":[{"href":"https:\/\/www.aquilaguna.com\/index.php\/wp-json\/wp\/v2\/posts"}],"about":[{"href":"https:\/\/www.aquilaguna.com\/index.php\/wp-json\/wp\/v2\/types\/post"}],"author":[{"embeddable":true,"href":"https:\/\/www.aquilaguna.com\/index.php\/wp-json\/wp\/v2\/users\/2"}],"replies":[{"embeddable":true,"href":"https:\/\/www.aquilaguna.com\/index.php\/wp-json\/wp\/v2\/comments?post=11878"}],"version-history":[{"count":1,"href":"https:\/\/www.aquilaguna.com\/index.php\/wp-json\/wp\/v2\/posts\/11878\/revisions"}],"predecessor-version":[{"id":11879,"href":"https:\/\/www.aquilaguna.com\/index.php\/wp-json\/wp\/v2\/posts\/11878\/revisions\/11879"}],"wp:attachment":[{"href":"https:\/\/www.aquilaguna.com\/index.php\/wp-json\/wp\/v2\/media?parent=11878"}],"wp:term":[{"taxonomy":"category","embeddable":true,"href":"https:\/\/www.aquilaguna.com\/index.php\/wp-json\/wp\/v2\/categories?post=11878"},{"taxonomy":"post_tag","embeddable":true,"href":"https:\/\/www.aquilaguna.com\/index.php\/wp-json\/wp\/v2\/tags?post=11878"}],"curies":[{"name":"wp","href":"https:\/\/api.w.org\/{rel}","templated":true}]}}