{"id":11885,"date":"2022-10-25T16:07:41","date_gmt":"2022-10-25T21:07:41","guid":{"rendered":"https:\/\/www.aquilaguna.com\/?p=11885"},"modified":"2022-10-25T16:07:42","modified_gmt":"2022-10-25T21:07:42","slug":"inauguran-primer-dia-del-festival-de-los-muertos-2022-de-la-uadec","status":"publish","type":"post","link":"https:\/\/www.aquilaguna.com\/index.php\/2022\/10\/25\/inauguran-primer-dia-del-festival-de-los-muertos-2022-de-la-uadec\/","title":{"rendered":"Inauguran Primer D\u00eda del Festival de los Muertos 2022 de la UAdeC."},"content":{"rendered":"\n<p>SALTILLO, Coahuila. 25 de octubre de 2022. En un ambiente participativo y<br>festivo, fue inaugurado el primer d\u00eda del Festival de los Muertos 2022 que organiza<br>la Universidad Aut\u00f3noma de Coahuila a trav\u00e9s de la Coordinaci\u00f3n General de<br>Difusi\u00f3n y Patrimonio Cultural, Escuelas y Facultades de la Unidad Saltillo, los<br>d\u00edas 24 y 25 de octubre en la Unidad Camporredondo.<\/p>\n\n\n\n<p>En la explanada de la dependencia, las escalinatas de la Facultad de Ciencias<br>F\u00edsico Matem\u00e1ticas (FCFM), los jardines de la Facultad de Ciencia Educaci\u00f3n y<br>Humanidades, pasillos y estacionamiento de Infoteca Central fueron el marco de<br>distintas actividades en que publico universitario y poblaci\u00f3n en general disfrutaron<br>de las 7 de la tarde. a y p\u00fablico en general.<\/p>\n\n\n\n<p>La ceremonia de inauguraci\u00f3n estuvo encabezada por la coordinadora general de<br>Difusi\u00f3n y Patrimonio Cultural, Ana Sof\u00eda Rodr\u00edguez Cepeda, Maribel Lugo,<br>subcoordinadora de Difusi\u00f3n Cultural, Herendida Herrej\u00f3n, subcoordinadora de<br>Patrimonio Cultural, y Daniel Samperio, director del Instituto Municipal de la<br>Juventud.<\/p>\n\n\n\n<p>En representaci\u00f3n del rector Salvador Hern\u00e1ndez V\u00e9lez, la coordinadora general<br>de Difusi\u00f3n y Patrimonio Cultural, Ana Sof\u00eda Rodr\u00edguez Cepeda, agradeci\u00f3 el<br>apoyo para la realizaci\u00f3n del festival a funcionarios, directoras, directores y<br>promotores culturales de las Escuelas, Facultades e Institutos de la UAdeC.<\/p>\n\n\n\n<p>Agreg\u00f3 que esta celebraci\u00f3n es un v\u00ednculo de comunicaci\u00f3n entre el pasado y el<br>presente, por lo que la Universidad difunde y trabaja por conservar las tradiciones<br>y cultura de los mexicanos, al tiempo que se fortalece la unidad universitaria<br>mediante un sano esparcimiento que da rienda suelta a la imaginaci\u00f3n art\u00edstica y<br>talento universitario.<\/p>\n\n\n\n<p>El evento inici\u00f3 en el \u201cForo Cempas\u00fachil\u201d con presentaciones art\u00edsticas de los<br>grupos representativos de la UAdeC como el Grupo de Baile Moderno, a cargo del<br>maestro Cristian Gonz\u00e1lez, el Grupo Americanto, la participaci\u00f3n de la Tuna<br>Universitaria, as\u00ed como la presentaci\u00f3n musical del Grupo \u201cBah\u00eda\u201d, conformado por<br>estudiantes de la Facultad de Ciencias de la Comunicaci\u00f3n.<\/p>\n\n\n\n<p>Posteriormente las autoridades invitaron a los presentes a realizar el recorrido por<br>el cementerio mexicano, en el cual integrantes del grupo de Teatro UAdeC<br>personificaron a artistas de la \u00e9poca del cine de oro mexicano y de la cultura popular mexicana; as\u00ed como con la tradicional exposici\u00f3n del altar monumental, El tapete de colores, El \u00e1rbol de las l\u00e1grimas, exposici\u00f3n fotogr\u00e1fica, El jard\u00edn de las mariposas y exhibici\u00f3n de cine al aire libre.<\/p>\n\n\n\n<p>Tambi\u00e9n se cont\u00f3 con la pasarela del concurso \u201cLa Catrina y El Catr\u00edn 2022\u201d, en el<br>cual se evaluaron la originalidad del vestuario y maquillaje de los estudiantes de la<br>UAdeC inscritos en el concurso.<\/p>\n\n\n\n<p>Este martes 25 a partir de las 7 de la tarde contin\u00faa el Festival de los Muertos con<br>el Altar monumental, la zona el muerto al pozo y el vivo al gozo, El Cementerio de<br>artistas mexicanos, El T\u00fanel de las Letras de la Facultad de Educaci\u00f3n, El \u00e1rbol de<br>los recuerdos, Exposici\u00f3n de fotograf\u00edas, el Tapete de l\u00e1grimas, en Infoteca<br>Central el Cine al aire libre, y el recorrido de escalofr\u00edos y altar de Sor Juana.<\/p>\n\n\n\n<p>A las 20:30 horas la Callejoneada con la Tuna universitaria de Saltillo de la<br>Universidad Aut\u00f3noma de Coahuila y en el foro Cempas\u00fachil a las 19:00 horas<br>Mario Villanueva (Cuentacuentos del IMCS), 20:00 horas el Grupo musical \u201cLas<br>Jaras\u201d; a las 21:00 horas Pasarela y premiaci\u00f3n del concurso de \u201cLa mejor catrina<br>y el mejor catr\u00edn\u201d y a las 21:30 horas el Espect\u00e1culo \u201cMujeres Leyenda\u201d.<\/p>\n","protected":false},"excerpt":{"rendered":"<p>SALTILLO, Coahuila. 25 de octubre de 2022. En un ambiente participativo yfestivo, fue inaugurado el primer d\u00eda del Festival de los Muertos 2022 que organizala Universidad Aut\u00f3noma de Coahuila a trav\u00e9s de la Coordinaci\u00f3n General deDifusi\u00f3n y Patrimonio Cultural, Escuelas y Facultades de la Unidad Saltillo, losd\u00edas 24 y 25 de octubre en la Unidad Camporredondo. En la explanada de la dependencia, las escalinatas de la Facultad de CienciasF\u00edsico Matem\u00e1ticas&#8230;<\/p>\n","protected":false},"author":1,"featured_media":11886,"comment_status":"closed","ping_status":"closed","sticky":false,"template":"","format":"standard","meta":{"footnotes":""},"categories":[2],"tags":[],"class_list":["post-11885","post","type-post","status-publish","format-standard","has-post-thumbnail","hentry","category-uadec","wpcat-2-id"],"_links":{"self":[{"href":"https:\/\/www.aquilaguna.com\/index.php\/wp-json\/wp\/v2\/posts\/11885","targetHints":{"allow":["GET"]}}],"collection":[{"href":"https:\/\/www.aquilaguna.com\/index.php\/wp-json\/wp\/v2\/posts"}],"about":[{"href":"https:\/\/www.aquilaguna.com\/index.php\/wp-json\/wp\/v2\/types\/post"}],"author":[{"embeddable":true,"href":"https:\/\/www.aquilaguna.com\/index.php\/wp-json\/wp\/v2\/users\/1"}],"replies":[{"embeddable":true,"href":"https:\/\/www.aquilaguna.com\/index.php\/wp-json\/wp\/v2\/comments?post=11885"}],"version-history":[{"count":1,"href":"https:\/\/www.aquilaguna.com\/index.php\/wp-json\/wp\/v2\/posts\/11885\/revisions"}],"predecessor-version":[{"id":11887,"href":"https:\/\/www.aquilaguna.com\/index.php\/wp-json\/wp\/v2\/posts\/11885\/revisions\/11887"}],"wp:featuredmedia":[{"embeddable":true,"href":"https:\/\/www.aquilaguna.com\/index.php\/wp-json\/wp\/v2\/media\/11886"}],"wp:attachment":[{"href":"https:\/\/www.aquilaguna.com\/index.php\/wp-json\/wp\/v2\/media?parent=11885"}],"wp:term":[{"taxonomy":"category","embeddable":true,"href":"https:\/\/www.aquilaguna.com\/index.php\/wp-json\/wp\/v2\/categories?post=11885"},{"taxonomy":"post_tag","embeddable":true,"href":"https:\/\/www.aquilaguna.com\/index.php\/wp-json\/wp\/v2\/tags?post=11885"}],"curies":[{"name":"wp","href":"https:\/\/api.w.org\/{rel}","templated":true}]}}