{"id":11893,"date":"2022-10-25T16:11:24","date_gmt":"2022-10-25T21:11:24","guid":{"rendered":"https:\/\/www.aquilaguna.com\/?p=11893"},"modified":"2022-10-25T16:11:24","modified_gmt":"2022-10-25T21:11:24","slug":"informa-el-implan-sobre-estado-de-programas-prioritarios","status":"publish","type":"post","link":"https:\/\/www.aquilaguna.com\/index.php\/2022\/10\/25\/informa-el-implan-sobre-estado-de-programas-prioritarios\/","title":{"rendered":"Informa el IMPLAN sobre estado de programas prioritarios."},"content":{"rendered":"\n<p>Torre\u00f3n, Coahuila. A 25 de octubre de 2022.<\/p>\n\n\n\n<p>Mejora Regulatoria, Consolidaci\u00f3n de Zonas Industriales, Sistema de Planeaci\u00f3n,<br>Gesti\u00f3n Integral del Agua, Colaboraci\u00f3n Internacional y Banco de Proyectos, son<br>los seis programas prioritarios en los que se ha enfocado el Instituto Municipal de<br>Planeaci\u00f3n de Torre\u00f3n (IMPLAN), en este a\u00f1o 2022, para el \u00f3ptimo desarrollo de<br>la ciudad.<\/p>\n\n\n\n<p>Seg\u00fan inform\u00f3 el titular del IMPLAN, Jos\u00e9 Antonio Ram\u00edrez Reyes, cada uno ha<br>transcurrido en tiempo y forma seg\u00fan la agenda trimestral.<\/p>\n\n\n\n<p>Detall\u00f3 el proceso en que va cada uno de ellos, donde en uno de los casos, en el<br>Programa de Mejora Regulatoria ya se tiene por realizada la implementaci\u00f3n de<br>una plataforma digital de informaci\u00f3n territorial y en proceso la elaboraci\u00f3n del<br>reglamento de operaci\u00f3n del Catastro Municipal.<\/p>\n\n\n\n<p>En el caso del Programa de Consolidaci\u00f3n de Zonas Industriales ya est\u00e1<br>terminado en tiempo en sus cuatro componentes, dentro del cual se encuentra la<br>elaboraci\u00f3n de estrategias y cartera de proyectos necesarios para la detonaci\u00f3n<br>de hospedaje industrial.<\/p>\n\n\n\n<p>Explic\u00f3 que este tema se dise\u00f1\u00f3 en colaboraci\u00f3n con la COPARMEX Laguna y<br>CANACINTRA Torre\u00f3n.<\/p>\n\n\n\n<p>En el Sistema de Planeaci\u00f3n, el director mencion\u00f3 que uno de los aspectos que se<br>encuentra detenido es el de participaci\u00f3n en las acciones de coordinaci\u00f3n<br>metropolitana, debido al reciente cambio de gobierno en los municipios del estado<br>de Durango, pero dijo que est\u00e1 pr\u00f3ximo a retomarse.<\/p>\n\n\n\n<p>Y en el resto de los programas, las acciones que agendaron trimestralmente se<br>encuentran en tiempo y proceso de realizaci\u00f3n, seg\u00fan indic\u00f3 el funcionario.<\/p>\n\n\n\n<p>Mencion\u00f3 que entre los objetivos de estos programas est\u00e1 el incrementar la<br>eficacia y competitividad municipal, definir las pol\u00edticas p\u00fablicas necesarias para<br>detonar el desarrollo industrial de Torre\u00f3n y posicionar a la ciudad con organismos<br>internacionales.<\/p>\n\n\n\n<p>Por otro lado, Ram\u00edrez Reyes, retom\u00f3 el Plan de Infraestructura Verde para darlo<br>a conocer a los integrantes de la Comisi\u00f3n de Planeaci\u00f3n y Urbanismo que hoy lo<br>recibieron en su D\u00e9cima Sexta Sesi\u00f3n de trabajo.<\/p>\n\n\n\n<p>\u201cEste plan se trata b\u00e1sicamente de incorporar la naturaleza a la ciudad, el c\u00f3mo<br>replantear la infraestructura del municipio con la gesti\u00f3n integral del agua\u201d, explic\u00f3.<br>Coment\u00f3 adem\u00e1s que busca dar soluci\u00f3n a las principales problem\u00e1ticas de la<br>ciudad con relaci\u00f3n a las temperaturas m\u00e1ximas urbanas y a la gesti\u00f3n del agua<br>pluvial.<br>Lo anterior en atenci\u00f3n a lo determinado en el Atlas de Riesgo Municipal que<br>prev\u00e9 el aumento de 5 grados en la temperatura.<br>En ese sentido, se\u00f1al\u00f3 que el objetivo general es otorgar una gama de proyectos e<br>instrumentos para la correcta implementaci\u00f3n de infraestructura verde en la<br>ciudad.<br>La Comisi\u00f3n de Planeaci\u00f3n y Urbanismo es presidida por el regidor Felipe<br>Eduardo Gonz\u00e1lez Miranda.<\/p>\n","protected":false},"excerpt":{"rendered":"<p>Torre\u00f3n, Coahuila. A 25 de octubre de 2022. Mejora Regulatoria, Consolidaci\u00f3n de Zonas Industriales, Sistema de Planeaci\u00f3n,Gesti\u00f3n Integral del Agua, Colaboraci\u00f3n Internacional y Banco de Proyectos, sonlos seis programas prioritarios en los que se ha enfocado el Instituto Municipal dePlaneaci\u00f3n de Torre\u00f3n (IMPLAN), en este a\u00f1o 2022, para el \u00f3ptimo desarrollo dela ciudad. Seg\u00fan inform\u00f3 el titular del IMPLAN, Jos\u00e9 Antonio Ram\u00edrez Reyes, cada uno hatranscurrido en tiempo y forma&#8230;<\/p>\n","protected":false},"author":1,"featured_media":11894,"comment_status":"closed","ping_status":"closed","sticky":false,"template":"","format":"standard","meta":{"footnotes":""},"categories":[5,28,7],"tags":[],"class_list":["post-11893","post","type-post","status-publish","format-standard","has-post-thumbnail","hentry","category-coahuila","category-la-laguna","category-torreon","wpcat-5-id","wpcat-28-id","wpcat-7-id"],"_links":{"self":[{"href":"https:\/\/www.aquilaguna.com\/index.php\/wp-json\/wp\/v2\/posts\/11893","targetHints":{"allow":["GET"]}}],"collection":[{"href":"https:\/\/www.aquilaguna.com\/index.php\/wp-json\/wp\/v2\/posts"}],"about":[{"href":"https:\/\/www.aquilaguna.com\/index.php\/wp-json\/wp\/v2\/types\/post"}],"author":[{"embeddable":true,"href":"https:\/\/www.aquilaguna.com\/index.php\/wp-json\/wp\/v2\/users\/1"}],"replies":[{"embeddable":true,"href":"https:\/\/www.aquilaguna.com\/index.php\/wp-json\/wp\/v2\/comments?post=11893"}],"version-history":[{"count":1,"href":"https:\/\/www.aquilaguna.com\/index.php\/wp-json\/wp\/v2\/posts\/11893\/revisions"}],"predecessor-version":[{"id":11895,"href":"https:\/\/www.aquilaguna.com\/index.php\/wp-json\/wp\/v2\/posts\/11893\/revisions\/11895"}],"wp:featuredmedia":[{"embeddable":true,"href":"https:\/\/www.aquilaguna.com\/index.php\/wp-json\/wp\/v2\/media\/11894"}],"wp:attachment":[{"href":"https:\/\/www.aquilaguna.com\/index.php\/wp-json\/wp\/v2\/media?parent=11893"}],"wp:term":[{"taxonomy":"category","embeddable":true,"href":"https:\/\/www.aquilaguna.com\/index.php\/wp-json\/wp\/v2\/categories?post=11893"},{"taxonomy":"post_tag","embeddable":true,"href":"https:\/\/www.aquilaguna.com\/index.php\/wp-json\/wp\/v2\/tags?post=11893"}],"curies":[{"name":"wp","href":"https:\/\/api.w.org\/{rel}","templated":true}]}}