{"id":11928,"date":"2022-10-26T17:29:18","date_gmt":"2022-10-26T22:29:18","guid":{"rendered":"https:\/\/www.aquilaguna.com\/?p=11928"},"modified":"2022-10-26T17:29:18","modified_gmt":"2022-10-26T22:29:18","slug":"realiza-coecyt-primer-foro-de-agua-y-recursos-ambientales-en-torreon","status":"publish","type":"post","link":"https:\/\/www.aquilaguna.com\/index.php\/2022\/10\/26\/realiza-coecyt-primer-foro-de-agua-y-recursos-ambientales-en-torreon\/","title":{"rendered":"REALIZA COECYT PRIMER FORO DE AGUA Y RECURSOS AMBIENTALES EN TORRE\u00d3N."},"content":{"rendered":"\n<p>Torre\u00f3n, Coahuila de Zaragoza; a 26 de Octubre de 2022.- El Gobierno de Coahuila, a trav\u00e9s el Consejo Estatal de Ciencia y Tecnolog\u00eda (COECYT) y la Red de Innovaci\u00f3n de Agua y Recursos Ambientales (RIARA), celebr\u00f3 el Primer Foro de Agua y Recursos Ambientales, en el Parque de Innovaci\u00f3n Tecnol\u00f3gica de Torre\u00f3n (PITT).<\/p>\n\n\n\n<p>David Flores Lavenant, titular de la Unidad de Atenci\u00f3n en La Laguna y representante del gobernador Miguel \u00c1ngel Riquelme Sol\u00eds, acudi\u00f3 para hacer la declaratoria inaugural de este programa.<\/p>\n\n\n\n<p>Este, dijo, es un tema prioritario para todas y todos los laguneros, por lo mismo felicit\u00f3 al COECYT y a los j\u00f3venes por asistir, pues en la cultura de la prevenci\u00f3n y cuidado del agua \u201ctodos debemos participar\u201d.<\/p>\n\n\n\n<p>Reconoci\u00f3 al proyecto de Agua Saludable para La Laguna, que ha impulsado el Gobierno Federal, pero precis\u00f3 que no se conoce al cien por ciento y s\u00f3lo tendr\u00e1 vida por 20 a\u00f1os, lo que deja de lado a las generaciones futuras, y por lo mismo este foro es crucial.<\/p>\n\n\n\n<p>Recalc\u00f3 que el derecho humano al agua y su cuidado, y toma de consciencia, tiene que ver con la supervivencia de La Laguna.<\/p>\n\n\n\n<p>Hizo hincapi\u00e9 en que adem\u00e1s de dialogar o discutir, y de elaborar un plan, se le d\u00e9 seguimiento; tambi\u00e9n pidi\u00f3 que no s\u00f3lo se tomen acciones en lo relacionado al consumo humano, sino a la que se necesita para las y los agricultores y otras \u00e1reas: \u201cQue se eficiente el uso del vital l\u00edquido\u201d.<\/p>\n\n\n\n<p>En su momento, Mario Vald\u00e9s Garza, Director General del COECYT, agradeci\u00f3 su presencia en este Primer Foro: \u201cPues consideramos el tema del agua como uno estrat\u00e9gico para la Regi\u00f3n Laguna\u201d.<\/p>\n\n\n\n<p>\u201cPues tiene que ver con la seguridad de la salud de las y los habitantes de esta \u00e1rea, con lo que buscan contribuir con soluciones integrales a problemas como la sobreexplotaci\u00f3n de los acu\u00edferos y m\u00e1s\u201d.<\/p>\n\n\n\n<p>\u201cAqu\u00ed se nos compartir\u00e1n las posibles soluciones, por lo que la tecnolog\u00eda, la ciencia y la innovaci\u00f3n son la gu\u00eda\u201d, subray\u00f3.<\/p>\n\n\n\n<p>Lo importante es tener consciencia que el agua es un recurso finito, insisti\u00f3, por ello es un tema de cultura y comunicaci\u00f3n, y deber\u00eda ser un t\u00f3pico que compartan todos.<\/p>\n\n\n\n<p>\u201cLa idea es lograr compromisos y acciones entre todos, es en esto en lo que queremos contribuir con este Primer Foro\u2026 con ciencia y tecnolog\u00eda, Coahuila Fuerte es\u201d.<\/p>\n\n\n\n<p>Por su parte, Natalia Fern\u00e1ndez Mart\u00ednez, Secretaria del Ayuntamiento de Torre\u00f3n, afirm\u00f3 que este es un problema que se debe atender de manera inmediata.<\/p>\n\n\n\n<p>\u201cLa Administraci\u00f3n que encabeza el alcalde Rom\u00e1n Cepeda Gonz\u00e1lez ha puesto en marcha acciones espec\u00edficas para dar respuesta a la demandas de la poblaci\u00f3n que se han visto afectadas por el desabasto del vital l\u00edquido\u201d.<\/p>\n\n\n\n<p>Los derechos humanos ambientales tiene que ver con las generaciones futuras, y ahorita se debe buscar los medios y crear una pol\u00edtica p\u00fablica que ayude a promover estrategias, con datos veraces para poder cumplir con esta meta, se\u00f1al\u00f3.<\/p>\n\n\n\n<p>Adem\u00e1s, Ricardo Pel\u00e1ez Mora, representante de la RIARA, fue el primer ponente y habl\u00f3 sobre la Actualizaci\u00f3n y Modernizaci\u00f3n de las Aguas Subterr\u00e1neas en la Comarca Lagunera.<\/p>\n\n\n\n<p>Record\u00f3 que en julio invitaron a diversas universidades a que se sumar\u00e1n, y les dio mes y medio para que elaboraran una propuesta y las seleccionadas deb\u00edan realizar un documento para este foro.<\/p>\n\n\n\n<p>\u201cEl agua es el eje articulador de todas las actividades, pero tambi\u00e9n el recurso ambiental que tiene que ver con el suelo, aire y el ecosistema en el que estamos inmersos en La Laguna, son los temas que se decidieron\u201d.<\/p>\n\n\n\n<p>Adem\u00e1s de su presentaci\u00f3n, tambi\u00e9n fue la de \u201cUna Perspectiva Tecnol\u00f3gica Integral de la Contaminaci\u00f3n del Agua: caso para la remoci\u00f3n del ars\u00e9nico\u201d, por Alejandro Lozano Morales, y \u201cManejo Sustentable de la Cuenca Alta del R\u00edo Nazas con Impacto en la Recarga de Acu\u00edferos de la Comarca Lagunera\u201d y \u201cMejora de la Calidad de Agua que llega de las presas\u201d, por Roberto Mu\u00f1oz del R\u00edo, entre otras.<\/p>\n\n\n\n<p>Hubo tambi\u00e9n una exposici\u00f3n de carteles y un conversatorio con expertos, donde se abord\u00f3 el tema \u201cSostenibilidad del Agua en la Comarca Lagunera: Retos y Perspectivas\u201d.<\/p>\n\n\n\n<p>Asistieron al evento rectores de universidades, representantes de fundaciones, y representantes del InstItuto Nacional de Investigaciones Forestales, Agr\u00edcolas y Pecuarias (INIFAP).<\/p>\n\n\n\n<p>Coordinadores y miembros de las Redes de Innovaci\u00f3n Cooperativa del COECYT.<\/p>\n\n\n\n<p>Adem\u00e1s de alumnas y alumnos de diversas instituciones de educaci\u00f3n superior, como del Instituto Tecnol\u00f3gico de Torre\u00f3n y de la Universidad Aut\u00f3noma de Coahuila, con la facultad de Ciencias Biol\u00f3gicas, la Universidad Aut\u00f3noma Agraria Antonio Narro y la Universidad Tecnol\u00f3gica de Torre\u00f3n.<\/p>\n","protected":false},"excerpt":{"rendered":"<p>Torre\u00f3n, Coahuila de Zaragoza; a 26 de Octubre de 2022.- El Gobierno de Coahuila, a trav\u00e9s el Consejo Estatal de Ciencia y Tecnolog\u00eda (COECYT) y la Red de Innovaci\u00f3n de Agua y Recursos Ambientales (RIARA), celebr\u00f3 el Primer Foro de Agua y Recursos Ambientales, en el Parque de Innovaci\u00f3n Tecnol\u00f3gica de Torre\u00f3n (PITT). David Flores Lavenant, titular de la Unidad de Atenci\u00f3n en La Laguna y representante del gobernador Miguel&#8230;<\/p>\n","protected":false},"author":1,"featured_media":11929,"comment_status":"closed","ping_status":"closed","sticky":false,"template":"","format":"standard","meta":{"footnotes":""},"categories":[32,5,15],"tags":[],"class_list":["post-11928","post","type-post","status-publish","format-standard","has-post-thumbnail","hentry","category-agua","category-coahuila","category-gobierno-de-coahuila","wpcat-32-id","wpcat-5-id","wpcat-15-id"],"_links":{"self":[{"href":"https:\/\/www.aquilaguna.com\/index.php\/wp-json\/wp\/v2\/posts\/11928","targetHints":{"allow":["GET"]}}],"collection":[{"href":"https:\/\/www.aquilaguna.com\/index.php\/wp-json\/wp\/v2\/posts"}],"about":[{"href":"https:\/\/www.aquilaguna.com\/index.php\/wp-json\/wp\/v2\/types\/post"}],"author":[{"embeddable":true,"href":"https:\/\/www.aquilaguna.com\/index.php\/wp-json\/wp\/v2\/users\/1"}],"replies":[{"embeddable":true,"href":"https:\/\/www.aquilaguna.com\/index.php\/wp-json\/wp\/v2\/comments?post=11928"}],"version-history":[{"count":1,"href":"https:\/\/www.aquilaguna.com\/index.php\/wp-json\/wp\/v2\/posts\/11928\/revisions"}],"predecessor-version":[{"id":11930,"href":"https:\/\/www.aquilaguna.com\/index.php\/wp-json\/wp\/v2\/posts\/11928\/revisions\/11930"}],"wp:featuredmedia":[{"embeddable":true,"href":"https:\/\/www.aquilaguna.com\/index.php\/wp-json\/wp\/v2\/media\/11929"}],"wp:attachment":[{"href":"https:\/\/www.aquilaguna.com\/index.php\/wp-json\/wp\/v2\/media?parent=11928"}],"wp:term":[{"taxonomy":"category","embeddable":true,"href":"https:\/\/www.aquilaguna.com\/index.php\/wp-json\/wp\/v2\/categories?post=11928"},{"taxonomy":"post_tag","embeddable":true,"href":"https:\/\/www.aquilaguna.com\/index.php\/wp-json\/wp\/v2\/tags?post=11928"}],"curies":[{"name":"wp","href":"https:\/\/api.w.org\/{rel}","templated":true}]}}