{"id":11934,"date":"2022-10-26T17:32:39","date_gmt":"2022-10-26T22:32:39","guid":{"rendered":"https:\/\/www.aquilaguna.com\/?p=11934"},"modified":"2022-10-26T17:32:40","modified_gmt":"2022-10-26T22:32:40","slug":"reconoce-coahuila-el-trabajo-de-sus-medicos-ante-el-covid","status":"publish","type":"post","link":"https:\/\/www.aquilaguna.com\/index.php\/2022\/10\/26\/reconoce-coahuila-el-trabajo-de-sus-medicos-ante-el-covid\/","title":{"rendered":"RECONOCE COAHUILA EL TRABAJO DE SUS M\u00c9DICOS ANTE EL COVID."},"content":{"rendered":"\n<p>\u00b7\u00a0\u00a0\u00a0\u00a0\u00a0\u00a0<strong><em>\u00a0En el marco de los festejos con motivo del D\u00eda del M\u00e9dico, el Gobierno de Coahuila destac\u00f3 la labor emprendida ante la actual pandemia.<\/em><\/strong><\/p>\n\n\n\n<p>Saltillo, Coahuila de Zaragoza; a 26 de Octubre del 2022.- En reconocimiento al arduo labor que desempe\u00f1an en pro del bienestar de la poblaci\u00f3n, en el marco de la celebraci\u00f3n del D\u00eda del M\u00e9dico, el Gobierno del Estado, a trav\u00e9s de la Secretar\u00eda de Salud de Coahuila y en coordinaci\u00f3n con la Secretar\u00eda de Inclusi\u00f3n y Desarrollo Social, ofreci\u00f3 un desayuno en honor a m\u00e9dicos y autoridades pertenecientes al Sector Salud P\u00fablico del Estado.<\/p>\n\n\n\n<p>En su mensaje, el Secretario de Salud de Coahuila, Roberto Bernal G\u00f3mez, explic\u00f3 que en M\u00e9xico el D\u00eda del M\u00e9dico se celebra desde 1930 el d\u00eda 23 de octubre, convirti\u00e9ndose en un d\u00eda para reconocer el gran esfuerzo que realizan en beneficio de la comunidad.<\/p>\n\n\n\n<p>Especialmente tras la contingencia sanitaria, que puso a prueba a todo el Sistema de Salud, por lo que agradeci\u00f3 a todo el personal m\u00e9dico al ser pieza clave para llegar a la nueva normalidad.<\/p>\n\n\n\n<p>\u201cLa actual pandemia puso a prueba nuestra vocaci\u00f3n y compromiso con la comunidad. Gracias al trabajo de todas y todos ustedes, Coahuila se distingui\u00f3 por ser un Estado l\u00edder en la detecci\u00f3n y atenci\u00f3n de casos por Covid-19\u201d, se\u00f1al\u00f3.<\/p>\n\n\n\n<p>Resalt\u00f3 que durante la pandemia, para el gobernador Miguel Riquelme el mayor logro fue salvar tantas vidas c\u00f3mo fue posible.<\/p>\n\n\n\n<p>\u201cCada vez que un paciente lograba su alta, tocaba la campana anunciando haber superado la enfermedad. El pecho se nos hinchaba de orgullo. Por todos y cada uno de ellos, tanto esfuerzo y sacrificio valieron la pena. Ese es el mayor reconocimiento, el de la gente!\u201d, dijo.<\/p>\n\n\n\n<p>Por su parte, el Secretario de Inclusi\u00f3n y Desarrollo Social del Estado, Manolo Jimenez Salinas, reconoci\u00f3 el invaluable trabajo que los doctores realizan por mantener la salud y la integridad de la ciudadan\u00eda, destacando tambi\u00e9n su actuar incansable a lo largo de la pandemia.<\/p>\n\n\n\n<p>\u201cCuando fui Alcalde de Saltillo me toc\u00f3 vivir la pandemia que nos tom\u00f3 por sorpresa a todos, y en conjunto con el Gobierno del Estado para asentar medidas de prevenci\u00f3n, detecci\u00f3n y atenci\u00f3n de casos de Covid. Pero el trabajo m\u00e1s importante fue el que realizaron m\u00e9dicos y enfermeras al interior de los hospitales\u201d, coment\u00f3.<\/p>\n\n\n\n<p>De las autoridades de Salud, acudieron Eliud Aguirre V\u00e1zquez, Subsecretario de Salud; Sergio de la Parra Juambelz, Subsecretario de Regulaci\u00f3n y Fomento Sanitario;&nbsp; Francisco Hern\u00e1ndez Esparza, Coordinador de COETRA; Ra\u00fal Castillo, Subdelegado del ISSSTE en Saltillo, y Jorge Bill Soto, Jefe de la Jurisdicci\u00f3n Sanitaria de Saltillo.<\/p>\n","protected":false},"excerpt":{"rendered":"<p>\u00b7\u00a0\u00a0\u00a0\u00a0\u00a0\u00a0\u00a0En el marco de los festejos con motivo del D\u00eda del M\u00e9dico, el Gobierno de Coahuila destac\u00f3 la labor emprendida ante la actual pandemia. Saltillo, Coahuila de Zaragoza; a 26 de Octubre del 2022.- En reconocimiento al arduo labor que desempe\u00f1an en pro del bienestar de la poblaci\u00f3n, en el marco de la celebraci\u00f3n del D\u00eda del M\u00e9dico, el Gobierno del Estado, a trav\u00e9s de la Secretar\u00eda de Salud de&#8230;<\/p>\n","protected":false},"author":1,"featured_media":11935,"comment_status":"closed","ping_status":"closed","sticky":false,"template":"","format":"standard","meta":{"footnotes":""},"categories":[5,15,14],"tags":[],"class_list":["post-11934","post","type-post","status-publish","format-standard","has-post-thumbnail","hentry","category-coahuila","category-gobierno-de-coahuila","category-salud","wpcat-5-id","wpcat-15-id","wpcat-14-id"],"_links":{"self":[{"href":"https:\/\/www.aquilaguna.com\/index.php\/wp-json\/wp\/v2\/posts\/11934","targetHints":{"allow":["GET"]}}],"collection":[{"href":"https:\/\/www.aquilaguna.com\/index.php\/wp-json\/wp\/v2\/posts"}],"about":[{"href":"https:\/\/www.aquilaguna.com\/index.php\/wp-json\/wp\/v2\/types\/post"}],"author":[{"embeddable":true,"href":"https:\/\/www.aquilaguna.com\/index.php\/wp-json\/wp\/v2\/users\/1"}],"replies":[{"embeddable":true,"href":"https:\/\/www.aquilaguna.com\/index.php\/wp-json\/wp\/v2\/comments?post=11934"}],"version-history":[{"count":1,"href":"https:\/\/www.aquilaguna.com\/index.php\/wp-json\/wp\/v2\/posts\/11934\/revisions"}],"predecessor-version":[{"id":11936,"href":"https:\/\/www.aquilaguna.com\/index.php\/wp-json\/wp\/v2\/posts\/11934\/revisions\/11936"}],"wp:featuredmedia":[{"embeddable":true,"href":"https:\/\/www.aquilaguna.com\/index.php\/wp-json\/wp\/v2\/media\/11935"}],"wp:attachment":[{"href":"https:\/\/www.aquilaguna.com\/index.php\/wp-json\/wp\/v2\/media?parent=11934"}],"wp:term":[{"taxonomy":"category","embeddable":true,"href":"https:\/\/www.aquilaguna.com\/index.php\/wp-json\/wp\/v2\/categories?post=11934"},{"taxonomy":"post_tag","embeddable":true,"href":"https:\/\/www.aquilaguna.com\/index.php\/wp-json\/wp\/v2\/tags?post=11934"}],"curies":[{"name":"wp","href":"https:\/\/api.w.org\/{rel}","templated":true}]}}