{"id":12016,"date":"2022-10-31T18:02:59","date_gmt":"2022-11-01T00:02:59","guid":{"rendered":"https:\/\/www.aquilaguna.com\/?p=12016"},"modified":"2022-10-31T18:03:00","modified_gmt":"2022-11-01T00:03:00","slug":"la-laguna-presente-en-la-caravana-de-la-nueva-escuela-mexicana-transformando-comunidades","status":"publish","type":"post","link":"https:\/\/www.aquilaguna.com\/index.php\/2022\/10\/31\/la-laguna-presente-en-la-caravana-de-la-nueva-escuela-mexicana-transformando-comunidades\/","title":{"rendered":"LA LAGUNA PRESENTE EN LA CARAVANA DE LA NUEVA ESCUELA MEXICANA: TRANSFORMANDO COMUNIDADES."},"content":{"rendered":"\n<p>Comarca Lagunera.- Con el prop\u00f3sito de presentar de manera simult\u00e1nea en la<br>regi\u00f3n Laguna de Durango la Caravana de la Nueva Escuela Mexicana:<br>Transformando Comunidades, que arrancaron a nivel nacional el gobernador del<br>estado, Esteban Alejandro Villegas Villarreal y el director General de Materiales<br>Educativos de la Secretar\u00eda de Educaci\u00f3n P\u00fablica, Marx Arriaga Navarro; se llev\u00f3<br>a cabo un evento protocolario en las instalaciones de la Casa de la Cultura de<br>G\u00f3mez Palacio, donde se dieron citas autoridades educativas.<\/p>\n\n\n\n<p>En un mensaje, Fernando Ulises Adame de Le\u00f3n, subsecretario de Educaci\u00f3n en<br>La Laguna, destac\u00f3 que es un d\u00eda hist\u00f3rico porque se arranca en Durango este<br>proyecto nacional que surge con la colaboraci\u00f3n de los docentes. Indic\u00f3 que este<br>modelo es lo que M\u00e9xico necesita en materia educativa.<\/p>\n\n\n\n<p>Jairo Sigfrido Ser\u00f3n Franco, director de Servicios Educativos en la Subsecretar\u00eda<br>de Educaci\u00f3n del Estado de Durango en la Laguna, por su parte, destac\u00f3 que a<br>trav\u00e9s de estas acciones en la regi\u00f3n se pretende, que los Consejos T\u00e9cnicos<br>Escolares de las instituciones educativas de la regi\u00f3n analicen el tema y puedan<br>estructurarlo dentro de sus planteles.<\/p>\n\n\n\n<p>Estuvieron de manera presencial alrededor de 450 personas, adem\u00e1s de quienes<br>lo hicieron de forma virtual desde sus respectivos planteles, donde estuvieron<br>atendiendo la reuni\u00f3n desde sus ordenadores.<\/p>\n\n\n\n<p>Mencion\u00f3, que la pandemia fue una experiencia que les dej\u00f3 herramientas para<br>trabajar desde casa, es por ello que los materiales que usar\u00e1n las ni\u00f1as y ni\u00f1os<br>estar\u00e1n avalados y contar\u00e1n con el acompa\u00f1amiento de la comunidad educativa.<\/p>\n\n\n\n<p>Destac\u00f3, que durante la pandemia se present\u00f3 un rezago en materia educativa<br>entre el 10 y 12 porciento, es por ello que es necesario trabajar e ir avanzando con<br>la suma de esfuerzos de todos para llegar a buen puerto.<\/p>\n\n\n\n<p>Dijo que, se inicia el proceso de la entrega de materiales para poder ir afianzando;<br>sin embargo, no podr\u00e1 iniciar en el ciclo escolar actual, sino hasta que est\u00e9 todo el<br>contexto y los materiales entregados. Puntualiz\u00f3, que es importante que los<br>materiales sean dise\u00f1ados de forma contextualizada para garantizar un mejor<br>desempe\u00f1o de las ni\u00f1as y los ni\u00f1os.<\/p>\n\n\n\n<p>Se\u00f1al\u00f3 que buscar\u00e1n focalizar el \u00e1rea de mayor oportunidad para trabajar con los<br>equipos pedag\u00f3gicos y psicol\u00f3gicos, posteriormente realizar\u00e1n talleres de<br>reconocimientos de los materiales, dijo que hay un gran compromiso por parte de<br>los maestros, adem\u00e1s de que integrar\u00e1 a la familia, es el primer contacto con la<br>educaci\u00f3n que tienen las ni\u00f1as y los ni\u00f1os.<\/p>\n\n\n\n<p>Estuvieron presentes en la Regi\u00f3n Laguna, Laura Montes del Toro, Coordinadora<br>del Despacho del Ejecutivo en La Laguna; Rodolfo Silva Rosales, de la Asociaci\u00f3n<br>Nacional de Instituciones de Educaci\u00f3n Privada; Jairo Sigfrido Ser\u00f3n Franco,<br>director de Servicios Educativos en la Subsecretar\u00eda de Educaci\u00f3n del Estado de<br>Durango y Marco Aurelio Guti\u00e9rrez Mares, director de la Casa de la Cultura de<br>G\u00f3mez Palacio.<\/p>\n","protected":false},"excerpt":{"rendered":"<p>Comarca Lagunera.- Con el prop\u00f3sito de presentar de manera simult\u00e1nea en laregi\u00f3n Laguna de Durango la Caravana de la Nueva Escuela Mexicana:Transformando Comunidades, que arrancaron a nivel nacional el gobernador delestado, Esteban Alejandro Villegas Villarreal y el director General de MaterialesEducativos de la Secretar\u00eda de Educaci\u00f3n P\u00fablica, Marx Arriaga Navarro; se llev\u00f3a cabo un evento protocolario en las instalaciones de la Casa de la Cultura deG\u00f3mez Palacio, donde se dieron&#8230;<\/p>\n","protected":false},"author":1,"featured_media":12017,"comment_status":"closed","ping_status":"closed","sticky":false,"template":"","format":"standard","meta":{"footnotes":""},"categories":[40,9,64],"tags":[],"class_list":["post-12016","post","type-post","status-publish","format-standard","has-post-thumbnail","hentry","category-durango","category-educacion","category-gobierno-de-durango","wpcat-40-id","wpcat-9-id","wpcat-64-id"],"_links":{"self":[{"href":"https:\/\/www.aquilaguna.com\/index.php\/wp-json\/wp\/v2\/posts\/12016","targetHints":{"allow":["GET"]}}],"collection":[{"href":"https:\/\/www.aquilaguna.com\/index.php\/wp-json\/wp\/v2\/posts"}],"about":[{"href":"https:\/\/www.aquilaguna.com\/index.php\/wp-json\/wp\/v2\/types\/post"}],"author":[{"embeddable":true,"href":"https:\/\/www.aquilaguna.com\/index.php\/wp-json\/wp\/v2\/users\/1"}],"replies":[{"embeddable":true,"href":"https:\/\/www.aquilaguna.com\/index.php\/wp-json\/wp\/v2\/comments?post=12016"}],"version-history":[{"count":1,"href":"https:\/\/www.aquilaguna.com\/index.php\/wp-json\/wp\/v2\/posts\/12016\/revisions"}],"predecessor-version":[{"id":12018,"href":"https:\/\/www.aquilaguna.com\/index.php\/wp-json\/wp\/v2\/posts\/12016\/revisions\/12018"}],"wp:featuredmedia":[{"embeddable":true,"href":"https:\/\/www.aquilaguna.com\/index.php\/wp-json\/wp\/v2\/media\/12017"}],"wp:attachment":[{"href":"https:\/\/www.aquilaguna.com\/index.php\/wp-json\/wp\/v2\/media?parent=12016"}],"wp:term":[{"taxonomy":"category","embeddable":true,"href":"https:\/\/www.aquilaguna.com\/index.php\/wp-json\/wp\/v2\/categories?post=12016"},{"taxonomy":"post_tag","embeddable":true,"href":"https:\/\/www.aquilaguna.com\/index.php\/wp-json\/wp\/v2\/tags?post=12016"}],"curies":[{"name":"wp","href":"https:\/\/api.w.org\/{rel}","templated":true}]}}