{"id":12060,"date":"2022-11-02T20:21:30","date_gmt":"2022-11-03T02:21:30","guid":{"rendered":"https:\/\/www.aquilaguna.com\/?p=12060"},"modified":"2022-11-02T20:21:31","modified_gmt":"2022-11-03T02:21:31","slug":"teleferico-torreon-y-puerto-noas-permaneceran-cerrados-hoy-por-mantenimiento","status":"publish","type":"post","link":"https:\/\/www.aquilaguna.com\/index.php\/2022\/11\/02\/teleferico-torreon-y-puerto-noas-permaneceran-cerrados-hoy-por-mantenimiento\/","title":{"rendered":"TELEF\u00c9RICO TORRE\u00d3N Y PUERTO NOAS PERMANECER\u00c1N CERRADOS HOY POR MANTENIMIENTO."},"content":{"rendered":"\n<p>Torre\u00f3n, Coahuila de Zaragoza; a 2 de Noviembre de 2022.- El Telef\u00e9rico de Torre\u00f3n y el Puerto Noas estar\u00e1n cerrados este d\u00eda 2 de noviembre debido a que se les estar\u00e1 dando mantenimiento, derivado de que en los \u00faltimos d\u00edas se ha visto un incremento en los turistas y visitantes.<\/p>\n\n\n\n<p>Ver\u00f3nica Soto D\u00edaz, Directora General del transporte a\u00e9reo y del parque ecol\u00f3gico, detall\u00f3 que la \u00fanica finalidad siempre ha sido la que indic\u00f3 el gobernador Miguel \u00c1ngel Riquelme Sol\u00eds, de brindar el mejor servicio a la ciudadan\u00eda.<\/p>\n\n\n\n<p><strong>EVENTOS PROGRAMADOS PARA PUERTO NOAS<\/strong><\/p>\n\n\n\n<p>Por otra parte, la servidora p\u00fablica exhort\u00f3 a la poblaci\u00f3n a acudir la Galer\u00eda del Puerto Noas, del 3 al 14 de noviembre, donde se estar\u00e1 exponiendo y vendiendo productos de \u201cM\u00e9xico Matices de Vida y Muerte\u201d.<\/p>\n\n\n\n<p>Se trata de catrinas y catrines de cartoner\u00eda, es decir, alusivas a la fecha del D\u00eda de Muertos, y que fueron hechas por el artista Juan Carlos Garc\u00eda Originales.<\/p>\n\n\n\n<p>Igualmente invit\u00f3 a las y los interesados en inscribirse a la clase de maquillaje con Inky Cortez sobre la Catrina Mexicana, a que lo hagan, toda vez que a\u00fan hay lugares.<\/p>\n\n\n\n<p>Cabe destacar que \u00e9sta ser\u00e1 el d\u00eda 5 de noviembre en punto de las 15:30 horas en la Estaci\u00f3n Trevi\u00f1o del Telef\u00e9rico de Torre\u00f3n.<\/p>\n\n\n\n<p>Una vez que concluyan con esta clase, los participantes acudir\u00e1n a la Alameda Zaragoza para sumarse al Desfile de Catrinas, que saldr\u00e1 de la Fuente del Pensador hasta la Plaza Mayor a las 19:00 horas.<\/p>\n\n\n\n<p>Sobre qui\u00e9n es Inky Cortez, la funcionaria estatal coment\u00f3 que se trata de una especialista en maquillaje social, editorial, fotogr\u00e1fico, de cine, teatral, de body paint, de face paint, aerogr\u00e1fico, caracterizaci\u00f3n, fantas\u00eda y maquillaje de transformaci\u00f3n, por lo que vale la pena tomar de ella esta clase.<\/p>\n\n\n\n<p>Los materiales que necesitan llevar son: Espejo de mano, toallitas h\u00famedas, hidratante, maquillaje de acuarela o crema, l\u00e1piz adhesivo, polvos trasl\u00facidos, pinceler\u00eda con filamentos sint\u00e9ticos (funcionan los de arte), brochas de maquillaje para polvo y, para difuminar, sombras de colores intensos y vibrantes y sombras neutras.<\/p>\n\n\n\n<p>Para mayor informaci\u00f3n sobre \u00e9sta, pueden escribir a la p\u00e1gina de facebook: Telef\u00e9rico Torre\u00f3n Oficial.<\/p>\n\n\n\n<p>De esta manera, Soto D\u00edaz confirm\u00f3 que el objetivo es que desde este escenario se participe en los festejos que son conocidos a trav\u00e9s del mundo y que son Patrimonio Cultural Inmaterial de la Humanidad y que sirvan para generar una tradici\u00f3n en La Laguna.<\/p>\n","protected":false},"excerpt":{"rendered":"<p>Torre\u00f3n, Coahuila de Zaragoza; a 2 de Noviembre de 2022.- El Telef\u00e9rico de Torre\u00f3n y el Puerto Noas estar\u00e1n cerrados este d\u00eda 2 de noviembre debido a que se les estar\u00e1 dando mantenimiento, derivado de que en los \u00faltimos d\u00edas se ha visto un incremento en los turistas y visitantes. Ver\u00f3nica Soto D\u00edaz, Directora General del transporte a\u00e9reo y del parque ecol\u00f3gico, detall\u00f3 que la \u00fanica finalidad siempre ha sido&#8230;<\/p>\n","protected":false},"author":1,"featured_media":12061,"comment_status":"closed","ping_status":"closed","sticky":false,"template":"","format":"standard","meta":{"footnotes":""},"categories":[5,15,7,34],"tags":[],"class_list":["post-12060","post","type-post","status-publish","format-standard","has-post-thumbnail","hentry","category-coahuila","category-gobierno-de-coahuila","category-torreon","category-turismo","wpcat-5-id","wpcat-15-id","wpcat-7-id","wpcat-34-id"],"_links":{"self":[{"href":"https:\/\/www.aquilaguna.com\/index.php\/wp-json\/wp\/v2\/posts\/12060","targetHints":{"allow":["GET"]}}],"collection":[{"href":"https:\/\/www.aquilaguna.com\/index.php\/wp-json\/wp\/v2\/posts"}],"about":[{"href":"https:\/\/www.aquilaguna.com\/index.php\/wp-json\/wp\/v2\/types\/post"}],"author":[{"embeddable":true,"href":"https:\/\/www.aquilaguna.com\/index.php\/wp-json\/wp\/v2\/users\/1"}],"replies":[{"embeddable":true,"href":"https:\/\/www.aquilaguna.com\/index.php\/wp-json\/wp\/v2\/comments?post=12060"}],"version-history":[{"count":1,"href":"https:\/\/www.aquilaguna.com\/index.php\/wp-json\/wp\/v2\/posts\/12060\/revisions"}],"predecessor-version":[{"id":12062,"href":"https:\/\/www.aquilaguna.com\/index.php\/wp-json\/wp\/v2\/posts\/12060\/revisions\/12062"}],"wp:featuredmedia":[{"embeddable":true,"href":"https:\/\/www.aquilaguna.com\/index.php\/wp-json\/wp\/v2\/media\/12061"}],"wp:attachment":[{"href":"https:\/\/www.aquilaguna.com\/index.php\/wp-json\/wp\/v2\/media?parent=12060"}],"wp:term":[{"taxonomy":"category","embeddable":true,"href":"https:\/\/www.aquilaguna.com\/index.php\/wp-json\/wp\/v2\/categories?post=12060"},{"taxonomy":"post_tag","embeddable":true,"href":"https:\/\/www.aquilaguna.com\/index.php\/wp-json\/wp\/v2\/tags?post=12060"}],"curies":[{"name":"wp","href":"https:\/\/api.w.org\/{rel}","templated":true}]}}