{"id":12132,"date":"2022-11-07T17:42:04","date_gmt":"2022-11-07T23:42:04","guid":{"rendered":"https:\/\/www.aquilaguna.com\/?p=12132"},"modified":"2022-11-07T17:42:04","modified_gmt":"2022-11-07T23:42:04","slug":"a-punto-operativo-de-seguridad-por-el-buen-fin","status":"publish","type":"post","link":"https:\/\/www.aquilaguna.com\/index.php\/2022\/11\/07\/a-punto-operativo-de-seguridad-por-el-buen-fin\/","title":{"rendered":"A punto operativo de seguridad por El Buen Fin."},"content":{"rendered":"\n<p>Torre\u00f3n, Coahuila.- A punto, el operativo de seguridad que\u00a0 a cargo de la Direcci\u00f3n de Seguridad P\u00fablica en este municipio a cargo del Comandante C\u00e9sar Perales Esparza, estar\u00e1 despleg\u00e1ndose\u00a0 en todos los corredores comerciales de la ciudad,\u00a0 durante\u00a0 la celebraci\u00f3n del Buen Fin en esta ciudad.<\/p>\n\n\n\n<p>Aunque tal feriado\u00a0 est\u00e1 a\u00fan por \u00a0 tener lugar este mismo mes de noviembre, el jefe polic\u00edaco, inform\u00f3\u00a0 tales puntos tendr\u00e1n atenci\u00f3n especial, si bien la vigilancia que se despliega en Torre\u00f3n es general, indic\u00f3, &#8220;y solo estar\u00edamos aumentando\u00a0 el n\u00famero de elementos a cargo de\u00a0 tales tareas especiales&#8221;.<\/p>\n\n\n\n<p>Indic\u00f3 que\u00a0 en el tema de\u00a0 adquisici\u00f3n de armamento destinado al equipamiento del cuerpo polic\u00edaco a su cargo, &#8220;se han hecho ya las gestiones necesarias para esta operaci\u00f3n, ante la Sedena,\u00a0 y depende de \u00e9sta, realizar la entrega de lo solicitado en esta materia&#8221;.<\/p>\n\n\n\n<p>Preguntado si hay armamento suficiente, indic\u00f3 que, &#8220;nunca lo es y no es por falta de armamento, sino porque hay que actualizarlo para que\u00a0 sea efectivo el servicio&#8221;.<\/p>\n\n\n\n<p>En cuanto a\u00a0 las armas y calibres autorizadas para\u00a0 su portaci\u00f3n y uso\u00a0 de las fuerzas polic\u00edacas preventivas, como es el caso de la polic\u00eda municipal local, el Comandante\u00a0 Perales Esparza puntualiz\u00f3 que entre estas se encuentran; la 38 especial, 9 mil\u00edmetros, y el\u00a0 R.-15.<\/p>\n\n\n\n<p>Indico, tras ser preguntado que, \u00a0 &#8220;la portaci\u00f3n de R-15\u00a0 en manos de polic\u00edas preventivos, se encuentra autorizado por la Ley\u00a0 General de Armas de Fuego, para el uso exclusivo de la polic\u00eda, debido a que la delincuencia ha mutado en\u00a0 este tipo de equipamiento y es necesario que el polic\u00eda cuente con la capacidad de fuego que permitir\u00e1 enfrentar situaciones\u00a0 dif\u00edciles&#8221;.<\/p>\n\n\n\n<p>En cuanto a que n\u00famero de R-15 \u00a0 se cuentan como armas permitidas en la polic\u00eda local, expres\u00f3 que, &#8220;lo ideal es que cada uno de los elementos\u00a0 tuviera uno a su cargo, pero\u00a0 a veces los elementos no requieren tal tipo de armas para sus funciones y en un 80 a 90%\u00a0 si cuenta con ello&#8221;.<\/p>\n\n\n\n<p>Los tiempos cambiaron\u00a0 totalmente, afirm\u00f3 el Comandante Perales Esparza,\u00a0 &#8220;ya no tenemos la misma delincuencia, pues estos andan armados y es necesario hacer las gestiones para contar\u00a0 nuestra polic\u00eda con armas autom\u00e1ticas&#8221;.<\/p>\n","protected":false},"excerpt":{"rendered":"<p>Torre\u00f3n, Coahuila.- A punto, el operativo de seguridad que\u00a0 a cargo de la Direcci\u00f3n de Seguridad P\u00fablica en este municipio a cargo del Comandante C\u00e9sar Perales Esparza, estar\u00e1 despleg\u00e1ndose\u00a0 en todos los corredores comerciales de la ciudad,\u00a0 durante\u00a0 la celebraci\u00f3n del Buen Fin en esta ciudad. Aunque tal feriado\u00a0 est\u00e1 a\u00fan por \u00a0 tener lugar este mismo mes de noviembre, el jefe polic\u00edaco, inform\u00f3\u00a0 tales puntos tendr\u00e1n atenci\u00f3n especial, si&#8230;<\/p>\n","protected":false},"author":2,"featured_media":0,"comment_status":"closed","ping_status":"","sticky":false,"template":"","format":"standard","meta":{"footnotes":""},"categories":[5,28,24,7],"tags":[],"class_list":["post-12132","post","type-post","status-publish","format-standard","hentry","category-coahuila","category-la-laguna","category-seguridad","category-torreon","wpcat-5-id","wpcat-28-id","wpcat-24-id","wpcat-7-id"],"_links":{"self":[{"href":"https:\/\/www.aquilaguna.com\/index.php\/wp-json\/wp\/v2\/posts\/12132","targetHints":{"allow":["GET"]}}],"collection":[{"href":"https:\/\/www.aquilaguna.com\/index.php\/wp-json\/wp\/v2\/posts"}],"about":[{"href":"https:\/\/www.aquilaguna.com\/index.php\/wp-json\/wp\/v2\/types\/post"}],"author":[{"embeddable":true,"href":"https:\/\/www.aquilaguna.com\/index.php\/wp-json\/wp\/v2\/users\/2"}],"replies":[{"embeddable":true,"href":"https:\/\/www.aquilaguna.com\/index.php\/wp-json\/wp\/v2\/comments?post=12132"}],"version-history":[{"count":1,"href":"https:\/\/www.aquilaguna.com\/index.php\/wp-json\/wp\/v2\/posts\/12132\/revisions"}],"predecessor-version":[{"id":12133,"href":"https:\/\/www.aquilaguna.com\/index.php\/wp-json\/wp\/v2\/posts\/12132\/revisions\/12133"}],"wp:attachment":[{"href":"https:\/\/www.aquilaguna.com\/index.php\/wp-json\/wp\/v2\/media?parent=12132"}],"wp:term":[{"taxonomy":"category","embeddable":true,"href":"https:\/\/www.aquilaguna.com\/index.php\/wp-json\/wp\/v2\/categories?post=12132"},{"taxonomy":"post_tag","embeddable":true,"href":"https:\/\/www.aquilaguna.com\/index.php\/wp-json\/wp\/v2\/tags?post=12132"}],"curies":[{"name":"wp","href":"https:\/\/api.w.org\/{rel}","templated":true}]}}