{"id":1215,"date":"2021-03-25T19:24:34","date_gmt":"2021-03-26T01:24:34","guid":{"rendered":"https:\/\/www.aquilaguna.com\/?p=1215"},"modified":"2021-03-25T19:24:36","modified_gmt":"2021-03-26T01:24:36","slug":"tiene-nueva-titular-el-tribunal-universitario-para-la-atencion-de-los-casos-de-violencia-de-genero-de-la-uadec","status":"publish","type":"post","link":"https:\/\/www.aquilaguna.com\/index.php\/2021\/03\/25\/tiene-nueva-titular-el-tribunal-universitario-para-la-atencion-de-los-casos-de-violencia-de-genero-de-la-uadec\/","title":{"rendered":"Tiene Nueva Titular el Tribunal Universitario para la Atenci\u00f3n de los Casos de Violencia de G\u00e9nero de la UAdeC."},"content":{"rendered":"\n<p>SALTILLO, Coahuila. 25 de marzo de 2021.- Con el fin de garantizar la protecci\u00f3n<br>a estudiantes, maestros y trabajadores de la Universidad Aut\u00f3noma de Coahuila,<br>se design\u00f3 a la Lic. Nadia Salas Carrillo como nueva titular del Tribunal<br>Universitario para la Atenci\u00f3n de los Casos de Violencia de G\u00e9nero adscrito a la<br>Defensor\u00eda de los Derechos Humanos Universitarios.<\/p>\n\n\n\n<p>El cargo fue aprobado el 17 de marzo por la Comisi\u00f3n de Honor y Justicia General<br>del H. Consejo Universitario con decisi\u00f3n un\u00e1nime y el nombramiento fue<br>entregado por el presidente ex oficio de dicha comisi\u00f3n y Secretario General de la<br>UAdeC, Miguel \u00c1ngel Rodr\u00edguez Calder\u00f3n, el pasado d\u00eda 19.<\/p>\n\n\n\n<p>La nueva titular del Tribunal Universitario de la DDHU, Nadia Libertad Salas Carillo<br>inform\u00f3 que, esta nueva designaci\u00f3n supone una continuidad en el trabajo que ya<br>se hac\u00eda en esta instancia para recibir, atender y resolver las problem\u00e1ticas de<br>violencia de g\u00e9nero que aquejan a la comunidad universitaria.<\/p>\n\n\n\n<p>Explic\u00f3 que, dentro de las estrategias a implementar en esta nueva gesti\u00f3n, es<br>seguir con la visibilizaci\u00f3n de la violencia en todos sus contextos a trav\u00e9s de<br>campa\u00f1as de difusi\u00f3n, cursos y talleres con las y los universitarios, y con ello<br>prevenir la violencia de g\u00e9nero o en su caso, atender los procesos de asesor\u00eda y<br>denuncia de manera r\u00e1pida y expedita.<\/p>\n\n\n\n<p>\u201cTodos los casos que llegan al Tribunal Universitario deben ser atendidos y<br>resueltos, afortunadamente se cuenta con el Protocolo de Actuaci\u00f3n para<br>Prevenir, Sancionar y Erradicar la Violencia de G\u00e9nero al Interior de la<br>Universidad, como mecanismo de denuncia y que contempla problem\u00e1ticas que<br>forman parte de la agenda de trabajo de la DDHU\u201d, expres\u00f3 Salas Carrillo.<\/p>\n\n\n\n<p>Asimismo, coment\u00f3 que la actuaci\u00f3n del Tribunal inicia desde el momento que la<br>persona afectada manifiesta la situaci\u00f3n de violencia de g\u00e9nero, ya sea con las y<br>los facilitadores de las Escuelas, Facultades, Institutos y Dependencias de la<br>UAdeC, directamente en las instalaciones de la Defensor\u00eda o por medio del correo<br>electr\u00f3nico: tribunal@uadec.edu.mx , o en el portal web:<br><a href=\"http:\/\/www.uadec.mx\/universitariosseguros\/\" target=\"_blank\" rel=\"noreferrer noopener\">http:\/\/www.uadec.mx\/universitariosseguros\/<\/a>.<\/p>\n\n\n\n<p>\u201cPara la atenci\u00f3n de las v\u00edctimas, se realiza una entrevista de primer contacto<br>donde se eval\u00faa el caso y se explica el procedimiento a seguir, asimismo, por<br>medio de la Unidad de Atenci\u00f3n Inmediata y de Primer Contacto brindamos de manera gratuita asesor\u00eda, apoyo psicol\u00f3gico y acompa\u00f1amiento de manera m\u00e1s<br>eficaz\u201d, agreg\u00f3 la Titular.<\/p>\n\n\n\n<p>Nadia Salas, detall\u00f3 que posterior a la denuncia formal, la dependencia tiene las<br>facultades para tomar medidas cautelares si se tiene la sospecha de que hay un<br>riesgo en la convivencia en el ambiente universitario, as\u00ed como las funciones para<br>investigar, canalizar y resolver los casos en un plazo de 15 d\u00edas h\u00e1biles, si as\u00ed lo<br>permiten las diligencias correspondientes para la mediaci\u00f3n y resoluciones.<\/p>\n\n\n\n<p>De igual forma, la titular del Tribunal mencion\u00f3 que, por condiciones de la<br>pandemia, se est\u00e1n atendiendo la mayor\u00eda de las querellas por medio de Microsoft<br>Teams, no obstante, quien desee la atenci\u00f3n de manera presencial puede acudir a<br>las instalaciones de este organismo, el cual cuenta con todas las medidas de<br>higiene y seguridad en el Antiguo Edificio de la Facultad de Sistemas, segundo<br>piso, en la calle Salvador Gonz\u00e1lez Lobo y Blvd. Venustiano Carranza, CP. 25280,<br>en Saltillo Coahuila.<\/p>\n\n\n\n<p>En referencia a los recientes Foros de consulta para revisar y actualizar el<br>Protocolo de Actuaci\u00f3n que se llevaron a cabo de manera presencial y virtual en la<br>Unidad Saltillo, Torre\u00f3n y Norte, Salas Carrillo destac\u00f3 que la Defensor\u00eda junto con<br>el Tribunal, se encuentran en una fase de comunicaci\u00f3n abierta y de<br>sistematizaci\u00f3n de la informaci\u00f3n para valorar todas las propuestas realizadas por<br>las y los universitarios.<\/p>\n\n\n\n<p>\u201cLos comentarios, sugerencias y quejas recibidas se van a tomar cuenta y en caso<br>de la aprobaci\u00f3n de reforma al Protocolo de Actuaci\u00f3n, se establecer\u00e1 un<br>parteaguas para nuestro plan de trabajo, en el cual queremos difundir de manera<br>m\u00e1s amplia todos los mecanismos de defensa que nuestra Universidad ofrece\u201d,<br>puntualiz\u00f3.<\/p>\n\n\n\n<p>Nadia Libertad Salas Carrillo es licenciada en Derecho con experiencia en asuntos<br>civiles, mercantiles, penales y laborales, adem\u00e1s, cuenta con una Maestr\u00eda en<br>Derecho Laboral y se ha desempe\u00f1ado en diversos puestos universitarios como<br>colaboradora en el Departamento Jur\u00eddico-laboral de la Oficial\u00eda Mayor, as\u00ed como<br>Secretaria T\u00e9cnica del Secretario General; en los \u00faltimos cinco a\u00f1os, ejerci\u00f3 el<br>cargo de Defensora Adjunta en la DDHU.<\/p>\n\n\n\n<p>Ha participado activamente en el \u00e1rea de los Derechos Humanos en distintos<br>cursos, diplomados y talleres, particularmente en materia de g\u00e9nero, tambi\u00e9n es<br>integrante del Comit\u00e9 de G\u00e9nero de la UAdeC, cuyo principal objetivo es proponer<br>acciones para generar una cultura de paz al interior de la Universidad; particip\u00f3 en<br>la creaci\u00f3n del Tribunal Universitario para prevenir, atender y sancionar y erradicar<br>la Violencia de G\u00e9nero al interior de la m\u00e1xima casa de estudios.<\/p>\n","protected":false},"excerpt":{"rendered":"<p>SALTILLO, Coahuila. 25 de marzo de 2021.- Con el fin de garantizar la protecci\u00f3na estudiantes, maestros y trabajadores de la Universidad Aut\u00f3noma de Coahuila,se design\u00f3 a la Lic. Nadia Salas Carrillo como nueva titular del TribunalUniversitario para la Atenci\u00f3n de los Casos de Violencia de G\u00e9nero adscrito a laDefensor\u00eda de los Derechos Humanos Universitarios. El cargo fue aprobado el 17 de marzo por la Comisi\u00f3n de Honor y Justicia Generaldel&#8230;<\/p>\n","protected":false},"author":1,"featured_media":1216,"comment_status":"closed","ping_status":"closed","sticky":false,"template":"","format":"standard","meta":{"footnotes":""},"categories":[2],"tags":[],"class_list":["post-1215","post","type-post","status-publish","format-standard","has-post-thumbnail","hentry","category-uadec","wpcat-2-id"],"_links":{"self":[{"href":"https:\/\/www.aquilaguna.com\/index.php\/wp-json\/wp\/v2\/posts\/1215","targetHints":{"allow":["GET"]}}],"collection":[{"href":"https:\/\/www.aquilaguna.com\/index.php\/wp-json\/wp\/v2\/posts"}],"about":[{"href":"https:\/\/www.aquilaguna.com\/index.php\/wp-json\/wp\/v2\/types\/post"}],"author":[{"embeddable":true,"href":"https:\/\/www.aquilaguna.com\/index.php\/wp-json\/wp\/v2\/users\/1"}],"replies":[{"embeddable":true,"href":"https:\/\/www.aquilaguna.com\/index.php\/wp-json\/wp\/v2\/comments?post=1215"}],"version-history":[{"count":1,"href":"https:\/\/www.aquilaguna.com\/index.php\/wp-json\/wp\/v2\/posts\/1215\/revisions"}],"predecessor-version":[{"id":1217,"href":"https:\/\/www.aquilaguna.com\/index.php\/wp-json\/wp\/v2\/posts\/1215\/revisions\/1217"}],"wp:featuredmedia":[{"embeddable":true,"href":"https:\/\/www.aquilaguna.com\/index.php\/wp-json\/wp\/v2\/media\/1216"}],"wp:attachment":[{"href":"https:\/\/www.aquilaguna.com\/index.php\/wp-json\/wp\/v2\/media?parent=1215"}],"wp:term":[{"taxonomy":"category","embeddable":true,"href":"https:\/\/www.aquilaguna.com\/index.php\/wp-json\/wp\/v2\/categories?post=1215"},{"taxonomy":"post_tag","embeddable":true,"href":"https:\/\/www.aquilaguna.com\/index.php\/wp-json\/wp\/v2\/tags?post=1215"}],"curies":[{"name":"wp","href":"https:\/\/api.w.org\/{rel}","templated":true}]}}