{"id":12155,"date":"2022-11-08T18:08:12","date_gmt":"2022-11-09T00:08:12","guid":{"rendered":"https:\/\/www.aquilaguna.com\/?p=12155"},"modified":"2022-11-08T18:08:13","modified_gmt":"2022-11-09T00:08:13","slug":"coahuilense-victor-lopez-se-trae-un-bronce-de-panamericano-de-luchas","status":"publish","type":"post","link":"https:\/\/www.aquilaguna.com\/index.php\/2022\/11\/08\/coahuilense-victor-lopez-se-trae-un-bronce-de-panamericano-de-luchas\/","title":{"rendered":"COAHUILENSE V\u00cdCTOR L\u00d3PEZ SE TRAE UN BRONCE DE PANAMERICANO DE LUCHAS."},"content":{"rendered":"\n<p>Saltillo, Coahuila de Zaragoza; a 8 de Noviembre de 2022.- El luchador coahuilense V\u00edctor L\u00f3pez D\u00e1vila obtuvo la Medalla de Bronce para M\u00e9xico dentro del Campeonato Panamericano U15, celebrado en la Ciudad de R\u00edo Negro, Colombia.<\/p>\n\n\n\n<p>V\u00edctor L\u00f3pez logr\u00f3 esta presea al participar en la Divisi\u00f3n de los 44 Kilos, Estilo Libre. En este mismo Panamericano, el de Coahuila se coloc\u00f3 en la quinta posici\u00f3n, pero en Estilo Grecorromano, con la gu\u00eda de Noel Guti\u00e9rrez, entrenador coahuilense tambi\u00e9n.<\/p>\n\n\n\n<p>L\u00f3pez D\u00e1vila fue convocado para integrar la Selecci\u00f3n Mexicana de la especialidad, gracias a su excelente preparaci\u00f3n y resultados previos a esta competencia.<\/p>\n","protected":false},"excerpt":{"rendered":"<p>Saltillo, Coahuila de Zaragoza; a 8 de Noviembre de 2022.- El luchador coahuilense V\u00edctor L\u00f3pez D\u00e1vila obtuvo la Medalla de Bronce para M\u00e9xico dentro del Campeonato Panamericano U15, celebrado en la Ciudad de R\u00edo Negro, Colombia. V\u00edctor L\u00f3pez logr\u00f3 esta presea al participar en la Divisi\u00f3n de los 44 Kilos, Estilo Libre. En este mismo Panamericano, el de Coahuila se coloc\u00f3 en la quinta posici\u00f3n, pero en Estilo Grecorromano, con&#8230;<\/p>\n","protected":false},"author":1,"featured_media":12156,"comment_status":"closed","ping_status":"closed","sticky":false,"template":"","format":"standard","meta":{"footnotes":""},"categories":[5,33,15],"tags":[],"class_list":["post-12155","post","type-post","status-publish","format-standard","has-post-thumbnail","hentry","category-coahuila","category-deporte","category-gobierno-de-coahuila","wpcat-5-id","wpcat-33-id","wpcat-15-id"],"_links":{"self":[{"href":"https:\/\/www.aquilaguna.com\/index.php\/wp-json\/wp\/v2\/posts\/12155","targetHints":{"allow":["GET"]}}],"collection":[{"href":"https:\/\/www.aquilaguna.com\/index.php\/wp-json\/wp\/v2\/posts"}],"about":[{"href":"https:\/\/www.aquilaguna.com\/index.php\/wp-json\/wp\/v2\/types\/post"}],"author":[{"embeddable":true,"href":"https:\/\/www.aquilaguna.com\/index.php\/wp-json\/wp\/v2\/users\/1"}],"replies":[{"embeddable":true,"href":"https:\/\/www.aquilaguna.com\/index.php\/wp-json\/wp\/v2\/comments?post=12155"}],"version-history":[{"count":1,"href":"https:\/\/www.aquilaguna.com\/index.php\/wp-json\/wp\/v2\/posts\/12155\/revisions"}],"predecessor-version":[{"id":12157,"href":"https:\/\/www.aquilaguna.com\/index.php\/wp-json\/wp\/v2\/posts\/12155\/revisions\/12157"}],"wp:featuredmedia":[{"embeddable":true,"href":"https:\/\/www.aquilaguna.com\/index.php\/wp-json\/wp\/v2\/media\/12156"}],"wp:attachment":[{"href":"https:\/\/www.aquilaguna.com\/index.php\/wp-json\/wp\/v2\/media?parent=12155"}],"wp:term":[{"taxonomy":"category","embeddable":true,"href":"https:\/\/www.aquilaguna.com\/index.php\/wp-json\/wp\/v2\/categories?post=12155"},{"taxonomy":"post_tag","embeddable":true,"href":"https:\/\/www.aquilaguna.com\/index.php\/wp-json\/wp\/v2\/tags?post=12155"}],"curies":[{"name":"wp","href":"https:\/\/api.w.org\/{rel}","templated":true}]}}