{"id":12194,"date":"2022-11-09T17:37:32","date_gmt":"2022-11-09T23:37:32","guid":{"rendered":"https:\/\/www.aquilaguna.com\/?p=12194"},"modified":"2022-11-09T17:37:33","modified_gmt":"2022-11-09T23:37:33","slug":"la-pvc-y-la-escuela-de-artes-escenicas-de-la-uadec-unidad-torreon-sedes-en-la-muestra-nacional-de-teatro","status":"publish","type":"post","link":"https:\/\/www.aquilaguna.com\/index.php\/2022\/11\/09\/la-pvc-y-la-escuela-de-artes-escenicas-de-la-uadec-unidad-torreon-sedes-en-la-muestra-nacional-de-teatro\/","title":{"rendered":"La PVC y la Escuela de Artes Esc\u00e9nicas de la UAdeC Unidad Torre\u00f3n, sedes en la Muestra Nacional de Teatro."},"content":{"rendered":"\n<p>En los planteles de la Universidad Aut\u00f3noma de Coahuila, como son la<br>Preparatoria Venustiano Carranza y la Escuela de Artes Esc\u00e9nicas, todo se<br>encuentra listo para recibir a quienes formar\u00e1n parte de los trabajos y actividades<br>de la 42 Muestra Nacional de Teatro que se inaugura ma\u00f1ana jueves 10 de<br>noviembre.<\/p>\n\n\n\n<p>Los organizadores de la gran fiesta esc\u00e9nica del pa\u00eds seleccionaron tanto a la PVC<br>como a la Escuela de Artes Esc\u00e9nicas y Gesti\u00f3n Cultural, dirigidas por Israel<br>Castillo y Margarita Barrera, respectivamente, y que presentar\u00e1n las siguientes<br>actividades:<\/p>\n\n\n\n<p>S\u00e1bado 12 y domingo 13 de noviembre, en la PVC, se presenta \u201cCanciones para<br>roncar\u201d, del grupo bajacaliforniano Colectivo de Teatro en Espiral. Funciones a las<br>4 de la tarde.<\/p>\n\n\n\n<p>El s\u00e1bado 12, en la Escuela de Artes Esc\u00e9nicas (Revoluci\u00f3n y prolongaci\u00f3n<br>Comonfort), a las 12:00 horas, Daniel Herrera ofrece su Manifiesto epistolar \u201cLa<br>barraca\u201d, con la participaci\u00f3n de estudiantes de escuela anfitriona y del Centro<br>Universitario de Teatro (de la Ciudad de M\u00e9xico). El domingo 13, Jorge Celayo<br>brinda su Rally teatral, del Programa J\u00f3venes a Muestra, durante todo el d\u00eda, de<br>las 11:00 hasta las 23:30 horas.<\/p>\n\n\n\n<p>Los d\u00edas 15 y 16, David Hike, de la Compa\u00f1\u00eda Veracruzana de Teatro (Xalapa),<br>imparte el Taller de producci\u00f3n ejecutiva y producci\u00f3n t\u00e9cnica, de las 10:00 a las<br>14:00 horas. Esto se desarrollar\u00e1 en el Teatro de C\u00e1mara de la Coordinaci\u00f3n<br>UAdeC Unidad Torre\u00f3n, en Revoluci\u00f3n y Comonfort.<\/p>\n\n\n\n<p>En la PVC, el s\u00e1bado 19, recibe a \u201cTodos somos Braian\u201d, de la agrupaci\u00f3n<br>jalisciense Peque\u00f1os creadores teatro. Esta funci\u00f3n es a las 4 de la tarde.<br>Mi\u00e9rcoles 16 y jueves 17, en la PVC, tendr\u00e1 lugar la puesta \u201cLos que se quedan\u201d,<br>de Paren oreja producciones, compa\u00f1\u00eda de Chiapas, con la obra \u201cLas que se<br>quedan\u201d.<\/p>\n","protected":false},"excerpt":{"rendered":"<p>En los planteles de la Universidad Aut\u00f3noma de Coahuila, como son laPreparatoria Venustiano Carranza y la Escuela de Artes Esc\u00e9nicas, todo seencuentra listo para recibir a quienes formar\u00e1n parte de los trabajos y actividadesde la 42 Muestra Nacional de Teatro que se inaugura ma\u00f1ana jueves 10 denoviembre. Los organizadores de la gran fiesta esc\u00e9nica del pa\u00eds seleccionaron tanto a la PVCcomo a la Escuela de Artes Esc\u00e9nicas y Gesti\u00f3n Cultural,&#8230;<\/p>\n","protected":false},"author":1,"featured_media":12195,"comment_status":"closed","ping_status":"closed","sticky":false,"template":"","format":"standard","meta":{"footnotes":""},"categories":[5,12,28,7,2],"tags":[],"class_list":["post-12194","post","type-post","status-publish","format-standard","has-post-thumbnail","hentry","category-coahuila","category-cultura","category-la-laguna","category-torreon","category-uadec","wpcat-5-id","wpcat-12-id","wpcat-28-id","wpcat-7-id","wpcat-2-id"],"_links":{"self":[{"href":"https:\/\/www.aquilaguna.com\/index.php\/wp-json\/wp\/v2\/posts\/12194","targetHints":{"allow":["GET"]}}],"collection":[{"href":"https:\/\/www.aquilaguna.com\/index.php\/wp-json\/wp\/v2\/posts"}],"about":[{"href":"https:\/\/www.aquilaguna.com\/index.php\/wp-json\/wp\/v2\/types\/post"}],"author":[{"embeddable":true,"href":"https:\/\/www.aquilaguna.com\/index.php\/wp-json\/wp\/v2\/users\/1"}],"replies":[{"embeddable":true,"href":"https:\/\/www.aquilaguna.com\/index.php\/wp-json\/wp\/v2\/comments?post=12194"}],"version-history":[{"count":1,"href":"https:\/\/www.aquilaguna.com\/index.php\/wp-json\/wp\/v2\/posts\/12194\/revisions"}],"predecessor-version":[{"id":12196,"href":"https:\/\/www.aquilaguna.com\/index.php\/wp-json\/wp\/v2\/posts\/12194\/revisions\/12196"}],"wp:featuredmedia":[{"embeddable":true,"href":"https:\/\/www.aquilaguna.com\/index.php\/wp-json\/wp\/v2\/media\/12195"}],"wp:attachment":[{"href":"https:\/\/www.aquilaguna.com\/index.php\/wp-json\/wp\/v2\/media?parent=12194"}],"wp:term":[{"taxonomy":"category","embeddable":true,"href":"https:\/\/www.aquilaguna.com\/index.php\/wp-json\/wp\/v2\/categories?post=12194"},{"taxonomy":"post_tag","embeddable":true,"href":"https:\/\/www.aquilaguna.com\/index.php\/wp-json\/wp\/v2\/tags?post=12194"}],"curies":[{"name":"wp","href":"https:\/\/api.w.org\/{rel}","templated":true}]}}