{"id":12202,"date":"2022-11-10T17:31:40","date_gmt":"2022-11-10T23:31:40","guid":{"rendered":"https:\/\/www.aquilaguna.com\/?p=12202"},"modified":"2022-11-10T17:31:41","modified_gmt":"2022-11-10T23:31:41","slug":"llevan-taller-mecanismos-de-acceso-a-la-justicia-al-centro-integral-de-prevencion-y-desarrollo-ciudadano-de-saltillo","status":"publish","type":"post","link":"https:\/\/www.aquilaguna.com\/index.php\/2022\/11\/10\/llevan-taller-mecanismos-de-acceso-a-la-justicia-al-centro-integral-de-prevencion-y-desarrollo-ciudadano-de-saltillo\/","title":{"rendered":"LLEVAN TALLER \u2018MECANISMOS DE ACCESO A LA JUSTICIA\u2019 AL CENTRO INTEGRAL DE PREVENCI\u00d3N Y DESARROLLO CIUDADANO DE SALTILLO."},"content":{"rendered":"\n<p>Saltillo, Coahuila de Zaragoza; a 10 de Noviembre de 2022.- La Direcci\u00f3n de Prevenci\u00f3n Social de la Violencia y la Delincuencia del Gobierno de Coahuila, en coordinaci\u00f3n con la Direcci\u00f3n para Promover la Igualdad y Prevenir la Discriminaci\u00f3n de la Secretar\u00eda de Inclusi\u00f3n y Desarrollo Social, llevaron a cabo el taller \u201cMecanismos de Acceso a la Justicia\u201d, en el Centro Integral de Prevenci\u00f3n y Desarrollo Ciudadano Nueva Tlaxcala, en esta ciudad.<\/p>\n\n\n\n<p>Luisa Ivone Gallegos, titular de la Direcci\u00f3n de Prevenci\u00f3n Social de la Violencia y la Delincuencia de la Secretar\u00eda de Gobierno, expres\u00f3 que este taller tiene como objetivo empoderar a la ciudadan\u00eda en temas relacionados con el derecho que tiene toda persona a obtener justicia inmediata, imparcial, de calidad y no discriminatoria.<\/p>\n\n\n\n<p>\u201cEste tipo de cursos que se llevan a los diferentes centros comunitarios que tenemos en Saltillo ayudan a la poblaci\u00f3n a que conozcan m\u00e1s sobre los derechos que tienen como personas, para que se les brinde justicia de una forma pronta, completa, imparcial, gratuita y donde puedan utilizar herramientas y mecanismos legales para que les reconozcan y protejan sus derechos\u201d, se\u00f1al\u00f3 la funcionaria estatal.<\/p>\n\n\n\n<p>M\u00e1s de 50 mujeres de la comunidad del Centro Comunitario tuvieron la oportunidad de recibir este taller, a quienes se les otorg\u00f3 un diploma de reconocimiento por su participaci\u00f3n.<\/p>\n","protected":false},"excerpt":{"rendered":"<p>Saltillo, Coahuila de Zaragoza; a 10 de Noviembre de 2022.- La Direcci\u00f3n de Prevenci\u00f3n Social de la Violencia y la Delincuencia del Gobierno de Coahuila, en coordinaci\u00f3n con la Direcci\u00f3n para Promover la Igualdad y Prevenir la Discriminaci\u00f3n de la Secretar\u00eda de Inclusi\u00f3n y Desarrollo Social, llevaron a cabo el taller \u201cMecanismos de Acceso a la Justicia\u201d, en el Centro Integral de Prevenci\u00f3n y Desarrollo Ciudadano Nueva Tlaxcala, en esta&#8230;<\/p>\n","protected":false},"author":1,"featured_media":12203,"comment_status":"closed","ping_status":"closed","sticky":false,"template":"","format":"standard","meta":{"footnotes":""},"categories":[5,15,24],"tags":[],"class_list":["post-12202","post","type-post","status-publish","format-standard","has-post-thumbnail","hentry","category-coahuila","category-gobierno-de-coahuila","category-seguridad","wpcat-5-id","wpcat-15-id","wpcat-24-id"],"_links":{"self":[{"href":"https:\/\/www.aquilaguna.com\/index.php\/wp-json\/wp\/v2\/posts\/12202","targetHints":{"allow":["GET"]}}],"collection":[{"href":"https:\/\/www.aquilaguna.com\/index.php\/wp-json\/wp\/v2\/posts"}],"about":[{"href":"https:\/\/www.aquilaguna.com\/index.php\/wp-json\/wp\/v2\/types\/post"}],"author":[{"embeddable":true,"href":"https:\/\/www.aquilaguna.com\/index.php\/wp-json\/wp\/v2\/users\/1"}],"replies":[{"embeddable":true,"href":"https:\/\/www.aquilaguna.com\/index.php\/wp-json\/wp\/v2\/comments?post=12202"}],"version-history":[{"count":1,"href":"https:\/\/www.aquilaguna.com\/index.php\/wp-json\/wp\/v2\/posts\/12202\/revisions"}],"predecessor-version":[{"id":12204,"href":"https:\/\/www.aquilaguna.com\/index.php\/wp-json\/wp\/v2\/posts\/12202\/revisions\/12204"}],"wp:featuredmedia":[{"embeddable":true,"href":"https:\/\/www.aquilaguna.com\/index.php\/wp-json\/wp\/v2\/media\/12203"}],"wp:attachment":[{"href":"https:\/\/www.aquilaguna.com\/index.php\/wp-json\/wp\/v2\/media?parent=12202"}],"wp:term":[{"taxonomy":"category","embeddable":true,"href":"https:\/\/www.aquilaguna.com\/index.php\/wp-json\/wp\/v2\/categories?post=12202"},{"taxonomy":"post_tag","embeddable":true,"href":"https:\/\/www.aquilaguna.com\/index.php\/wp-json\/wp\/v2\/tags?post=12202"}],"curies":[{"name":"wp","href":"https:\/\/api.w.org\/{rel}","templated":true}]}}