{"id":1221,"date":"2021-03-25T19:31:25","date_gmt":"2021-03-26T01:31:25","guid":{"rendered":"https:\/\/www.aquilaguna.com\/?p=1221"},"modified":"2021-03-25T19:31:25","modified_gmt":"2021-03-26T01:31:25","slug":"envia-marcela-gorgon-aparatos-funcionales-a-regiones-de-coahuila","status":"publish","type":"post","link":"https:\/\/www.aquilaguna.com\/index.php\/2021\/03\/25\/envia-marcela-gorgon-aparatos-funcionales-a-regiones-de-coahuila\/","title":{"rendered":"ENV\u00cdA MARCELA GORG\u00d3N APARATOS FUNCIONALES A REGIONES DE COAHUILA."},"content":{"rendered":"\n<p>Monclova, Coahuila de Zaragoza; a 25 de Marzo de 2021.- La Presidenta Honoraria de DIF Coahuila, Marcela Gorg\u00f3n, envi\u00f3 aparatos funcionales a todas las regiones de la entidad, que mejorar\u00e1n la calidad de vida de las personas que viven con alg\u00fan tipo de discapacidad.<\/p>\n\n\n\n<p>Con ello se cumple el compromiso que junto con el gobernador Miguel \u00c1ngel Riquelme Sol\u00eds hizo con las personas que viven en situaci\u00f3n de vulnerabilidad econ\u00f3mica.<\/p>\n\n\n\n<p>Para ello, Marcela Gorg\u00f3n arranc\u00f3 hace unos d\u00edas en Torre\u00f3n la entrega de 168 sillas de ruedas est\u00e1ndar, infantiles y PCA, as\u00ed como bastones, andadores, lentes y pr\u00f3tesis, mismas que est\u00e1n llegando a todas las regiones de Coahuila.<\/p>\n\n\n\n<p>Esto forma parte del programa \u201cSobre Ruedas Nos Movemos Juntos\u201d.<\/p>\n\n\n\n<p>\u201cLas personas que viven con alguna discapacidad saben que no est\u00e1n solos, que cuentan con el DIF Coahuila y el gobernador Miguel Riquelme para apoyarles, y seguimos paso a paso atendiendo sus gestiones y trabajando para mejorar su calidad de vida\u201d, se\u00f1al\u00f3.<\/p>\n\n\n\n<p>En la Regi\u00f3n Sureste de Coahuila, el Director General del DIF Estatal, Roberto C\u00e1rdenas Zavala, entreg\u00f3 44 aparatos funcionales.\u00a0En las oficinas de la Coordinaci\u00f3n del DIF Coahuila Regi\u00f3n Centro Desierto, el director de Familia Saludable y Apoyos Complementarios, Josu\u00e9 Gabino Jim\u00e9nez Flores, y la coordinadora regional, Sara Irma P\u00e9rez Cant\u00fa, entregaron 24 aparatos funcionales a beneficiarios del Municipio de Monclova.<\/p>\n\n\n\n<p>Mientras que en la Casa de la Cultura de Sabinas, en donde estuvo tambi\u00e9n presente el coordinador de DIF Coahuila en la Regi\u00f3n Carbon\u00edfera, Ra\u00fal Vara de Luna, se entregaron\u00a0\u00a0aparatos funcionales.\u00a0<\/p>\n\n\n\n<p>Al hacer entrega de estos beneficios, Jim\u00e9nez Flores se\u00f1al\u00f3 que el Gobierno del Estado y DIF Coahuila buscan con este y otros programas satisfacer las necesidades que diariamente se reciben en oficinas o durante giras de trabajo en colonias y comunidades.<\/p>\n\n\n\n<p>\u201cEl principal objetivo de utilizar una silla de ruedas es que la persona con discapacidad tenga la posibilidad de adquirir mayor independencia y autonom\u00eda para realizar las actividades de la vida cotidiana\u201d, afirm\u00f3 Jim\u00e9nez Flores.<\/p>\n","protected":false},"excerpt":{"rendered":"<p>Monclova, Coahuila de Zaragoza; a 25 de Marzo de 2021.- La Presidenta Honoraria de DIF Coahuila, Marcela Gorg\u00f3n, envi\u00f3 aparatos funcionales a todas las regiones de la entidad, que mejorar\u00e1n la calidad de vida de las personas que viven con alg\u00fan tipo de discapacidad. Con ello se cumple el compromiso que junto con el gobernador Miguel \u00c1ngel Riquelme Sol\u00eds hizo con las personas que viven en situaci\u00f3n de vulnerabilidad econ\u00f3mica&#8230;.<\/p>\n","protected":false},"author":1,"featured_media":1222,"comment_status":"closed","ping_status":"closed","sticky":false,"template":"","format":"standard","meta":{"footnotes":""},"categories":[5,26,15],"tags":[],"class_list":["post-1221","post","type-post","status-publish","format-standard","has-post-thumbnail","hentry","category-coahuila","category-dif","category-gobierno-de-coahuila","wpcat-5-id","wpcat-26-id","wpcat-15-id"],"_links":{"self":[{"href":"https:\/\/www.aquilaguna.com\/index.php\/wp-json\/wp\/v2\/posts\/1221","targetHints":{"allow":["GET"]}}],"collection":[{"href":"https:\/\/www.aquilaguna.com\/index.php\/wp-json\/wp\/v2\/posts"}],"about":[{"href":"https:\/\/www.aquilaguna.com\/index.php\/wp-json\/wp\/v2\/types\/post"}],"author":[{"embeddable":true,"href":"https:\/\/www.aquilaguna.com\/index.php\/wp-json\/wp\/v2\/users\/1"}],"replies":[{"embeddable":true,"href":"https:\/\/www.aquilaguna.com\/index.php\/wp-json\/wp\/v2\/comments?post=1221"}],"version-history":[{"count":1,"href":"https:\/\/www.aquilaguna.com\/index.php\/wp-json\/wp\/v2\/posts\/1221\/revisions"}],"predecessor-version":[{"id":1223,"href":"https:\/\/www.aquilaguna.com\/index.php\/wp-json\/wp\/v2\/posts\/1221\/revisions\/1223"}],"wp:featuredmedia":[{"embeddable":true,"href":"https:\/\/www.aquilaguna.com\/index.php\/wp-json\/wp\/v2\/media\/1222"}],"wp:attachment":[{"href":"https:\/\/www.aquilaguna.com\/index.php\/wp-json\/wp\/v2\/media?parent=1221"}],"wp:term":[{"taxonomy":"category","embeddable":true,"href":"https:\/\/www.aquilaguna.com\/index.php\/wp-json\/wp\/v2\/categories?post=1221"},{"taxonomy":"post_tag","embeddable":true,"href":"https:\/\/www.aquilaguna.com\/index.php\/wp-json\/wp\/v2\/tags?post=1221"}],"curies":[{"name":"wp","href":"https:\/\/api.w.org\/{rel}","templated":true}]}}