{"id":12278,"date":"2022-11-14T19:31:40","date_gmt":"2022-11-15T01:31:40","guid":{"rendered":"https:\/\/www.aquilaguna.com\/?p=12278"},"modified":"2022-11-14T19:31:40","modified_gmt":"2022-11-15T01:31:40","slug":"confia-gobernador-de-coahuila-en-proceso-de-seleccion-de-su-partido","status":"publish","type":"post","link":"https:\/\/www.aquilaguna.com\/index.php\/2022\/11\/14\/confia-gobernador-de-coahuila-en-proceso-de-seleccion-de-su-partido\/","title":{"rendered":"Conf\u00eda Gobernador de Coahuila en proceso de selecci\u00f3n de su partido."},"content":{"rendered":"\n<p>Torre\u00f3n, Coahuila.- Conf\u00cda el Gobernador Miguel Angel Riquelme Solis,\u00a0 que el proceso interno de selecci\u00f3n, cuya \u00a0 convocatoria\u00a0 solo es cuesti\u00f3n de unas semanas salga avante, manteniendo la\u00a0 unidad.\u00a0\u00a0<\/p>\n\n\n\n<p>Record\u00f3 \u00a0\u00e9sta ma\u00f1ana\u00a0 que desde hace muchos a\u00f1os,\u00a0 &#8220;Coahuila hemos seleccionado\u00a0 a\u00a0 sus\u00a0 candidatos\u00a0 a Gobernador, siempre el\u00a0 Partido\u00a0 ha salido avante, siempre compiten \u00a0 los que quieren y pueden hacerlo y al final, siempre se arreglan los trapos en casa&#8221;.<\/p>\n\n\n\n<p>&#8220;Yo, la \u00a0 verdad, conf\u00edo en que el priismo va a optar por quien\u00a0 vaya a estar compitiendo. Yo conf\u00edo en la unidad de los priistas, que sabemos\u00a0 siempre como arreglar las cosas\u2026&#8221;\u00a0\u00a0<\/p>\n\n\n\n<p>&#8220;Estamos ya a unas semanas de que\u00a0 el\u00a0 PRI\u00a0 lance su convocatoria, sin embargo repito, tengo confianza que el proceso \u00a0 interno donde\u00a0 participamos los y las priistas, un proceso interno que tendr\u00e1 la participaci\u00f3n de su militancia, sabemos siempre\u00a0 como arreglar las cosas, las diferencias y adem\u00e1s como aprovechar la capacidad que tienen los nuestros&#8221;.<\/p>\n\n\n\n<p>Cit\u00f3 luego que,\u00a0&#8220;como Manolo, como Rom\u00e1n, como Jeric\u00f3,\u00a0 todos tienen capacidad para ocupar cualquier puesto y adem\u00e1s, han ganado elecciones&#8221;.\u00a0\u00a0\u00a0<\/p>\n\n\n\n<p>&#8220;Creo que el PRI\u00a0 podr\u00e1 definir su ruta\u00a0 y creo que lo bueno de mi partido\u00a0 es que no anda buscando\u00a0 quien se va, o quien se indisciplina. No, estamos buscando la unidad. Eso es lo m\u00e1s importante y que todos tengan\u00a0 una ruta dentro del propio partido&#8221;.\u00a0<\/p>\n\n\n\n<p>Adem\u00e1s\u00a0 indic\u00f3 que,\u00a0 &#8220;ya brincamos que si\u00a0 el candidato iba va a ser mujer o no,\u00a0 que si vamos\u00a0 a ir en alianza, que si no, entonces, creo que buscando la condici\u00f3n de un proceso interno y se avanza en la forma de una coalici\u00f3n&#8221;.<\/p>\n\n\n\n<p>&#8220;Falta tiempo, pero todo esto se tiene que ir trabajando. Yo soy consejero\u00a0 y\u00a0 se va a hacer lo necesario para que este pr\u00f3ximo proceso,\u00a0 el PRI\u00a0 sea el m\u00e1s competitivo&#8221;.<\/p>\n\n\n\n<p><strong>\u00a0\u00bfY\u00a0LA MANIFESTACION?\u00a0\u00a0\u00a0\u00a0<\/strong><\/p>\n\n\n\n<p>\u00a0&#8220;Ser\u00eda\u00a0 un enorme retroceso,\u00a0 una reforma electoral como la planteada\u00a0 por el actual r\u00e9gimen federal&#8221;, estima el Gobernador Miguel Angel Riquelme Solis\u00a0 al expresar\u00a0 las opiniones que le merecen\u00a0 las movilizaciones\u00a0 ciudadanas \u00a0 que a lo largo y ancho del pa\u00eds se registraron\u00a0 la ma\u00f1ana del pasado domingo\u00a0 en apoyo al Instituto Nacional Electoral y rechazo a la referida iniciativa presidencial.<\/p>\n\n\n\n<p>Lo anterior luego de afirmar que a largo de su desempe\u00f1o\u00a0 ha mantenido una actitud de respeto a las instituciones y\u00a0 decisiones\u00a0 y pol\u00edticas p\u00fablicas\u00a0 dictadas\u00a0 del r\u00e9gimen mencionado, con todo y que\u00a0 en algunas casos no\u00a0 haya \u00a0 estado de acuerdo con las mismas.<\/p>\n\n\n\n<p>&#8220;Creo que la manifestaci\u00f3n en torno a la reforma electoral, debemos entender que nuestro \u00f3rganos electorales tiene\u00a0 un reconocimiento, nos dieron estabilidad&#8221;.<\/p>\n\n\n\n<p>&#8220;Ser\u00eda un enorme retroceso, una reforma como la planteada. No creo que debamos\u00a0 minimizar ninguna cantidad de ciudadanos que fueron\u00a0 a expresarse, que fueron a manifestar su opini\u00f3n sobre \u00a0 sobre los \u00f3rganos electorales&#8221;.<\/p>\n\n\n\n<p>&#8220;Creo que\u00a0 la participaci\u00f3n de miles de ciudadanos, manda se\u00f1ales y un fuerte mensaje. Yo no minimizar\u00eda\u00a0 la participaci\u00f3n de la gente&#8221;.\u00a0<\/p>\n\n\n\n<p>Concluy\u00f3 que, &#8220;lo m\u00e1s importante es que se les siga dando herramientas al Instituto para garantizar la democracia\u00a0 y la imparcialidad&#8221;.<\/p>\n","protected":false},"excerpt":{"rendered":"<p>Torre\u00f3n, Coahuila.- Conf\u00cda el Gobernador Miguel Angel Riquelme Solis,\u00a0 que el proceso interno de selecci\u00f3n, cuya \u00a0 convocatoria\u00a0 solo es cuesti\u00f3n de unas semanas salga avante, manteniendo la\u00a0 unidad.\u00a0\u00a0 Record\u00f3 \u00a0\u00e9sta ma\u00f1ana\u00a0 que desde hace muchos a\u00f1os,\u00a0 &#8220;Coahuila hemos seleccionado\u00a0 a\u00a0 sus\u00a0 candidatos\u00a0 a Gobernador, siempre el\u00a0 Partido\u00a0 ha salido avante, siempre compiten \u00a0 los que quieren y pueden hacerlo y al final, siempre se arreglan los trapos en casa&#8221;&#8230;.<\/p>\n","protected":false},"author":2,"featured_media":0,"comment_status":"closed","ping_status":"","sticky":false,"template":"","format":"standard","meta":{"footnotes":""},"categories":[5,42],"tags":[],"class_list":["post-12278","post","type-post","status-publish","format-standard","hentry","category-coahuila","category-elecciones","wpcat-5-id","wpcat-42-id"],"_links":{"self":[{"href":"https:\/\/www.aquilaguna.com\/index.php\/wp-json\/wp\/v2\/posts\/12278","targetHints":{"allow":["GET"]}}],"collection":[{"href":"https:\/\/www.aquilaguna.com\/index.php\/wp-json\/wp\/v2\/posts"}],"about":[{"href":"https:\/\/www.aquilaguna.com\/index.php\/wp-json\/wp\/v2\/types\/post"}],"author":[{"embeddable":true,"href":"https:\/\/www.aquilaguna.com\/index.php\/wp-json\/wp\/v2\/users\/2"}],"replies":[{"embeddable":true,"href":"https:\/\/www.aquilaguna.com\/index.php\/wp-json\/wp\/v2\/comments?post=12278"}],"version-history":[{"count":1,"href":"https:\/\/www.aquilaguna.com\/index.php\/wp-json\/wp\/v2\/posts\/12278\/revisions"}],"predecessor-version":[{"id":12279,"href":"https:\/\/www.aquilaguna.com\/index.php\/wp-json\/wp\/v2\/posts\/12278\/revisions\/12279"}],"wp:attachment":[{"href":"https:\/\/www.aquilaguna.com\/index.php\/wp-json\/wp\/v2\/media?parent=12278"}],"wp:term":[{"taxonomy":"category","embeddable":true,"href":"https:\/\/www.aquilaguna.com\/index.php\/wp-json\/wp\/v2\/categories?post=12278"},{"taxonomy":"post_tag","embeddable":true,"href":"https:\/\/www.aquilaguna.com\/index.php\/wp-json\/wp\/v2\/tags?post=12278"}],"curies":[{"name":"wp","href":"https:\/\/api.w.org\/{rel}","templated":true}]}}