{"id":12328,"date":"2022-11-16T18:38:32","date_gmt":"2022-11-17T00:38:32","guid":{"rendered":"https:\/\/www.aquilaguna.com\/?p=12328"},"modified":"2022-11-16T18:38:32","modified_gmt":"2022-11-17T00:38:32","slug":"nuestros-adultos-mayores-construyeron-la-grandeza-de-coahuila-manolo","status":"publish","type":"post","link":"https:\/\/www.aquilaguna.com\/index.php\/2022\/11\/16\/nuestros-adultos-mayores-construyeron-la-grandeza-de-coahuila-manolo\/","title":{"rendered":"NUESTROS ADULTOS MAYORES CONSTRUYERON LA GRANDEZA DE COAHUILA: MANOLO."},"content":{"rendered":"\n<p>\u00b7\u00a0\u00a0\u00a0\u00a0\u00a0\u00a0<strong><em>En Ocampo, celebra coronaci\u00f3n de la reina estatal de las personas adultas mayores<\/em><\/strong><\/p>\n\n\n\n<p>Ocampo, Coahuila; 16 de noviembre de 2022.- En el marco de la Coronaci\u00f3n de la Reina Estatal de las Personas Adultas Mayores, a nombre de la Presidenta del DIF Coahuila, Marcela Gorg\u00f3n Carrillo, el Secretario de Inclusi\u00f3n y Desarrollo Social, Manolo Jim\u00e9nez Salinas y el Director General del DIF, Roberto C\u00e1rdenas Zavala, coronaron en el municipio de Ocampo a la se\u00f1ora Rebeca Ubario Medrano como la nueva Soberana 2022 del Adulto Mayor, en donde se refrend\u00f3 el compromiso de continuar trabajando por las y los adultos mayores de Coahuila.<\/p>\n\n\n\n<p>De igual manera se coron\u00f3 a&nbsp; Trinidad Olivo L\u00f3pez como Princesa estatal, originaria del municipio de Sierra Mojada y como Duquesa Estatal del municipio de Saltillo a Manuela Rodr\u00edguez Betancourt, quienes orgullosamente representan a los grupos que tiene el DIF Coahuila en cada uno de los 38 municipios.<\/p>\n\n\n\n<p>\u201cUn gusto festejar a quienes han construido la grandeza de nuestra tierra. Toda nuestra admiraci\u00f3n y respeto para ustedes. Felicidades a Do\u00f1a Rebeca nuestra reina, as\u00ed como a la princesa Do\u00f1a Trinidad y la duquesa Do\u00f1a Manuela\u201d, destac\u00f3 el Secretario de Inclusi\u00f3n y Desarrollo Social, Manolo Jim\u00e9nez Salinas.<\/p>\n\n\n\n<p>Agreg\u00f3 que Coahuila es una gran potencia&nbsp; gracias al trabajo y esfuerzo que por muchos a\u00f1os nuestros adultos le dedicaron a esta tierra, \u201cla grandeza de la entidad tiene que ver con quienes hoy son porque en sus tiempos de producci\u00f3n le dedicaron todo a Coahuila con su entereza, y esfuerzo, toda nuestra admiraci\u00f3n y respeto a los adultos mayores coahuilenses\u201d.<\/p>\n\n\n\n<p>La alcaldesa de Ocampo, Laura Mara Silva Fern\u00e1ndez, dijo sentirse contenta por el hecho de que su municipio haya sido la sede para este evento de Coronaci\u00f3n porque han dejado un legado de vida con el paso de los a\u00f1os, siendo buenos padres en la gu\u00eda de sus hijos, y que ahora disfrutan de los nietos.<\/p>\n\n\n\n<p>\u201cHoy viven una etapa de plenitud, han disfrutado cada momento y experiencia vivida, les ha dado sabidur\u00eda, para aconsejar, orientar y ayudar a hijos y nietos, estando preparada para ser reina, hoy la reina de tu municipio y Rebeca en la entidad, logrando la simpat\u00eda de todos, disfruten el momento, felicidades\u201d.<\/p>\n\n\n\n<p>En representaci\u00f3n de la&nbsp; Presidenta Honoraria del DIF Coahuila, Marcela Gorg\u00f3n Carrillo,&nbsp; el Director del DIF estatal Roberto C\u00e1rdenas Zavala salud\u00f3 y felicit\u00f3 a las ganadoras.<\/p>\n\n\n\n<p>\u201cNos da mucho gusto que se siga trabajando con adultos mayores y personas con alguna discapacidad a trav\u00e9s del programa AMA que ha sido un gran proyecto de beneficio social y como los dem\u00e1s programas vamos a continuar trabajando, les felicito y que Dios los bendiga\u201d.<\/p>\n","protected":false},"excerpt":{"rendered":"<p>\u00b7\u00a0\u00a0\u00a0\u00a0\u00a0\u00a0En Ocampo, celebra coronaci\u00f3n de la reina estatal de las personas adultas mayores Ocampo, Coahuila; 16 de noviembre de 2022.- En el marco de la Coronaci\u00f3n de la Reina Estatal de las Personas Adultas Mayores, a nombre de la Presidenta del DIF Coahuila, Marcela Gorg\u00f3n Carrillo, el Secretario de Inclusi\u00f3n y Desarrollo Social, Manolo Jim\u00e9nez Salinas y el Director General del DIF, Roberto C\u00e1rdenas Zavala, coronaron en el municipio de&#8230;<\/p>\n","protected":false},"author":1,"featured_media":12329,"comment_status":"closed","ping_status":"closed","sticky":false,"template":"","format":"standard","meta":{"footnotes":""},"categories":[5,15],"tags":[],"class_list":["post-12328","post","type-post","status-publish","format-standard","has-post-thumbnail","hentry","category-coahuila","category-gobierno-de-coahuila","wpcat-5-id","wpcat-15-id"],"_links":{"self":[{"href":"https:\/\/www.aquilaguna.com\/index.php\/wp-json\/wp\/v2\/posts\/12328","targetHints":{"allow":["GET"]}}],"collection":[{"href":"https:\/\/www.aquilaguna.com\/index.php\/wp-json\/wp\/v2\/posts"}],"about":[{"href":"https:\/\/www.aquilaguna.com\/index.php\/wp-json\/wp\/v2\/types\/post"}],"author":[{"embeddable":true,"href":"https:\/\/www.aquilaguna.com\/index.php\/wp-json\/wp\/v2\/users\/1"}],"replies":[{"embeddable":true,"href":"https:\/\/www.aquilaguna.com\/index.php\/wp-json\/wp\/v2\/comments?post=12328"}],"version-history":[{"count":1,"href":"https:\/\/www.aquilaguna.com\/index.php\/wp-json\/wp\/v2\/posts\/12328\/revisions"}],"predecessor-version":[{"id":12330,"href":"https:\/\/www.aquilaguna.com\/index.php\/wp-json\/wp\/v2\/posts\/12328\/revisions\/12330"}],"wp:featuredmedia":[{"embeddable":true,"href":"https:\/\/www.aquilaguna.com\/index.php\/wp-json\/wp\/v2\/media\/12329"}],"wp:attachment":[{"href":"https:\/\/www.aquilaguna.com\/index.php\/wp-json\/wp\/v2\/media?parent=12328"}],"wp:term":[{"taxonomy":"category","embeddable":true,"href":"https:\/\/www.aquilaguna.com\/index.php\/wp-json\/wp\/v2\/categories?post=12328"},{"taxonomy":"post_tag","embeddable":true,"href":"https:\/\/www.aquilaguna.com\/index.php\/wp-json\/wp\/v2\/tags?post=12328"}],"curies":[{"name":"wp","href":"https:\/\/api.w.org\/{rel}","templated":true}]}}