{"id":12432,"date":"2022-11-23T18:34:21","date_gmt":"2022-11-24T00:34:21","guid":{"rendered":"https:\/\/www.aquilaguna.com\/?p=12432"},"modified":"2022-11-23T18:34:22","modified_gmt":"2022-11-24T00:34:22","slug":"establecen-en-torreon-el-dia-i-primer-evento-de-inversion-extranjera","status":"publish","type":"post","link":"https:\/\/www.aquilaguna.com\/index.php\/2022\/11\/23\/establecen-en-torreon-el-dia-i-primer-evento-de-inversion-extranjera\/","title":{"rendered":"Establecen en Torre\u00f3n el \u201cD\u00eda i\u201d primer evento de inversi\u00f3n extranjera."},"content":{"rendered":"\n<p>Torre\u00f3n, Coahuila. A 23 de noviembre de 2022.<\/p>\n\n\n\n<p>El Alcalde Rom\u00e1n Alberto Cepeda Gonz\u00e1lez, present\u00f3 este mi\u00e9rcoles el \u201cD\u00eda i\u201d,<br>primer evento anual para la atracci\u00f3n de inversiones nacionales y extranjeras en<br>Torre\u00f3n.<\/p>\n\n\n\n<p>En el \u201cD\u00eda i\u201d participan m\u00e1s de 115 empresarios provenientes de Monterrey,<br>Saltillo, Ciudad de M\u00e9xico, C\u00e1mara Alemana de Comercio, Comunidad Coreana<br>Industrial, C\u00e1mara M\u00e9xico \u2013 Estados unidos, entre otros.<\/p>\n\n\n\n<p>En su participaci\u00f3n el Presidente Municipal, dio la bienvenida a los asistentes y<br>destac\u00f3 la alianza con el Gobierno del Estado, encabezado por Miguel \u00c1ngel<br>Riquelme Sol\u00eds, as\u00ed como la estrategia de saber hacia d\u00f3nde se quiere transitar<br>como ciudad y c\u00f3mo se va a cumplir.<\/p>\n\n\n\n<p>\u201cYo hice un compromiso de poner a Torre\u00f3n en los ojos de M\u00e9xico y del mundo<br>desde el primer d\u00eda de mi Gobierno, y la \u00fanica forma que podemos hacerlo es con<br>m\u00e1s productividad, competitividad, y hacer lo que a cada uno le compete hacer\u201d,<br>coment\u00f3 el edil.<\/p>\n\n\n\n<p>A los \u00f3rdenes de Gobierno, agreg\u00f3, les corresponde generar certeza, condiciones<br>de seguridad, orden, y hacerlo con un profundo sentido de responsabilidad y<br>compromiso.<\/p>\n\n\n\n<p>\u201cCuando hay estabilidad laboral, seguridad y certeza jur\u00eddica, siempre hay<br>condiciones para invertir. Hoy tenemos muy claro con quien tenemos que llegar a<br>la meta que nos propusimos, en el tiempo que nos toca\u201d, dijo.<\/p>\n\n\n\n<p>Cepeda Gonz\u00e1lez habl\u00f3 de la importancia de hacer de Torre\u00f3n un municipio ancla<br>de la regi\u00f3n, donde no solamente el crecimiento de la ciudad implica una<br>estrategia de Gobierno, sino que tiene mayores alcances a nivel metropolitano.<\/p>\n\n\n\n<p>Por su parte, Ildefonso Guajardo Villarreal, Diputado Federal y ex Secretario de<br>Econom\u00eda Federal, felicit\u00f3 al Alcalde Rom\u00e1n Alberto Cepeda Gonz\u00e1lez por la<br>convocatoria del \u201cD\u00eda i\u201d.<\/p>\n\n\n\n<p>\u201cEsto demuestra algo fundamental Alcalde, que cuando el Gobierno Federal<br>pr\u00e1cticamente se retira de las actividades de promoci\u00f3n, se retira tambi\u00e9n de las<br>actividades de visi\u00f3n a futuro hacia el crecimiento, los incentivos, la planeaci\u00f3n y<br>el empuje para el desarrollo futuro de M\u00e9xico, no podemos quedarnos de brazos<br>cruzados\u201d, dijo.<\/p>\n\n\n\n<p>En ese sentido, el diputado explic\u00f3 que esas responsabilidades est\u00e1n recayendo<br>en los gobernadores y alcaldes, y destac\u00f3 a Torre\u00f3n como un ejemplo de una<br>ciudad que est\u00e1 haciendo lo correcto para salir adelante.<\/p>\n\n\n\n<p>\u201cEstoy muy halagado y sorprendido de que una ciudad como Torre\u00f3n, que de<br>alguna manera se hab\u00eda quedado rezagada en la primera etapa del TLC, tome la<br>oportunidad del T-MEC para consolidarse en el liderazgo que seguramente va a<br>lograr\u201d, finaliz\u00f3 el ex Secretario de Econom\u00eda.<\/p>\n\n\n\n<p>Kena Mar\u00eda Y\u00e1\u00f1ez Mart\u00ednez, directora de Desarrollo Econ\u00f3mico, dijo que Torre\u00f3n<br>es una plaza lista para traer cualquier industria.<\/p>\n\n\n\n<p>\u201cContamos con todo lo que se requiere, como infraestructura, capital, con un<br>Gobierno amigo y abierto, con las condiciones dadas en seguridad, universidades<br>y certeza\u201d, coment\u00f3 la funcionaria.<\/p>\n\n\n\n<p>Agradeci\u00f3 a los desarrolladores que se han sumado y trabajan de la mano con la<br>Administraci\u00f3n para llevar a cabo una nueva estrategia de promoci\u00f3n de<br>inversiones, junto con la red del pa\u00eds para seguir poniendo a Torre\u00f3n en los ojos<br>de M\u00e9xico y del mundo.<\/p>\n\n\n\n<p>Alberto Allegre del Cueto, presidente del consejo TEC de Monterrey y<br>representante de FOMEC, dijo que es necesario presumir y dar a conocer todo lo<br>bueno que tiene la regi\u00f3n, como la excelente ubicaci\u00f3n geogr\u00e1fica en el centro del<br>norte de M\u00e9xico, cerca de la frontera con Estados Unidos y con buena<br>comunicaci\u00f3n hacia el Pac\u00edfico y el Golfo.<\/p>\n\n\n\n<p>\u201cTorre\u00f3n es una de las ciudades m\u00e1s seguras de M\u00e9xico, adem\u00e1s tiene una uni\u00f3n<br>como nunca se hab\u00eda dado entre el Gobierno Municipal, el Gobierno del Estado y<br>los empresarios, trabajando todos en un mismo sentido y con un mismo objetivo:<br>facilitar la inversi\u00f3n productiva y hacer de esta una regi\u00f3n competitiva\u201d, indic\u00f3.<\/p>\n\n\n\n<p>Participan en el \u201cD\u00eda i\u201d brockers, desarrolladores de parques industriales,<br>constructores, bancos de divisas, c\u00f3nsules, shelters industriales, headhunters,<br>firmas con capital de inversi\u00f3n, c\u00e1maras binacionales, c\u00e1maras empresariales y<br>aerol\u00edneas.<\/p>\n\n\n\n<p>Acudieron al evento Miguel Cavazos Villarreal, Principal Managing Partner de<br>Citius AG; Sergio Res\u00e9ndez, Managing Partner de Colliers International; Fritz<br>Eisele, C\u00f3nsul Honorario de Alemania en Monterrey y Blanca \u00c1lvarez Garza,<br>regidora presidenta de la Comisi\u00f3n de Desarrollo Econ\u00f3mico.<\/p>\n","protected":false},"excerpt":{"rendered":"<p>Torre\u00f3n, Coahuila. A 23 de noviembre de 2022. El Alcalde Rom\u00e1n Alberto Cepeda Gonz\u00e1lez, present\u00f3 este mi\u00e9rcoles el \u201cD\u00eda i\u201d,primer evento anual para la atracci\u00f3n de inversiones nacionales y extranjeras enTorre\u00f3n. En el \u201cD\u00eda i\u201d participan m\u00e1s de 115 empresarios provenientes de Monterrey,Saltillo, Ciudad de M\u00e9xico, C\u00e1mara Alemana de Comercio, Comunidad CoreanaIndustrial, C\u00e1mara M\u00e9xico \u2013 Estados unidos, entre otros. En su participaci\u00f3n el Presidente Municipal, dio la bienvenida a los&#8230;<\/p>\n","protected":false},"author":1,"featured_media":12433,"comment_status":"closed","ping_status":"closed","sticky":false,"template":"","format":"standard","meta":{"footnotes":""},"categories":[5,28,7],"tags":[],"class_list":["post-12432","post","type-post","status-publish","format-standard","has-post-thumbnail","hentry","category-coahuila","category-la-laguna","category-torreon","wpcat-5-id","wpcat-28-id","wpcat-7-id"],"_links":{"self":[{"href":"https:\/\/www.aquilaguna.com\/index.php\/wp-json\/wp\/v2\/posts\/12432","targetHints":{"allow":["GET"]}}],"collection":[{"href":"https:\/\/www.aquilaguna.com\/index.php\/wp-json\/wp\/v2\/posts"}],"about":[{"href":"https:\/\/www.aquilaguna.com\/index.php\/wp-json\/wp\/v2\/types\/post"}],"author":[{"embeddable":true,"href":"https:\/\/www.aquilaguna.com\/index.php\/wp-json\/wp\/v2\/users\/1"}],"replies":[{"embeddable":true,"href":"https:\/\/www.aquilaguna.com\/index.php\/wp-json\/wp\/v2\/comments?post=12432"}],"version-history":[{"count":1,"href":"https:\/\/www.aquilaguna.com\/index.php\/wp-json\/wp\/v2\/posts\/12432\/revisions"}],"predecessor-version":[{"id":12434,"href":"https:\/\/www.aquilaguna.com\/index.php\/wp-json\/wp\/v2\/posts\/12432\/revisions\/12434"}],"wp:featuredmedia":[{"embeddable":true,"href":"https:\/\/www.aquilaguna.com\/index.php\/wp-json\/wp\/v2\/media\/12433"}],"wp:attachment":[{"href":"https:\/\/www.aquilaguna.com\/index.php\/wp-json\/wp\/v2\/media?parent=12432"}],"wp:term":[{"taxonomy":"category","embeddable":true,"href":"https:\/\/www.aquilaguna.com\/index.php\/wp-json\/wp\/v2\/categories?post=12432"},{"taxonomy":"post_tag","embeddable":true,"href":"https:\/\/www.aquilaguna.com\/index.php\/wp-json\/wp\/v2\/tags?post=12432"}],"curies":[{"name":"wp","href":"https:\/\/api.w.org\/{rel}","templated":true}]}}