{"id":12523,"date":"2022-11-28T17:41:08","date_gmt":"2022-11-28T23:41:08","guid":{"rendered":"https:\/\/www.aquilaguna.com\/?p=12523"},"modified":"2022-11-28T17:41:09","modified_gmt":"2022-11-28T23:41:09","slug":"imparten-platica-de-podologia-preventiva-para-diabeticos-en-dif-torreon","status":"publish","type":"post","link":"https:\/\/www.aquilaguna.com\/index.php\/2022\/11\/28\/imparten-platica-de-podologia-preventiva-para-diabeticos-en-dif-torreon\/","title":{"rendered":"Imparten pl\u00e1tica de podolog\u00eda preventiva para diab\u00e9ticos en DIF Torre\u00f3n."},"content":{"rendered":"\n<p>Torre\u00f3n, Coahuila. A 28 de noviembre de 2022.<\/p>\n\n\n\n<p>En el marco del mes de la diabetes, el Sistema para el Desarrollo Integral de la<br>Familia de Torre\u00f3n (DIF), en colaboraci\u00f3n con el DIF Coahuila y el Instituto<br>Podol\u00f3gico de Torre\u00f3n, ofreci\u00f3 una pl\u00e1tica sobre los cuidados que deben tener en<br>los pies las personas diab\u00e9ticas.<\/p>\n\n\n\n<p>Durante la actividad tambi\u00e9n se brind\u00f3 atenci\u00f3n, consulta y diagn\u00f3stico a los<br>adultos mayores empacadores voluntarios del DIF Torre\u00f3n.<\/p>\n\n\n\n<p>La se\u00f1ora Selina Bremer de Cepeda dio la bienvenida a los asistentes y habl\u00f3<br>sobre la importancia de los cuidados oportunos, as\u00ed como la necesidad de que las<br>personas con este padecimiento sean atendidas por especialistas.<\/p>\n\n\n\n<p>Cada 14 de noviembre, se conmemora el D\u00eda Mundial de la Diabetes, que es una<br>oportunidad para crear conciencia sobre el impacto de la diabetes en la salud de<br>las personas y los pasos a seguir para su prevenci\u00f3n, diagn\u00f3stico y manejo.<\/p>\n\n\n\n<p>La doctora Mariana Ter\u00e1n, docente en el Instituto Podol\u00f3gico de Torre\u00f3n, fue la<br>encargada de llevar esta pl\u00e1tica a los 50 asistentes pertenecientes al programa<br>Adultos Mayores Empacadores Voluntarios del DIF Torre\u00f3n, aclarando sus dudas,<br>definiendo los t\u00e9rminos y cuidados necesarios para llevar una mejor calidad de<br>vida siempre en busca de la prevenci\u00f3n.<\/p>\n\n\n\n<p>Al finalizar la pl\u00e1tica, alumnos del Instituto Podol\u00f3gico de Torre\u00f3n brindaron<br>atenci\u00f3n, consulta y diagn\u00f3stico gratuito a los asistentes, realizando as\u00ed un servicio<br>a la comunidad vulnerable que no tiene acceso a alg\u00fan m\u00e9dico especialista,<br>apoyando no s\u00f3lo a la salud y la prevenci\u00f3n, sino tambi\u00e9n su econom\u00eda.<\/p>\n\n\n\n<p>Estuvieron presentes Marlene Mart\u00ednez Vald\u00e9s, Directora General del DIF Torre\u00f3n;<br>Geraldine Sotomayor, Directora de Desarrollo Humano; Carolina Guerrero,<br>Coordinadora de Desarrollo Social; Jos\u00e9 Arturo Rangel Aguirre, Coordinador<br>Regional del DIF Coahuila; Carlos Alberto Cuellar V\u00e1zquez, encargado regional<br>del Programa AMEP (Adulto Mayor en Plenitud); Luis Alberto Garc\u00eda, Delegado<br>Regional Noroeste de la Fundaci\u00f3n de Pod\u00f3logos; as\u00ed como Ileana Hern\u00e1ndez<br>Trevi\u00f1o, Delegada Regi\u00f3n Laguna de la Fundaci\u00f3n de Pod\u00f3logos y Podiatras.<\/p>\n","protected":false},"excerpt":{"rendered":"<p>Torre\u00f3n, Coahuila. A 28 de noviembre de 2022. En el marco del mes de la diabetes, el Sistema para el Desarrollo Integral de laFamilia de Torre\u00f3n (DIF), en colaboraci\u00f3n con el DIF Coahuila y el InstitutoPodol\u00f3gico de Torre\u00f3n, ofreci\u00f3 una pl\u00e1tica sobre los cuidados que deben tener enlos pies las personas diab\u00e9ticas. Durante la actividad tambi\u00e9n se brind\u00f3 atenci\u00f3n, consulta y diagn\u00f3stico a losadultos mayores empacadores voluntarios del DIF Torre\u00f3n&#8230;.<\/p>\n","protected":false},"author":1,"featured_media":12524,"comment_status":"closed","ping_status":"closed","sticky":false,"template":"","format":"standard","meta":{"footnotes":""},"categories":[5,26,28,14,7],"tags":[],"class_list":["post-12523","post","type-post","status-publish","format-standard","has-post-thumbnail","hentry","category-coahuila","category-dif","category-la-laguna","category-salud","category-torreon","wpcat-5-id","wpcat-26-id","wpcat-28-id","wpcat-14-id","wpcat-7-id"],"_links":{"self":[{"href":"https:\/\/www.aquilaguna.com\/index.php\/wp-json\/wp\/v2\/posts\/12523","targetHints":{"allow":["GET"]}}],"collection":[{"href":"https:\/\/www.aquilaguna.com\/index.php\/wp-json\/wp\/v2\/posts"}],"about":[{"href":"https:\/\/www.aquilaguna.com\/index.php\/wp-json\/wp\/v2\/types\/post"}],"author":[{"embeddable":true,"href":"https:\/\/www.aquilaguna.com\/index.php\/wp-json\/wp\/v2\/users\/1"}],"replies":[{"embeddable":true,"href":"https:\/\/www.aquilaguna.com\/index.php\/wp-json\/wp\/v2\/comments?post=12523"}],"version-history":[{"count":1,"href":"https:\/\/www.aquilaguna.com\/index.php\/wp-json\/wp\/v2\/posts\/12523\/revisions"}],"predecessor-version":[{"id":12525,"href":"https:\/\/www.aquilaguna.com\/index.php\/wp-json\/wp\/v2\/posts\/12523\/revisions\/12525"}],"wp:featuredmedia":[{"embeddable":true,"href":"https:\/\/www.aquilaguna.com\/index.php\/wp-json\/wp\/v2\/media\/12524"}],"wp:attachment":[{"href":"https:\/\/www.aquilaguna.com\/index.php\/wp-json\/wp\/v2\/media?parent=12523"}],"wp:term":[{"taxonomy":"category","embeddable":true,"href":"https:\/\/www.aquilaguna.com\/index.php\/wp-json\/wp\/v2\/categories?post=12523"},{"taxonomy":"post_tag","embeddable":true,"href":"https:\/\/www.aquilaguna.com\/index.php\/wp-json\/wp\/v2\/tags?post=12523"}],"curies":[{"name":"wp","href":"https:\/\/api.w.org\/{rel}","templated":true}]}}