{"id":1253,"date":"2021-03-26T17:02:26","date_gmt":"2021-03-26T23:02:26","guid":{"rendered":"https:\/\/www.aquilaguna.com\/?p=1253"},"modified":"2021-03-26T17:02:26","modified_gmt":"2021-03-26T23:02:26","slug":"reafirma-mars-plena-conviccion-de-que-la-realidad-de-mexico-requiere-de-acuerdos-basados-en-el-respeto-a-la-soberania-de-los-estados","status":"publish","type":"post","link":"https:\/\/www.aquilaguna.com\/index.php\/2021\/03\/26\/reafirma-mars-plena-conviccion-de-que-la-realidad-de-mexico-requiere-de-acuerdos-basados-en-el-respeto-a-la-soberania-de-los-estados\/","title":{"rendered":"REAFIRMA MARS PLENA CONVICCI\u00d3N DE QUE LA REALIDAD DE M\u00c9XICO REQUIERE DE ACUERDOS BASADOS EN EL RESPETO A LA SOBERAN\u00cdA DE LOS ESTADOS."},"content":{"rendered":"\n<p>\u00b7\u00a0\u00a0\u00a0\u00a0\u00a0\u00a0<strong><em>Conmemoran en Palacio de Gobierno el 108 Aniversario de la firma del Plan de Guadalupe.<\/em><\/strong><\/p>\n\n\n\n<p>\u00b7\u00a0\u00a0\u00a0\u00a0\u00a0\u00a0<strong><em>Reconoce gobernador Miguel Riquelme que el Ej\u00e9rcito Mexicano es del pueblo: \u2018Del cual los coahuilenses nos sentimos muy orgullosos\u2019.<\/em><\/strong><\/p>\n\n\n\n<p>Saltillo, Coahuila de Zaragoza; a 26 de Marzo de 2021.- Durante la ceremonia de conmemoraci\u00f3n del 108 Aniversario de la firma del Plan de Guadalupe, el gobernador Miguel \u00c1ngel Riquelme Sol\u00eds reafirm\u00f3 su plena convicci\u00f3n de que la realidad de nuestro pa\u00eds requiere de acuerdos basados en el respeto a la soberan\u00eda de los Estados, en el reconocimiento pleno de la aportaci\u00f3n de cada entidad al desarrollo del Pa\u00eds y, sobre todo, en la institucionalidad y el equilibrio entre Poderes.<\/p>\n\n\n\n<p>\u201cNo debe haber obst\u00e1culo institucional ni inter\u00e9s de grupo ni colores partidistas que impidan que Coahuila reciba lo que merece y necesita para continuar su crecimiento hacia mayores est\u00e1ndares de progreso y bienestar\u201d, se\u00f1al\u00f3 el Mandatario estatal.<\/p>\n\n\n\n<p>En esta ceremonia estuvieron presentes Eduardo Olmos Castro, diputado presidente de la Junta de Gobierno del Congreso; Miguel Felipe Mery Ayup, magistrado presidente del Tribunal Superior de Justicia, y el General de Brigada DEM Guillermo Alberto Nava S\u00e1nchez, Comandante de la Sexta Zona Militar.<\/p>\n\n\n\n<p>En el representativo acto celebrado en patio central de Palacio de Gobierno, Miguel Riquelme recibi\u00f3 de manos de Zita Carranza de la Pe\u00f1a, descendiente del general Jes\u00fas Carranza Garza, hermano de Venustiano Carranza, un importante acervo documental y museogr\u00e1fico de la \u00e9poca revolucionaria, integrado por peri\u00f3dicos e invaluables objetos que pertenecieron a la familia del general Jes\u00fas Carranza, quien cruel y arteramente fue asesinado conjuntamente con el Estado Mayor en enero de 1915.<\/p>\n\n\n\n<p>Luego de realizar la Guardia de Honor y de rendir los honores a nuestra Bandera, en su mensaje, Riquelme Sol\u00eds relat\u00f3 la experiencia pol\u00edtica de Venustiano Carranza y su amplia trayectoria en la vida p\u00fablica, su sensibilidad y entendimiento sobre la situaci\u00f3n por las que atravesaba el Pa\u00eds y las decisiones que tom\u00f3 en consecuencia, mismas que sentaron las bases del \u201cM\u00e9xico de hoy, de leyes, de libertades y de instituciones democr\u00e1ticas\u201d.<\/p>\n\n\n\n<p>\u201cLa Constituci\u00f3n discutida a finales de 1916 y jurada el 5 de febrero de 1917, fue la gran aportaci\u00f3n de los revolucionarios, quienes dejaron impresos sus pensamientos e ideales en la Carta Magna, cuyo eje central era la restauraci\u00f3n de los derechos sociales y las condiciones de igualdad en los temas centrales de la vida nacional: Educaci\u00f3n, trabajo, vivienda y recursos naturales declarados propiedad de la naci\u00f3n\u201d.<\/p>\n\n\n\n<p>Miguel Riquelme se\u00f1al\u00f3 adem\u00e1s que Coahuila cuenta con un lugar privilegiado en la historia nacional, ya que fue aqu\u00ed donde se tomaron las medidas legales para organizar una resistencia patri\u00f3tica que cumplir\u00eda con su cometido de restablecer la legalidad y la democracia.<\/p>\n\n\n\n<p>\u201cLa defensa de la Patria, su independencia y libertad, la lucha por los derechos humanos, el respeto a la legalidad y la justicia, siguen siendo faros que gu\u00edan la vida diaria de las mujeres y hombres nacidos en esta noble tierra\u201d, subray\u00f3.<\/p>\n\n\n\n<p>De la misma manera, reconoci\u00f3 que el Ej\u00e9rcito Mexicano, del que los coahuilenses se sienten muy orgullosos, es un ej\u00e9rcito del pueblo.\u00a0El Mandatario estatal agreg\u00f3 que es aquel mismo Ej\u00e9rcito Constitucionalista que inici\u00f3 con el grupo de valientes y leales mexicanos que firmaron el Plan de Guadalupe, y que por tal motivo esta instituci\u00f3n de grandeza surge de los m\u00e1s puros ideales del pueblo de Coahuila.<\/p>\n\n\n\n<p>Enfatiz\u00f3 que en la tierra de Madero y de Carranza, con serenidad, se privilegian los acuerdos, pero con firmeza se hacen valer sus t\u00e9rminos. Se combate la corrupci\u00f3n en toda la Administraci\u00f3n P\u00fablica y se lucha contra toda forma de discriminaci\u00f3n.<\/p>\n\n\n\n<p>\u201cEn la tierra de Madero y de Carranza debe prevalecer la paz, la legalidad y el Estado de Derecho. Aqu\u00ed no hay cabida para los detractores de la Ley ni para quienes intentan vivir a costa del trabajo honrado de los dem\u00e1s. Ning\u00fan delito quedar\u00e1 impune y nadie escapar\u00e1 de la justicia\u201d, indic\u00f3 el Gobernador de Coahuila.<\/p>\n\n\n\n<p>De la misma manera, reiter\u00f3 que las ni\u00f1as y los ni\u00f1os son primero. Que se privilegia su formaci\u00f3n, desarrollo e integridad. Se vela por el buen cauce de los j\u00f3venes de Coahuila, para que est\u00e9n en las aulas alejados del vicio y la delincuencia.<\/p>\n\n\n\n<p>Riquelme Sol\u00eds enfatiz\u00f3 que, ante todo, a la mujer se le respeta, y se castiga con todo el peso de la Ley a quien intente vulnerar sus derechos y atentar contra su integridad, y que d\u00eda a d\u00eda se trabaja para que todas y todos puedan construir un proyecto de vida sin ning\u00fan tipo de distinci\u00f3n, de raza, g\u00e9nero o creencia.<\/p>\n\n\n\n<p>\u201cCoahuila, hoy como siempre seguir\u00e1 trabajando por el bien de los mexicanos, vigilante fiel del respeto de los derechos humanos y de la soberan\u00eda nacional\u201d, expres\u00f3.<\/p>\n\n\n\n<p>\u201cNinguna amenaza, social, pol\u00edtica o de salud detendr\u00e1 la marcha de Coahuila hacia el protag\u00f3nico lugar que le corresponde al frente de los cambios y como punta de lanza del crecimiento de M\u00e9xico\u201d.<\/p>\n\n\n\n<p>Por su parte, Manolo Jim\u00e9nez Salinas, Presidente Municipal de Saltillo, mencion\u00f3 que la Capital coahuilense fue un espacio fundamental en la vida de Venustiano Carranza, ya que fue testigo de su formaci\u00f3n temprana y de las primeras determinaciones frente al Pa\u00eds en la hora dif\u00edcil del \u201ccuartelazo\u201d de 1913.\u00a0<\/p>\n\n\n\n<p>Lucas Mart\u00ednez S\u00e1nchez, director del Archivo General del Estado, hizo una rese\u00f1a hist\u00f3rica del movimiento constitucionalista, en la que expres\u00f3 que Venustiano Carranza y los coahuilenses de 1913 demostraron su determinaci\u00f3n y apoyo a la causa de la legalidad, como herederos de guerras anteriores, donde los patriotas de esta tierra demostraron con creces su unidad y su coraje.<\/p>\n\n\n\n<p>En este evento acompa\u00f1aron al Gobernador, adem\u00e1s, Jos\u00e9 Mar\u00eda Morales Padilla, Alcalde de Ramos Arizpe; Everardo Dur\u00e1n Flores, Alcalde de Arteaga; Fernando de las Fuentes Hern\u00e1ndez, Secretario de Gobierno; Zita Carranza de la Pe\u00f1a, descendiente del general Jes\u00fas Carranza; Ana Sof\u00eda Garc\u00eda Camil, Secretaria de Cultura; Sergio Armando Sisbeles Alvarado, diputado federal por Coahuila, y Armando Fuentes Aguirre, cronista de la Ciudad de Saltillo.<\/p>\n\n\n\n<p>As\u00ed como integrantes del Gabinete Legal y Ampliado del Ejecutivo; diputadas y diputados locales; funcionarios p\u00fablicos estatales y municipales; rectores y directores de instituciones educativas, y representantes de asociaciones civiles.<\/p>\n","protected":false},"excerpt":{"rendered":"<p>\u00b7\u00a0\u00a0\u00a0\u00a0\u00a0\u00a0Conmemoran en Palacio de Gobierno el 108 Aniversario de la firma del Plan de Guadalupe. \u00b7\u00a0\u00a0\u00a0\u00a0\u00a0\u00a0Reconoce gobernador Miguel Riquelme que el Ej\u00e9rcito Mexicano es del pueblo: \u2018Del cual los coahuilenses nos sentimos muy orgullosos\u2019. Saltillo, Coahuila de Zaragoza; a 26 de Marzo de 2021.- Durante la ceremonia de conmemoraci\u00f3n del 108 Aniversario de la firma del Plan de Guadalupe, el gobernador Miguel \u00c1ngel Riquelme Sol\u00eds reafirm\u00f3 su plena convicci\u00f3n de&#8230;<\/p>\n","protected":false},"author":1,"featured_media":1254,"comment_status":"closed","ping_status":"closed","sticky":false,"template":"","format":"standard","meta":{"footnotes":""},"categories":[5,15],"tags":[],"class_list":["post-1253","post","type-post","status-publish","format-standard","has-post-thumbnail","hentry","category-coahuila","category-gobierno-de-coahuila","wpcat-5-id","wpcat-15-id"],"_links":{"self":[{"href":"https:\/\/www.aquilaguna.com\/index.php\/wp-json\/wp\/v2\/posts\/1253","targetHints":{"allow":["GET"]}}],"collection":[{"href":"https:\/\/www.aquilaguna.com\/index.php\/wp-json\/wp\/v2\/posts"}],"about":[{"href":"https:\/\/www.aquilaguna.com\/index.php\/wp-json\/wp\/v2\/types\/post"}],"author":[{"embeddable":true,"href":"https:\/\/www.aquilaguna.com\/index.php\/wp-json\/wp\/v2\/users\/1"}],"replies":[{"embeddable":true,"href":"https:\/\/www.aquilaguna.com\/index.php\/wp-json\/wp\/v2\/comments?post=1253"}],"version-history":[{"count":1,"href":"https:\/\/www.aquilaguna.com\/index.php\/wp-json\/wp\/v2\/posts\/1253\/revisions"}],"predecessor-version":[{"id":1255,"href":"https:\/\/www.aquilaguna.com\/index.php\/wp-json\/wp\/v2\/posts\/1253\/revisions\/1255"}],"wp:featuredmedia":[{"embeddable":true,"href":"https:\/\/www.aquilaguna.com\/index.php\/wp-json\/wp\/v2\/media\/1254"}],"wp:attachment":[{"href":"https:\/\/www.aquilaguna.com\/index.php\/wp-json\/wp\/v2\/media?parent=1253"}],"wp:term":[{"taxonomy":"category","embeddable":true,"href":"https:\/\/www.aquilaguna.com\/index.php\/wp-json\/wp\/v2\/categories?post=1253"},{"taxonomy":"post_tag","embeddable":true,"href":"https:\/\/www.aquilaguna.com\/index.php\/wp-json\/wp\/v2\/tags?post=1253"}],"curies":[{"name":"wp","href":"https:\/\/api.w.org\/{rel}","templated":true}]}}