{"id":12539,"date":"2022-11-29T16:59:16","date_gmt":"2022-11-29T22:59:16","guid":{"rendered":"https:\/\/www.aquilaguna.com\/?p=12539"},"modified":"2022-11-29T16:59:17","modified_gmt":"2022-11-29T22:59:17","slug":"la-reforma-electoral-esta-muerta-no-tuvo-fuerza-ni-para-convencer-a-sus-aliados-julen-rementeria","status":"publish","type":"post","link":"https:\/\/www.aquilaguna.com\/index.php\/2022\/11\/29\/la-reforma-electoral-esta-muerta-no-tuvo-fuerza-ni-para-convencer-a-sus-aliados-julen-rementeria\/","title":{"rendered":"LA REFORMA ELECTORAL EST\u00c1 MUERTA, NO TUVO FUERZA NI PARA CONVENCER A SUS ALIADOS: JULEN REMENTER\u00cdA."},"content":{"rendered":"\n<ul class=\"wp-block-list\">\n<li><strong>Refiri\u00f3 que por eso el aplazamiento de la discusi\u00f3n en la C\u00e1mara de Diputados<\/strong><\/li>\n<\/ul>\n\n\n\n<ul class=\"wp-block-list\">\n<li><strong>A\u00f1adi\u00f3 que el rechazo a dicha reforma es un triunfo de la ciudadan\u00eda y de la oposici\u00f3n<\/strong><\/li>\n<\/ul>\n\n\n\n<p>El coordinador de las y los senadores del Partido Acci\u00f3n Nacional, Julen Rementer\u00eda del Puerto, declar\u00f3 que el Presidente de la Rep\u00fablica no tiene la mayor\u00eda calificada en C\u00e1mara de Diputados para aprobar la reforma electoral y por ello se aplaz\u00f3 la discusi\u00f3n.<\/p>\n\n\n\n<p>\u201cEl d\u00eda de hoy se ha hecho evidente que el presidente L\u00f3pez Obrador no tiene los votos para una reforma constitucional muerta, pues no pueden convencer ni siquiera a sus aliados. El rechazo a esta reforma electoral es un triunfo de la ciudadan\u00eda y un triunfo de la oposici\u00f3n\u201d, expuso.<\/p>\n\n\n\n<p>Rementer\u00eda del Puerto destac\u00f3 que el pasado 13 de noviembre la sociedad se expres\u00f3 de forma libre, independiente y contundente, repudiando una reforma t\u00f3xica y retr\u00f3grada.<\/p>\n\n\n\n<p>\u201cEl mensaje fue claro: Tenemos que defender nuestra libertad y nuestro derecho a decidir, por eso estamos en contra de la reforma electoral que se propone, porque es una reforma t\u00f3xica y destructiva, que pretende regresar la organizaci\u00f3n y calificaci\u00f3n de las elecciones al poder p\u00fablico\u201d, asever\u00f3.<\/p>\n\n\n\n<p>El legislador veracruzano se\u00f1al\u00f3 que la modificaci\u00f3n a la ley que pretende hacer Morena, lejos de fortalecer la calidad de las elecciones y garantizar el acceso de todas las personas al poder, s\u00f3lo propone reglas que redistribuyen los espacios p\u00fablicos para su beneficio y el de su partido.<\/p>\n\n\n\n<p>Asimismo, a\u00f1adi\u00f3 que pese el rechazo ciudadano, Morena decidi\u00f3 gastar millones de pesos en organizar una marcha burocr\u00e1tica para curar el ego herido del Presidente.<\/p>\n\n\n\n<p>Julen Rementer\u00eda asegur\u00f3 que su partido seguir\u00e1 dando la pelea ante un plan B, C, o Z.<\/p>\n\n\n\n<p>\u201cDefenderemos por todos los medios lo que hemos construido: Instituciones fuertes que den certeza y legalidad, que nos garanticen un M\u00e9xico democr\u00e1tico\u201d, concluy\u00f3.<\/p>\n","protected":false},"excerpt":{"rendered":"<p>El coordinador de las y los senadores del Partido Acci\u00f3n Nacional, Julen Rementer\u00eda del Puerto, declar\u00f3 que el Presidente de la Rep\u00fablica no tiene la mayor\u00eda calificada en C\u00e1mara de Diputados para aprobar la reforma electoral y por ello se aplaz\u00f3 la discusi\u00f3n. \u201cEl d\u00eda de hoy se ha hecho evidente que el presidente L\u00f3pez Obrador no tiene los votos para una reforma constitucional muerta, pues no pueden convencer ni&#8230;<\/p>\n","protected":false},"author":1,"featured_media":0,"comment_status":"closed","ping_status":"closed","sticky":false,"template":"","format":"standard","meta":{"footnotes":""},"categories":[17,51],"tags":[],"class_list":["post-12539","post","type-post","status-publish","format-standard","hentry","category-pan","category-senado","wpcat-17-id","wpcat-51-id"],"_links":{"self":[{"href":"https:\/\/www.aquilaguna.com\/index.php\/wp-json\/wp\/v2\/posts\/12539","targetHints":{"allow":["GET"]}}],"collection":[{"href":"https:\/\/www.aquilaguna.com\/index.php\/wp-json\/wp\/v2\/posts"}],"about":[{"href":"https:\/\/www.aquilaguna.com\/index.php\/wp-json\/wp\/v2\/types\/post"}],"author":[{"embeddable":true,"href":"https:\/\/www.aquilaguna.com\/index.php\/wp-json\/wp\/v2\/users\/1"}],"replies":[{"embeddable":true,"href":"https:\/\/www.aquilaguna.com\/index.php\/wp-json\/wp\/v2\/comments?post=12539"}],"version-history":[{"count":1,"href":"https:\/\/www.aquilaguna.com\/index.php\/wp-json\/wp\/v2\/posts\/12539\/revisions"}],"predecessor-version":[{"id":12540,"href":"https:\/\/www.aquilaguna.com\/index.php\/wp-json\/wp\/v2\/posts\/12539\/revisions\/12540"}],"wp:attachment":[{"href":"https:\/\/www.aquilaguna.com\/index.php\/wp-json\/wp\/v2\/media?parent=12539"}],"wp:term":[{"taxonomy":"category","embeddable":true,"href":"https:\/\/www.aquilaguna.com\/index.php\/wp-json\/wp\/v2\/categories?post=12539"},{"taxonomy":"post_tag","embeddable":true,"href":"https:\/\/www.aquilaguna.com\/index.php\/wp-json\/wp\/v2\/tags?post=12539"}],"curies":[{"name":"wp","href":"https:\/\/api.w.org\/{rel}","templated":true}]}}