{"id":12621,"date":"2022-12-05T19:03:03","date_gmt":"2022-12-06T01:03:03","guid":{"rendered":"https:\/\/www.aquilaguna.com\/?p=12621"},"modified":"2022-12-05T19:03:03","modified_gmt":"2022-12-06T01:03:03","slug":"presentan-miguel-riquelme-y-esteban-villegas-festival-como-la-laguna-ninguna","status":"publish","type":"post","link":"https:\/\/www.aquilaguna.com\/index.php\/2022\/12\/05\/presentan-miguel-riquelme-y-esteban-villegas-festival-como-la-laguna-ninguna\/","title":{"rendered":"PRESENTAN MIGUEL RIQUELME Y ESTEBAN VILLEGAS FESTIVAL \u2018COMO LA LAGUNA, NINGUNA\u2019."},"content":{"rendered":"\n<p>\u00b7\u00a0\u00a0\u00a0\u00a0\u00a0\u00a0<strong><em>\u00a0Ser\u00e1 del 16 al 23 de Diciembre\u00a0<\/em><\/strong><\/p>\n\n\n\n<p>G\u00f3mez Palacio, Durango; 5 de Diciembre de 2022.- Los gobernadores de Coahuila y Durango, Miguel \u00c1ngel Riquelme Sol\u00eds y Esteban Alejandro Villegas Villarreal, de manera respectiva, presidieron la ceremonia en la que se present\u00f3 el Festival \u201cComo La Laguna Ninguna\u201d, que se llevar\u00e1 a cabo del 16 al 23 de diciembre en municipios de ambas entidades, y que integra eventos art\u00edsticos y culturales; el festival cerrar\u00e1 con un gran concierto en el lecho seco del R\u00edo Nazas, que encabezar\u00e1 Juli\u00f3n \u00c1lvarez.&nbsp;<\/p>\n\n\n\n<p>En su intervenci\u00f3n, Miguel Riquelme dijo que el tema cultural que a iniciativa del gobernador Esteban Villegas se propone, en La Laguna, llega en muy buen momento, lo que demuestra la apertura y el trabajo en conjunto que se debe de hacer en muchos otros \u00e1mbitos.<\/p>\n\n\n\n<p>Inform\u00f3 que se coordinaron las secretar\u00edas de Cultura de ambas entidades y que ser\u00e1 un evento muy representativo al que podr\u00e1n asistir las poblaciones tanto de Coahuila y Durango: \u201cQue a decir verdad, la din\u00e1mica diaria ya los incluye\u201d.<\/p>\n\n\n\n<p>Como lagunero, Riquelme Sol\u00eds reconoci\u00f3 el sentimiento de que tanto Torre\u00f3n y G\u00f3mez Palacio son municipios de gran trascendencia para sus entidades, por lo que este evento lo evidencia y efectivamente, \u201ccomo La Laguna, ninguna\u201d, manifest\u00f3.<\/p>\n\n\n\n<p>Por su parte, Esteban Villegas agradeci\u00f3 al Gobernador coahuilense por el di\u00e1logo, la apertura y la cercan\u00eda.<\/p>\n\n\n\n<p>\u201cFue en una de esas charlas cuando compartimos la idea de este festival, lo platiqu\u00e9 con Miguel Riquelme y entonces \u00e9l dijo que uni\u00e9ramos a los dos estados con un evento ancla, y que se pueda sembrar la semilla de muchas cosas para la Comarca Lagunera\u201d, coment\u00f3.<\/p>\n\n\n\n<p>Villegas Villarreal se\u00f1al\u00f3 que Miguel Riquelme es un gran gobernador y que su experiencia la comparte con su Administraci\u00f3n, y se puede en Durango empezar mejor los trabajos de muchos otros programas que har\u00e1n en conjunto.<\/p>\n\n\n\n<p>Por su parte, Leticia Herrera Ale, Presidenta Municipal de G\u00f3mez Palacio, al dar la bienvenida se dijo contenta de recibir a ambos gobernadores: \u201cY esto es la muestra de que nos une el amor a La Laguna\u201d.<\/p>\n\n\n\n<p>Afirm\u00f3 que trabajar\u00e1n para vincular a estos pueblos hermanos: \u201cTanto Coahuila y Durango, trabajando unidos, G\u00f3mez Palacio seguir\u00e1 brillando siempre\u201d.<\/p>\n\n\n\n<p>\u2018COMO LA LAGUNA NINGUNA\u2019<\/p>\n\n\n\n<p>Este festival nace con la intenci\u00f3n de resaltar la importancia de la cultura lagunera para propiciar la hermandad entre los estados, la convivencia familiar, el esparcimiento y la recreaci\u00f3n.<\/p>\n\n\n\n<p>Adem\u00e1s de que busca incentivar la movilidad social que provoque el aumento de la actividad econ\u00f3mica y por consecuencia la ocupaci\u00f3n hotelera y la derrama de servicios complementarios relacionados con el turismo.<\/p>\n\n\n\n<p>En esta primera edici\u00f3n, que pretende ser un parteaguas para un festejo anual que se institucionalice, la programaci\u00f3n de la cultura norte\u00f1a-lagunera ser\u00e1 evidenciada en todos los aspectos.<\/p>\n\n\n\n<p>PARTE DEL PROGRAMA<\/p>\n\n\n\n<p>\u00b7&nbsp;&nbsp;&nbsp;&nbsp;&nbsp;&nbsp;&nbsp;16 de diciembre: Camerata de Coahuila estar\u00e1 en G\u00f3mez Palacio, y Mariachi Gama Mil en Lerdo.<\/p>\n\n\n\n<p>\u00b7&nbsp;&nbsp;&nbsp;&nbsp;&nbsp;&nbsp;&nbsp;18 de diciembre: Homenaje a un gran lagunero, don Lorenzo de Monteclaro, en G\u00f3mez Palacio.<\/p>\n\n\n\n<p>\u00b7&nbsp;&nbsp;&nbsp;&nbsp;&nbsp;&nbsp;&nbsp;18 de diciembre: Teatro \u201cAlberto M. Alvarado\u201d, estar\u00e1 Lupita Sandoval, en G\u00f3mez Palacio.<\/p>\n\n\n\n<p>\u00b7&nbsp;&nbsp;&nbsp;&nbsp;&nbsp;&nbsp;&nbsp;19 de diciembre: \u201cQue viva la cumbia lagunera\u201d, con Chicos de Barrio, en Lerdo.<\/p>\n\n\n\n<p>\u00b7&nbsp;&nbsp;&nbsp;&nbsp;&nbsp;&nbsp;&nbsp;20 de diciembre: \u201cAs\u00ed se baila en La Laguna\u201d, con los Rieleros del Norte, en G\u00f3mez Palacio.<\/p>\n\n\n\n<p>\u00b7&nbsp;&nbsp;&nbsp;&nbsp;&nbsp;&nbsp;&nbsp;21 de diciembre: Aniversario de G\u00f3mez Palacio, con Yuri, en G\u00f3mez Palacio.<\/p>\n\n\n\n<p>\u00b7&nbsp;&nbsp;&nbsp;&nbsp;&nbsp;&nbsp;&nbsp;22 de diciembre: En el coraz\u00f3n de G\u00f3mez Palacio estar\u00e1 La Firma, tambi\u00e9n en esta ciudad.<\/p>\n\n\n\n<p>\u00b7&nbsp;&nbsp;&nbsp;&nbsp;&nbsp;&nbsp;&nbsp;23 de diciembre: \u201cComo La Laguna Ninguna\u201d, en Durango y Coahuila, hermanados con Juli\u00f3n \u00c1lvarez, en EL Lecho Seco del R\u00edo Nazas.&nbsp;<\/p>\n\n\n\n<p>Adicionalmente, participar\u00e1n artistas y grupos de ambas entidades, por ejemplo: Vilax, Los Primeritos de Colombia, Jorge Cordero, Los Sumbaos, La Compa\u00f1\u00eda de T\u00edteres Maika Teatro y m\u00e1s, tanto en Lerdo, G\u00f3mez Palacio, Torre\u00f3n, Matamoros, San Pedro de las Colonias y en otros municipios de Coahuila y Durango.&nbsp;<\/p>\n\n\n\n<p>A esta presentaci\u00f3n en el Museo Acertijo acudieron, tambi\u00e9n, Homero Mart\u00ednez Cabrera, Alcalde de Lerdo, as\u00ed como autoridades de Cultura de ambas entidades, funcionarios estatales, municipales y medios de comunicaci\u00f3n.<\/p>\n","protected":false},"excerpt":{"rendered":"<p>\u00b7\u00a0\u00a0\u00a0\u00a0\u00a0\u00a0\u00a0Ser\u00e1 del 16 al 23 de Diciembre\u00a0 G\u00f3mez Palacio, Durango; 5 de Diciembre de 2022.- Los gobernadores de Coahuila y Durango, Miguel \u00c1ngel Riquelme Sol\u00eds y Esteban Alejandro Villegas Villarreal, de manera respectiva, presidieron la ceremonia en la que se present\u00f3 el Festival \u201cComo La Laguna Ninguna\u201d, que se llevar\u00e1 a cabo del 16 al 23 de diciembre en municipios de ambas entidades, y que integra eventos art\u00edsticos y culturales;&#8230;<\/p>\n","protected":false},"author":1,"featured_media":12622,"comment_status":"closed","ping_status":"closed","sticky":false,"template":"","format":"standard","meta":{"footnotes":""},"categories":[5,12,40,15,64,28],"tags":[],"class_list":["post-12621","post","type-post","status-publish","format-standard","has-post-thumbnail","hentry","category-coahuila","category-cultura","category-durango","category-gobierno-de-coahuila","category-gobierno-de-durango","category-la-laguna","wpcat-5-id","wpcat-12-id","wpcat-40-id","wpcat-15-id","wpcat-64-id","wpcat-28-id"],"_links":{"self":[{"href":"https:\/\/www.aquilaguna.com\/index.php\/wp-json\/wp\/v2\/posts\/12621","targetHints":{"allow":["GET"]}}],"collection":[{"href":"https:\/\/www.aquilaguna.com\/index.php\/wp-json\/wp\/v2\/posts"}],"about":[{"href":"https:\/\/www.aquilaguna.com\/index.php\/wp-json\/wp\/v2\/types\/post"}],"author":[{"embeddable":true,"href":"https:\/\/www.aquilaguna.com\/index.php\/wp-json\/wp\/v2\/users\/1"}],"replies":[{"embeddable":true,"href":"https:\/\/www.aquilaguna.com\/index.php\/wp-json\/wp\/v2\/comments?post=12621"}],"version-history":[{"count":1,"href":"https:\/\/www.aquilaguna.com\/index.php\/wp-json\/wp\/v2\/posts\/12621\/revisions"}],"predecessor-version":[{"id":12623,"href":"https:\/\/www.aquilaguna.com\/index.php\/wp-json\/wp\/v2\/posts\/12621\/revisions\/12623"}],"wp:featuredmedia":[{"embeddable":true,"href":"https:\/\/www.aquilaguna.com\/index.php\/wp-json\/wp\/v2\/media\/12622"}],"wp:attachment":[{"href":"https:\/\/www.aquilaguna.com\/index.php\/wp-json\/wp\/v2\/media?parent=12621"}],"wp:term":[{"taxonomy":"category","embeddable":true,"href":"https:\/\/www.aquilaguna.com\/index.php\/wp-json\/wp\/v2\/categories?post=12621"},{"taxonomy":"post_tag","embeddable":true,"href":"https:\/\/www.aquilaguna.com\/index.php\/wp-json\/wp\/v2\/tags?post=12621"}],"curies":[{"name":"wp","href":"https:\/\/api.w.org\/{rel}","templated":true}]}}