{"id":12679,"date":"2022-12-08T17:58:57","date_gmt":"2022-12-08T23:58:57","guid":{"rendered":"https:\/\/www.aquilaguna.com\/?p=12679"},"modified":"2022-12-08T17:58:58","modified_gmt":"2022-12-08T23:58:58","slug":"preparan-operativo-de-seguridad-para-el-festival-como-la-laguna-ninguna","status":"publish","type":"post","link":"https:\/\/www.aquilaguna.com\/index.php\/2022\/12\/08\/preparan-operativo-de-seguridad-para-el-festival-como-la-laguna-ninguna\/","title":{"rendered":"PREPARAN OPERATIVO DE SEGURIDAD PARA EL FESTIVAL \u201cCOMO LA LAGUNA NINGUNA\u201d."},"content":{"rendered":"\n<p>Comarca Lagunera., Por instrucciones del gobernador, Esteban Villegas Villarreal,<br>tras el anuncio del festival conjunto de Coahuila-Durango \u201cComo La Laguna<br>Ninguna\u201d, se llev\u00f3 a cabo en Casa de Gobierno, una reuni\u00f3n de coordinaci\u00f3n para<br>preparar el operativo de seguridad y el despliegue en torno a los eventos masivos<br>que se realizar\u00e1n en los municipios de G\u00f3mez Palacio, Lerdo y Torre\u00f3n,<br>principalmente.<\/p>\n\n\n\n<p>As\u00ed lo inform\u00f3 Ra\u00fal Antonio Meraz Ram\u00edrez, subsecretario de Gobierno en La<br>Laguna de Durango; al precisar que en la reuni\u00f3n participaron las diferentes<br>corporaciones de seguridad p\u00fablica, el C-4, Tr\u00e1nsito y Vialidad, Cruz Roja,<br>Protecci\u00f3n Civil del Gobierno del Estado de Coahuila, as\u00ed como de los municipios<br>de Torre\u00f3n, G\u00f3mez Palacio y Lerdo.<\/p>\n\n\n\n<p>El Operativo de Seguridad tiene como prop\u00f3sito fundamental salvaguardar la<br>integridad f\u00edsica de las familias laguneras, as\u00ed como mantener el orden en los 22<br>eventos art\u00edsticos y culturales, siete de ellos conciertos masivos, que conforman el<br>Festival \u201cComo la Laguna Ninguna\u201d, precis\u00f3.<\/p>\n\n\n\n<p>\u201cSer\u00e1 una verdadera fiesta para todos los laguneros que se une al 117 aniversario<br>de la fundaci\u00f3n de G\u00f3mez Palacio, Durango; y es un esfuerzo conjunto del<br>gobernador de Durango, Esteban Villegas Villarreal y del gobernador de Coahuila,<br>Miguel \u00c1ngel Riquelme Sol\u00eds, as\u00ed como de los alcaldes de Torre\u00f3n, G\u00f3mez Palacio<br>y Lerdo, Rom\u00e1n Alberto Cepeda Gonz\u00e1lez, Leticia Herrera Ale y Homero Mart\u00ednez<br>Cabrera, respectivamente\u201d.<\/p>\n\n\n\n<p>Record\u00f3 que, el festival comprender\u00e1 del 16 al 23 de diciembre, con las<br>presentaciones art\u00edsticas de: El Mariachi Gama Mil, la Camerata de Coahuila,<br>Lorenzo de Monteclaro, Lupita Sandoval, Los Chicos de Barrio, Los Rieleros, Yuri,<br>La Firma, para concluir con un magno concierto de Juli\u00f3n \u00c1lvarez el 23 de<br>diciembre en el lecho seco del r\u00edo Nazas.<\/p>\n\n\n\n<p>Finalmente, el subsecretario de Gobierno en La Laguna manifest\u00f3 que se<br>encuentran en sesi\u00f3n permanente las corporaciones polic\u00edacas y las unidades de<br>protecci\u00f3n civil, para ir afinando los pasos a seguir dentro del operativo de<br>seguridad, tal y como lo instruy\u00f3 el gobernador, Esteban Villegas Villarreal.<\/p>\n","protected":false},"excerpt":{"rendered":"<p>Comarca Lagunera., Por instrucciones del gobernador, Esteban Villegas Villarreal,tras el anuncio del festival conjunto de Coahuila-Durango \u201cComo La LagunaNinguna\u201d, se llev\u00f3 a cabo en Casa de Gobierno, una reuni\u00f3n de coordinaci\u00f3n parapreparar el operativo de seguridad y el despliegue en torno a los eventos masivosque se realizar\u00e1n en los municipios de G\u00f3mez Palacio, Lerdo y Torre\u00f3n,principalmente. As\u00ed lo inform\u00f3 Ra\u00fal Antonio Meraz Ram\u00edrez, subsecretario de Gobierno en LaLaguna de Durango;&#8230;<\/p>\n","protected":false},"author":1,"featured_media":12680,"comment_status":"closed","ping_status":"closed","sticky":false,"template":"","format":"standard","meta":{"footnotes":""},"categories":[40,64,28],"tags":[],"class_list":["post-12679","post","type-post","status-publish","format-standard","has-post-thumbnail","hentry","category-durango","category-gobierno-de-durango","category-la-laguna","wpcat-40-id","wpcat-64-id","wpcat-28-id"],"_links":{"self":[{"href":"https:\/\/www.aquilaguna.com\/index.php\/wp-json\/wp\/v2\/posts\/12679","targetHints":{"allow":["GET"]}}],"collection":[{"href":"https:\/\/www.aquilaguna.com\/index.php\/wp-json\/wp\/v2\/posts"}],"about":[{"href":"https:\/\/www.aquilaguna.com\/index.php\/wp-json\/wp\/v2\/types\/post"}],"author":[{"embeddable":true,"href":"https:\/\/www.aquilaguna.com\/index.php\/wp-json\/wp\/v2\/users\/1"}],"replies":[{"embeddable":true,"href":"https:\/\/www.aquilaguna.com\/index.php\/wp-json\/wp\/v2\/comments?post=12679"}],"version-history":[{"count":1,"href":"https:\/\/www.aquilaguna.com\/index.php\/wp-json\/wp\/v2\/posts\/12679\/revisions"}],"predecessor-version":[{"id":12681,"href":"https:\/\/www.aquilaguna.com\/index.php\/wp-json\/wp\/v2\/posts\/12679\/revisions\/12681"}],"wp:featuredmedia":[{"embeddable":true,"href":"https:\/\/www.aquilaguna.com\/index.php\/wp-json\/wp\/v2\/media\/12680"}],"wp:attachment":[{"href":"https:\/\/www.aquilaguna.com\/index.php\/wp-json\/wp\/v2\/media?parent=12679"}],"wp:term":[{"taxonomy":"category","embeddable":true,"href":"https:\/\/www.aquilaguna.com\/index.php\/wp-json\/wp\/v2\/categories?post=12679"},{"taxonomy":"post_tag","embeddable":true,"href":"https:\/\/www.aquilaguna.com\/index.php\/wp-json\/wp\/v2\/tags?post=12679"}],"curies":[{"name":"wp","href":"https:\/\/api.w.org\/{rel}","templated":true}]}}