{"id":12710,"date":"2022-12-11T17:58:57","date_gmt":"2022-12-11T23:58:57","guid":{"rendered":"https:\/\/www.aquilaguna.com\/?p=12710"},"modified":"2022-12-11T17:58:57","modified_gmt":"2022-12-11T23:58:57","slug":"aqui-laguna-188","status":"publish","type":"post","link":"https:\/\/www.aquilaguna.com\/index.php\/2022\/12\/11\/aqui-laguna-188\/","title":{"rendered":"Aqu\u00ed Laguna."},"content":{"rendered":"\n<p>\u00a1El principio del fin!\u00a0 Nombre, no es para nada eso, la jornada\u00a0 del pasado viernes es apenas, si\u00a0 las intenciones son ciertas y se\u00a0 concretan, el magisterio en Coahuila, apenas empezar\u00e1 a hacer lo\u00a0 que la base de tal gremio exige, igual que en el resto del pa\u00eds, sobre todo si se confirman en los hechos las versiones, de que los\u00a0 triunfos en las planillas en las Secciones 5, 38 y 35 del Sindicato Nacional de Trabajadores de la Educaci\u00f3n, resultan como\u00a0 parecen,\u00a0 retorcidos reciclajes de los grup\u00fasculos\u00a0 creados en torno a los intereses que se manejan desde\u00a0 sus\u00a0 c\u00fapulas,\u00a0 y que ahora,\u00a0 y una vez que por primera\u00a0 vez al\u00a0 de\u00a0 los maestros,\u00a0 en toda\u00a0 su historia, la reforma laboral del 2019 \u00a0 les abri\u00f3 el camino para elegir\u00a0 dirigentes bajo el m\u00e9todo\u00a0 de la votaci\u00f3n \u00a0 con voto universal y secreto, si bien\u00a0 su c\u00f3digo, es decir\u00a0 su ADN, que gesta su cultura pol\u00edtica,\u00a0 no tiene viso alguno de democracia, veremos\u00a0 si la democracia puede abrirse camino en un sindicato del &#8220;Estado&#8221;, que no cuenta, desde su creaci\u00f3n, con derecho alguno a la huelga, es decir,\u00a0 una agrupaci\u00f3n de trabajadores sin\u00a0 herramienta legal con la cual apoyar sus demandas, por m\u00e1s justas que \u00e9stas sean y\u00a0 han venido quedando ante el poder en turno &#8220;desarmados&#8221;, claro que tan largo camino no result\u00f3 de a gratis, pues\u00a0 quienes lograron alcanzar \u00a0 el nivel de dirigencia, fueron objeto de c\u00e1lido trato, por bien portados, o bien, hasta\u00a0 el ostracismo o la\u00a0 c\u00e1rcel \u00a0 como result\u00f3 la rebeli\u00f3n pol\u00edtica, que no sindical,\u00a0 de la que fuera su\u00a0 dirigente\u00a0 non\u00a0 Elba Ester\u00a0 Gordillo y quienes la antecedieron en el\u00a0 cargo, a cambio estos de\u00a0 la conocida obsecuencia mostrada en el camino al poderoso\u00a0 gobernante \u00a0 en turno, incluso, muchos de los que hoy integran las &#8220;planillas&#8221;\u00a0 que compitieron y ganaron, fueron o son a\u00fan parte de tal entramado, sabedores de los que &#8220;escurre&#8221; de tal panal, es decir, manejo de recursos sin\u00a0 rendici\u00f3n o transparencia alguna, de las millonarias cuotas sindicales, fondos de ahorro, fideicomisos para la vivienda y la proveedur\u00eda\u00a0 al sindicato, coronado\u00a0 con\u00a0 el\u00a0 tr\u00e1fico de\u00a0 plazas, con todo y las limitaciones impuestas a \u00e9stas en\u00a0 puestos de \u00a0 maestro frente a grupo, que elimin\u00f3 de tajo, poder ser\u00a0 heredadas, mas no limit\u00f3 de modo alguno su venta subrepticia\u00a0 para\u00a0 el resto\u00a0 que corresponde a las \u00a0 empleados\u00a0 administrativos, \u00a0 de intendencia y otros.<\/p>\n\n\n\n<p>Como Usted\u00a0 ya lo sabr\u00e1, en el caso de la\u00a0 maestra Isela Licerio Lu\u00e9vano, originaria del vecino municipio de Matamoros,  se demuestra que el resentimiento, como\u00a0 factor\u00a0 en el que anida la venganza, es cosa seria,\u00a0 ya que\u00a0 con a\u00f1os lejos del pizarr\u00f3n, pues emprendedora\u00a0 y aspiracionista que\u00a0 lo es -por m\u00e1s y que en la 4-T esto sea pecado-, se integr\u00f3\u00a0 en su carrera magisterial prontamente en\u00a0 tal camino,\u00a0 bajo\u00a0 conocidos\u00a0 m\u00e9todos \u00a0con \u00e9xito\u00a0 y se sum\u00f3 pronto, a grupo que rodea o rodeaba, vaya Usted a saber hoy, a quien detent\u00f3 su mando formal o de facto en la Secci\u00f3n 35 -como lo hacia tambi\u00e9n en la 5-, es decir, del profesor Carlos Moreira\u00a0 Vald\u00e9s, quien sostuvo y promovi\u00f3 su presencia en tal franja representativa.<\/p>\n\n\n\n<p>Por aun hoy inc\u00f3gnitas razones, tal relaci\u00f3n se deterior\u00f3 y termin\u00f3 haciendo necesario a la maestra Licerio Lu\u00e9vanos, recurrir a la Justicia de la Uni\u00f3n, para reparar violaciones a sus derechos sindicales,\u00a0 acci\u00f3n en la que alcanz\u00f3 el \u00e9xito y se fu\u00e9, pol\u00edticamente claro, con sus b\u00e1rtulos aprovechando el clima \u00cddem existente, a ponerse bajo las \u00f3rdenes del aspirante Ricardo Mej\u00eda Berdeja, conformado la denominada Planilla Rosa, que se dice que este mismo lunes\u00a0 confirma el triunfo electoral necesario para ser su nueva dirigente por un largo per\u00edodo de cuatro a\u00f1os, que se espera, basten, para poner\u00a0 orden,\u00a0 siquiera en la operaci\u00f3n de la Cl\u00ednica del Magisterio, proyecto que\u00a0 naufraga\u00a0 ante la desesperaci\u00f3n de \u00a0 maestros y\u00a0 jubilados\u00a0 que\u00a0 emprendieron la hu\u00edda ante similar situaci\u00f3n en el\u00a0 ISSSTE, a quien\u00a0 demandaban\u00a0 seg\u00fan su derecho,\u00a0 sin obtener\u00a0 respuesta\u00a0 positiva alguna&#8230;<\/p>\n\n\n\n<p>Y por la zona lagunera, diremos que al virtual ganador del proceso para elegir Secretario General y planilla correspondiente en la Secci\u00f3n 35 resulta ser el profesor \u00a0 Arturo\u00a0 D\u00edaz\u00a0 Reyes, quien derrot\u00f3 a\u00a0 sus contrincantes, algunos con larga data en la dirigencia en disputa, como lo fue Gerardo de Alba, que empecinados y por dem\u00e1s\u00a0 muy bien conocidos \u00a0 por la base magisterial en disputa, resultaron\u00a0 perdidos,\u00a0 si bien el este \u00faltimo se apresur\u00f3 a sumarse, bajo el llamado a\u00a0 &#8220;la\u00a0 unidad&#8221; con el ganador de la contienda,\u00a0 a quien atribuyen\u00a0una singular opci\u00f3n partidista, no la del PANAL,\u00a0 del cual aseguran figur\u00f3 como \u00a0 candidato a diputado, si bien resulto perdedor, dicen, sino del de color guinda, o lo que se le parezca, pues conocido es que\u00a0 el SNTE, cuenta por estatuto, de libertad\u00a0 pol\u00edtica y en la Secci\u00f3n 35 se registraron seis planillas, es decir, seis\u00a0 grupos de\u00a0 manifiesto \u00a0y diversos intereses en este tema. A Hern\u00e1ndez D\u00edaz, por lo pronto\u00a0 y tras tomarle este mismo martes,\u00a0 la protesta de rigor\u00a0 Alfonso Cepeda Salas,\u00a0 el dirigente nacional de la superviviente\u00a0 organizaci\u00f3n\u00a0 magisterial en esta\u00a0 4-T&#8230;<\/p>\n\n\n\n<p>Y\u00a0 ya estaremos viendo\u00a0 impactos y resultados en las pr\u00f3ximas semanas en ese campo, en tanto que en la comarca sigue y termina ya casi,\u00a0 en sus municipios, el ejercicio anual de rendici\u00f3n de cuentas y cuentos, es decir, de resultados generados\u00a0 por sus alcaldes y\u00a0 sus eufem\u00edsticamente denominados  &#8220;equipos de trabajo&#8221;. Al paso de los d\u00edas se agota el paso previo a los festejos\u00a0 de Navidad y A\u00f1o Nuevo, pues el viernes de \u00e9sta semana, terminan actividades escolares y\u00a0 lunes se inicia\u00a0 su cuenta, as\u00ed tambi\u00e9n\u00a0 el tradicional\u00a0 per\u00edodo Guadalupe-Reyes, \u00a0 en la fecha con la\u00a0 conmemorativa\u00a0 en\u00a0 la que los mexicanos, reiteran su f\u00e9 y devoci\u00f3n a la Reina del Tepeyac, d\u00eda en el que ya sabremos si tan poderosa \u00a0 imagen le hace el &#8220;milagrito&#8221; al paracaidista\u00a0 Mej\u00eda Berdeja, para\u00a0 alcanzar sus\u00a0 intenciones y ser designado con todo y en cuestas que le han sido y le son adversas,\u00a0 como el\u00a0 Coordinador\u00a0 de la 4-T\u00a0 y lo que eso signifique\u00a0 en Coahuila  y mas a\u00fan, \u00a0 de obtener tal\u00a0 milagro, este le alcance \u00a0 que sus contendientes, lo acepten\u00a0 sin chistar siquiera.<\/p>\n\n\n\n<p>Por cierto,\u00a0 si bien las comparaciones son odiosas, dicen, pero no ello no es \u00f3bice para que en las redes sociales, la altura alcanzada por el Pino de Navidad, que el alcalde Rom\u00e1n Alberto Cepeda hizo colocar en la Plaza Mayor de Torre\u00f3n  y que no rebasa\u00a0 15 metros de altura,\u00a0 alto\u00a0 pues, pero en comparaci\u00f3n con el espacio de la plancha de la Plaza Mayor, en el que fuera colocado\u00a0 yal altura lo hace\u00a0parecer cual &#8220;frijol en olla grande&#8221;, dicen, y\u00a0 que es \u00a0 hoy\u00a0 objeto de todo tipo de comentarios y memes que circulan\u00a0 en redes sociales, pues el adorno, con el que se supli\u00f3 el pino de navidad gigante\u00a0 y la villa navide\u00f1a\u00a0 que fuera tradicional en dicho lugar as\u00ed como la ausencia en el resto de calles y avenidas principales, como entrada a la ciudad, del alumbrado navide\u00f1o, haciendo las comparaciones con el colocado en la ciudad capital, todo un espect\u00e1culo de luces, cual tel\u00f3n de fondo para\u00a0 pobladores y visitantes, donde se alumbran las emociones que genera\u00a0 este singular periodo en nuestras vidas. Bien pues para\u00a0 su alcalde Jes\u00fas Maria Fraustro Siller, quien rinde hoy ante sus gobernados, el correspondiente\u00a0 primer informe de Gobierno y que contar\u00e1, al igual que su colega el alcalde de Torre\u00f3n, con la presencia del Gobernador Miguel\u00a0 Angel Riquelme Solis, quien \u00e9sta semana, en compa\u00f1ia de su colega, el gobernador del vecino Estado\u00a0 Esteban Villegas en la que se incluy\u00f3\u00a0 solo a\u00a0 un\u00a0 Eduardo Tricio Haro, y que representa al sector\u00a0 productor de leche que mayor consumo de agua registra en sus actividades primarias, para supervisar el avance,\u00a0 que registra el famoso y costoso Proyecto Agua Saludable para la Laguna, en el que se diluyen\u00a0 y se har\u00e1n\u00a0 agua\u00a0 millones\u00a0 y m\u00e1s millones de pesos\u00a0 procedentes del erario p\u00fablico, dicen, de las sumas destinadas\u00a0 por el Presupuesto Federal para el 2023\u00a0 ya con\u00a0 etiqueta para los Estados de Coahuila y Durango, sin que se conozca de\u00a0 gasto alguno asignado\u00a0 a\u00a0 ambos gobiernos estatales, mucho menos a sus municipios laguneros, a trave\u00e9 de sus organismos operadores\u00a0 de tal abasto, destinados \u00a0 a las obras indispensables para llevar de\u00a0 la planta\u00a0 potabilizadora proyectada,\u00a0 tales aguas\u00a0 ya procesadas a pie de domicilio de cada lagunero, lo que anticipa para la dimensi\u00f3n del universo a satisfacer\u00a0 \u00e9stas \u00faltimas obras, que\u00a0 con todo y que no\u00a0 se concrete a tal punto, servir\u00e1 sin d\u00eda cual pend\u00f3n publicitario mas en el alud de propaganda y publicidad que veremos desplegarse en nuestro Estado a lo largo de todo el primer\u00a0 semestre del ya inminente 2023.<\/p>\n","protected":false},"excerpt":{"rendered":"<p>\u00a1El principio del fin!\u00a0 Nombre, no es para nada eso, la jornada\u00a0 del pasado viernes es apenas, si\u00a0 las intenciones son ciertas y se\u00a0 concretan, el magisterio en Coahuila, apenas empezar\u00e1 a hacer lo\u00a0 que la base de tal gremio exige, igual que en el resto del pa\u00eds, sobre todo si se confirman en los hechos las versiones, de que los\u00a0 triunfos en las planillas en las Secciones 5, 38&#8230;<\/p>\n","protected":false},"author":2,"featured_media":0,"comment_status":"closed","ping_status":"","sticky":false,"template":"","format":"standard","meta":{"footnotes":""},"categories":[8],"tags":[],"class_list":["post-12710","post","type-post","status-publish","format-standard","hentry","category-aqui-laguna","wpcat-8-id"],"_links":{"self":[{"href":"https:\/\/www.aquilaguna.com\/index.php\/wp-json\/wp\/v2\/posts\/12710","targetHints":{"allow":["GET"]}}],"collection":[{"href":"https:\/\/www.aquilaguna.com\/index.php\/wp-json\/wp\/v2\/posts"}],"about":[{"href":"https:\/\/www.aquilaguna.com\/index.php\/wp-json\/wp\/v2\/types\/post"}],"author":[{"embeddable":true,"href":"https:\/\/www.aquilaguna.com\/index.php\/wp-json\/wp\/v2\/users\/2"}],"replies":[{"embeddable":true,"href":"https:\/\/www.aquilaguna.com\/index.php\/wp-json\/wp\/v2\/comments?post=12710"}],"version-history":[{"count":1,"href":"https:\/\/www.aquilaguna.com\/index.php\/wp-json\/wp\/v2\/posts\/12710\/revisions"}],"predecessor-version":[{"id":12711,"href":"https:\/\/www.aquilaguna.com\/index.php\/wp-json\/wp\/v2\/posts\/12710\/revisions\/12711"}],"wp:attachment":[{"href":"https:\/\/www.aquilaguna.com\/index.php\/wp-json\/wp\/v2\/media?parent=12710"}],"wp:term":[{"taxonomy":"category","embeddable":true,"href":"https:\/\/www.aquilaguna.com\/index.php\/wp-json\/wp\/v2\/categories?post=12710"},{"taxonomy":"post_tag","embeddable":true,"href":"https:\/\/www.aquilaguna.com\/index.php\/wp-json\/wp\/v2\/tags?post=12710"}],"curies":[{"name":"wp","href":"https:\/\/api.w.org\/{rel}","templated":true}]}}