{"id":12763,"date":"2022-12-14T19:20:11","date_gmt":"2022-12-15T01:20:11","guid":{"rendered":"https:\/\/www.aquilaguna.com\/?p=12763"},"modified":"2022-12-14T19:20:11","modified_gmt":"2022-12-15T01:20:11","slug":"aqui-laguna-189","status":"publish","type":"post","link":"https:\/\/www.aquilaguna.com\/index.php\/2022\/12\/14\/aqui-laguna-189\/","title":{"rendered":"Aqu\u00ed Laguna."},"content":{"rendered":"\n<p>\u00a1Milagro! El obtenido\u00a0en el d\u00eda que M\u00e9xico le destina a esta venerada\u00a0 imagen\u00a0 al Senador Armando Guadiana Tijerina, quien resisti\u00f3 la metralla\u00a0 que le\u00a0 lanzara \u00a0 su fallido contrincante\u00a0 Ricardo S\u00f3stenes Mej\u00eda Berdeja, a quien se le recuerda aun su \u00a0 paso como bur\u00f3crata en la Secretar\u00eda de Gobierno, en la administraci\u00f3n\u00a0 del licenciado Enrique Mart\u00ednez y Mart\u00ednez \u00a0 como titular\u00a0 del eufem\u00edsticamente funci\u00f3n de\u00a0 &#8220;an\u00e1lisis de\u00a0 la informaci\u00f3n&#8221; con la que se encubr\u00edan\u00a0 otras actividades relacionadas con el espionaje pol\u00edtico \u00a0 y otras\u00a0nada prosaicas\u00a0 como la de ejecutar\u00a0&#8220;guerra sucia&#8221; sobre figuras, personajes, o simples ciudadanos que se consideraban en tales tiempos\u00a0 merecer tales atenciones \u00a0 y desatar sobre ellos \u00a0 toda la guerra sucia \u00a0 que les fuera necesaria. De estas estrategias, Guadiana\u00a0 Tijerina, \u00a0 el controversial empresario\u00a0 y posible candidato de MORENA\u00a0 al Gobierno de Coahuila \u00a0 sali\u00f3 mas que bien librado, toda vez que tal campa\u00f1a, que incluy\u00f3 &#8220;la revelaci\u00f3n&#8221; de los presuntos juicios que arrastra, lo hicieron inmunes a la opini\u00f3n que les mereciera los consultados en las famosas encuestas, que sustituyen al &#8220;Gran Dedo&#8221; cuya decisi\u00f3n se conoci\u00f3 luego del mediod\u00eda del pasado 12 de diciembre, por el p\u00fablico, toda vez que con antelaci\u00f3n los participantes en esta encuesta, citados\u00a0 a la capital del pa\u00eds, eran ya conocedores cuando se presentaron en la rueda de prensa citada exprofeso y a la cual, pues nom\u00e1s no asisti\u00f3\u00a0 el\u00a0 principal perdedor de la misma y con ello desat\u00f3 el ruido y la furia de sus seguidores, lo que logr\u00f3 reunir a la voz, dicen que de manera principal\u00a0 lanzada por el ex dirigente estatal del PRI en Coahuila No\u00e9 Garza har\u00e1\u00a0 cosa de nueve meses, arrastrando con eso, el cascajo\u00a0 que quedaba aun\u00a0en busca de reciclaje\u00a0 electoral, as\u00ed como de &#8220;purificaci\u00f3n&#8221; que haga\u00a0 olvidar, o borrar \u00a0 su pasado partidista, furia que aun no se calma, con todo y que previo recib\u00edan cual man\u00e1 el\u00a0 triunfo de\u00a0 otros tr\u00e1nsfugas\u00a0 hab\u00edan alcanzado en\u00a0 la toma de poder de las Secciones \u00a0 sindicales del SNTE\u00a0 seg\u00fan se advierte \u00a0 de filtraciones\u00a0 registradas\u00a0 y que se imputan a\u00a0 la Secretaria de MORENA\u00a0 Layla Jamile Matnus \u00a0 quien les pide a\u00a0 quien cuestiona, esperen indicaciones\u00a0 sobre los pasos a seguir bajo la gu\u00eda del ya perdedor \u00a0 Mej\u00eda Dom\u00ednguez, que desde ayer\u00a0 13 de enero, no\u00a0 da se\u00f1ales de vida, y nada se conoce aun de su supuesto encuentro la tarde del d\u00eda mencionado\u00a0 en la capital del pa\u00eds con el Presidente AMLO, o si este siquiera lo recibi\u00f3 al presentarse, solo y su alma portando\u00a0 una carpeta con papeles o documentos, vaya Usted a saber, ante las puertas del Palacio Nacional.<\/p>\n\n\n\n<p>Sin embargo\u00a0 esta duda estar\u00e1 resolvi\u00e9ndose, si\u00a0 el ex Bebesaurio\u00a0 aparece o no, junto al presidente en su ma\u00f1anera como hab\u00eda \u00a0 venido siendo ya tradicional y promocional en el espacio de la ma\u00f1anera. Por lo pronto \u00a0 Mej\u00eda Berdeja arrastra, tras de\u00a0 s\u00ed, una cauda de viudas, viudos, hu\u00e9rfanos pol\u00edticos que &#8220;descobijaran&#8221; sus ilusiones, mas bien sus ambiciones\u00a0 a trav\u00e9s de tal camino, del cual, solo\u00a0 les queda uno que otro atajo, o bien volver sobre sus pasos, tras el naufragio\u00a0 del barco en el que navegaban hacia un\u00a0 presunto destino venturoso, seg\u00fan imaginaci\u00f3n\u00a0 desatada en las mentes de un Shamir Fern\u00e1ndez,\u00a0 de un Jorge Luis Mor\u00e1n, un Severo Ortiz, no as\u00ed a los &#8220;embozados&#8221; que de seguro, se afirma regresar\u00e1n por\u00a0 el camino por el cual se fueron.<\/p>\n\n\n\n<p>Hay pues expectaci\u00f3n, sobre que rumbo tomar\u00e1n las expresiones del &#8220;s\u00edndrome del pataleo&#8221; que padece, de hace mucho tiempo \u00a0 Ricardo S\u00f3stenes Mej\u00eda Berdeja , como no lo hizo tampoco\u00a0 cuando el entonces \u00a0 Gobernador Rogelio Montemayor Seguy\u00a0 le cancel\u00f3 la posibilidad\u00a0 de\u00a0 ser candidato a diputado federal, luego de haberle dado la oportunidad bajo las siglas del PRI\u00a0 como diputado local, rechazo que\u00a0 provoc\u00f3 finalmente\u00a0 su exodo rumbo a Guerrero, vaya usted a saber por cuales caminos, no sin antes haber escrito un librajo\u00a0en contra del citado gobernante y ah\u00ed, busc\u00f3 luego \u00a0una diputaci\u00f3n federal,\u00a0 bajo las siglas\u00a0 de Movimiento Ciudadano, pero luego particip\u00f3 con mucho \u00e9nfasis en la campa\u00f1a de Felipe Calder\u00f3n y mas adelante con la de Ricardo Anaya, lo que muestra la &#8220;s\u00f3lida consistencia de su pensamiento ideol\u00f3gico&#8221; que nada tiene que ver, claro, con \u00a0 oportunismo alguno..<\/p>\n\n\n\n<p>Y entre tanto en las filas\u00a0 del PRI la postura del alcalde Rom\u00e1n Alberto Cepeda Gonz\u00e1lez, sigue siendo un enigma, pues\u00a0 dicen ya que no, que no buscar\u00e1 ser\u00a0 candidato al gobierno de\u00a0 Coahuila pero luego se contradice, afirmando esperar\u00a0 los t\u00e9rminos de la convocatoria\u00a0 de su partido, para aspirar a tal candidatura, eso s\u00ed, sea cual fuere su decisi\u00f3n, &#8220;siempre estar\u00e1 \u00a0 apoyando\u00a0 al Ingeniero Miguel Angel Riquelme Solis&#8221;, por lo que &#8220;ya diremos&#8221; si finalmente se decanta por tal participaci\u00f3n, pues \u00a0 el PRI ya anticip\u00f3 que el piso estar\u00e1 parejo para quien quiera\u00a0 entrar en tal competencia, al fijar como decisi\u00f3n que\u00a0 la candidatura citada se\u00a0 defina a trav\u00e9s de una votaci\u00f3n\u00a0 abierta, a\u00a0 su militancia y simpatizantes, es decir,\u00a0 mas piso parejo no puede haber. De ser as\u00ed, Rom\u00e1n Alberto deber\u00e1 presentar su licencia o renuncia al cargo que hoy ostenta,\u00a0 el d\u00eda primero de enero del 2023\u00a0 de no hacerlo &#8220;chupara faros&#8221; su ilusi\u00f3n en este tema con todo y ello, tendr\u00e1 un papel mas que importante\u00a0 m\u00e1s tarde, cuando Manolo Jim\u00e9nez se espera, sin sorpresa alguna de por medio, resulte ser el candidato tricolor, as\u00ed lo anticipan\u00a0 encuestas, con todo y que en el PRI \u00e9ste no ser\u00e1 de modo alguno m\u00e9todo oficial para tal designaci\u00f3n, pues Rom\u00e1n como alcalde de Torre\u00f3n\u00a0 y como tal jefe pol\u00edtico en\u00a0 todo su municipio, deber\u00e1 dar mas que buenas cuentas electorales al abanderado estatal, pues no se vale y se anticipa que\u00a0 presente\u00a0&#8220;cuentas mochas&#8221; como fue el caso del alcalde interino Jorge Luis Mor\u00e1n en el pasado proceso electoral estatal&#8230;<\/p>\n\n\n\n<p>Al parecer, en otros organismo partidistas, como\u00a0 lo es Movimiento Ciudadano, se afirma que su candidato a\u00a0 gobernador ser\u00e1\u00a0 Lenin P\u00e9rez, el ex alcalde\u00a0 de Acu\u00f1a y\u00a0 eternizado l\u00edder moral de la UDC, pues definitivamente no se entendi\u00f3 con MORENA. Queda luego de despejarse la inc\u00f3gnita pol\u00edtica electoral mayor por despejarse, la que corresponde a\u00a0 la designaci\u00f3n de candidatos para\u00a0 renovar\u00a0 16\u00a0 diputaciones locales por mayor\u00eda, pues el resto y hasta completar 25, ser\u00e1n destinados a reconocer a las burocracias partidistas, cual jugoso\u00a0 premio de consolaci\u00f3n, las que ocupen\u00a0 la atenci\u00f3n\u00a0 de la opini\u00f3n p\u00fablica, bien se designen nuevos\u00a0 aspirantes o bien se vaya por la ratificaci\u00f3n en tales cargos de algunos que\u00a0 hoy los ocupan&#8230;<\/p>\n\n\n\n<p>Y en otro esc\u00e1ndalo, este con destino al inter\u00e9s de\u00a0 restos que quedan de lo que fuera\u00a0 la High Society de Torre\u00f3n\u00a0 all\u00e1 por la d\u00e9cada de los a\u00f1os 90, cuanto Rogelio Montemayor\u00a0 y su esposa Lucrecia Solano regenteaban\u00a0&#8220;la cumbre&#8221; de tal imaginaria pir\u00e1mide social y que se aglutin\u00f3 en torno \u00a0 a la recuperaci\u00f3n de un espacio cultural -el Teatro Isauro Mart\u00ednez-,\u00a0 que hab\u00eda venido a menos\u00a0 donde\u00a0 pudieran lucir sus galas, su importancia y que de manera paralela hizo\u00a0 surgir cual\u00a0 fruto, hasta hoy el \u00fanico, a la Camerata de Coahuila, cre\u00e1ndose para ello el correspondientes\u00a0 Patronato,\u00a0 cuyos integrantes datan desde tales fechas, con la debida rotaci\u00f3n\u00a0 de directivos \u00a0 y a quien le toca, al parecer, solo administrar los recursos p\u00fablicos con que fue dotada la conservaci\u00f3n y funcionamiento\u00a0 del inmueble que\u00a0 aloja\u00a0 tal espacio\u00a0 esc\u00e9nico, que luego tambi\u00e9n devino luego en su importancia\u00a0 pol\u00edtico social, al restaurase el Teatro Nazas, debido a su mayor aforo y con ello, dej\u00f3 de ser el centro territorial del poder social y pol\u00edtico que ostento\u00a0 durante la gesti\u00f3n montemayorista. Ahora se encuentra \u00a0 en el ojo del hurac\u00e1n medi\u00e1tico, luego que su ex directora, Lourdes Bernal Tarango, hace p\u00fablica\u00a0la denuncia que ha interpuesto\u00a0 en contra de tal\u00a0 Patronato que preside,\u00a0 el t\u00edo del alcalde, \u00a0 Rom\u00e1n Cepeda Jr., ante la Junta de\u00a0 Conciliaci\u00f3n y Arbitraje por despido injustificado,\u00a0 y otros,\u00a0 as\u00ed como exigiendo la restituci\u00f3n en\u00a0 su cargo, ya que considera que su despido, fue del todo\u00a0 injustificado. Tal caso, al parecer, no podr\u00e1 resolverse solo con dinero, elemento con el que mucho cuentan algunos de los integrantes\u00a0 del\u00a0 Patronato, toda vez que\u00a0 los gastos de la instituci\u00f3n han venido quedando cubiertos, desde hace a\u00f1os ya, por\u00a0 el erario p\u00fablico seg\u00fan asignaciones del Gobierno de Coahuila y del Municipio de Torre\u00f3n y una que otra partida del presupuesto federal -la \u00faltima por 30 millones-, para la conservaci\u00f3n del inmueble. Por lo pronto y ante las &#8220;revelaciones&#8221; de do\u00f1a Lourdes\u00a0 quien le puso\u00a0&#8220;el cascabel al gato&#8221; hace falta que al tema se le aplique &#8220;transparencia&#8221;.\u00a0\u00a0\u00a0\u00a0\u00a0\u00a0<\/p>\n","protected":false},"excerpt":{"rendered":"<p>\u00a1Milagro! El obtenido\u00a0en el d\u00eda que M\u00e9xico le destina a esta venerada\u00a0 imagen\u00a0 al Senador Armando Guadiana Tijerina, quien resisti\u00f3 la metralla\u00a0 que le\u00a0 lanzara \u00a0 su fallido contrincante\u00a0 Ricardo S\u00f3stenes Mej\u00eda Berdeja, a quien se le recuerda aun su \u00a0 paso como bur\u00f3crata en la Secretar\u00eda de Gobierno, en la administraci\u00f3n\u00a0 del licenciado Enrique Mart\u00ednez y Mart\u00ednez \u00a0 como titular\u00a0 del eufem\u00edsticamente funci\u00f3n de\u00a0 &#8220;an\u00e1lisis de\u00a0 la informaci\u00f3n&#8221; con&#8230;<\/p>\n","protected":false},"author":2,"featured_media":0,"comment_status":"closed","ping_status":"","sticky":false,"template":"","format":"standard","meta":{"footnotes":""},"categories":[8],"tags":[],"class_list":["post-12763","post","type-post","status-publish","format-standard","hentry","category-aqui-laguna","wpcat-8-id"],"_links":{"self":[{"href":"https:\/\/www.aquilaguna.com\/index.php\/wp-json\/wp\/v2\/posts\/12763","targetHints":{"allow":["GET"]}}],"collection":[{"href":"https:\/\/www.aquilaguna.com\/index.php\/wp-json\/wp\/v2\/posts"}],"about":[{"href":"https:\/\/www.aquilaguna.com\/index.php\/wp-json\/wp\/v2\/types\/post"}],"author":[{"embeddable":true,"href":"https:\/\/www.aquilaguna.com\/index.php\/wp-json\/wp\/v2\/users\/2"}],"replies":[{"embeddable":true,"href":"https:\/\/www.aquilaguna.com\/index.php\/wp-json\/wp\/v2\/comments?post=12763"}],"version-history":[{"count":1,"href":"https:\/\/www.aquilaguna.com\/index.php\/wp-json\/wp\/v2\/posts\/12763\/revisions"}],"predecessor-version":[{"id":12764,"href":"https:\/\/www.aquilaguna.com\/index.php\/wp-json\/wp\/v2\/posts\/12763\/revisions\/12764"}],"wp:attachment":[{"href":"https:\/\/www.aquilaguna.com\/index.php\/wp-json\/wp\/v2\/media?parent=12763"}],"wp:term":[{"taxonomy":"category","embeddable":true,"href":"https:\/\/www.aquilaguna.com\/index.php\/wp-json\/wp\/v2\/categories?post=12763"},{"taxonomy":"post_tag","embeddable":true,"href":"https:\/\/www.aquilaguna.com\/index.php\/wp-json\/wp\/v2\/tags?post=12763"}],"curies":[{"name":"wp","href":"https:\/\/api.w.org\/{rel}","templated":true}]}}