{"id":12783,"date":"2022-12-16T18:23:06","date_gmt":"2022-12-17T00:23:06","guid":{"rendered":"https:\/\/www.aquilaguna.com\/?p=12783"},"modified":"2022-12-16T18:23:06","modified_gmt":"2022-12-17T00:23:06","slug":"inicia-salud-coahuila-jornada-de-atencion-geriatrica-integral","status":"publish","type":"post","link":"https:\/\/www.aquilaguna.com\/index.php\/2022\/12\/16\/inicia-salud-coahuila-jornada-de-atencion-geriatrica-integral\/","title":{"rendered":"INICIA SALUD COAHUILA JORNADA DE ATENCI\u00d3N GERI\u00c1TRICA INTEGRAL."},"content":{"rendered":"\n<p>Saltillo, Coahuila de Zaragoza; a 16 de Diciembre del 2022.- El Instituto de Servicios de la Salud, Rehabilitaci\u00f3n, Educaci\u00f3n Especial e Integral, en coordinaci\u00f3n con el Centro Estatal del Adulto Mayor (CEAM), dieron arranque al Programa de Acciones de Atenci\u00f3n Geri\u00e1trica Integral, cuyo objetivo es fortalecer el sistema de atenci\u00f3n, tratamiento y rehabilitaci\u00f3n de los pacientes de la tercera edad en Coahuila.<\/p>\n\n\n\n<p>Asimismo, las autoridades presentes realizaron un recorrido por las instalaciones del CEAM y del Centro Oftalmol\u00f3gico Rep\u00fablica de Cuba para conocer los servicios de atenci\u00f3n que el personal m\u00e9dico brinda a los adultos mayores.<\/p>\n\n\n\n<p>Las acciones se ofrecen a la poblaci\u00f3n mayor de 60 a\u00f1os con el objetivo de ofrecer atenci\u00f3n integral &#8211;en un d\u00eda&#8211; a quienes asistan a esta unidad de salud.<\/p>\n\n\n\n<p>En representaci\u00f3n del Secretario de Salud de Coahuila, Roberto Bernal G\u00f3mez, asisti\u00f3 el Subsecretario de Servicios Salud, Eliud Aguirre V\u00e1zquez.<\/p>\n\n\n\n<p>En su mensaje, reiter\u00f3 que bajo el liderazgo del gobernador Miguel \u00c1ngel Riquelme Sol\u00eds y con apoyo de la estrategia \u201cMejora Coahuila\u201d, se realizan estas jornadas destinadas a prevenir y detectar padecimientos en los adultos mayores.<\/p>\n\n\n\n<p>\u201cLa instrucci\u00f3n del Gobernador al Secretario de Salud es mantener la oferta de servicios m\u00e9dicos, beneficiando a quienes carecen de seguridad social\u201d, coment\u00f3.<\/p>\n\n\n\n<p>Destac\u00f3 el trabajo en equipo que se ha ejecutado con instancias como la Presidencia Municipal y el Sistema DIF Coahuila, y reconoci\u00f3 el apoyo recibido del Voluntariado de Salud.<\/p>\n\n\n\n<p>Por su parte, Lucila Ruiz M\u00fazquiz, Directora del CEAM, inform\u00f3 que las atenciones que se dieron fueron consulta general, odontolog\u00eda, oftalmolog\u00eda, rehabilitaci\u00f3n y an\u00e1lisis cl\u00ednicos, entre otros.<\/p>\n\n\n\n<p>\u201cContamos con un equipo de especialistas que est\u00e1n capacitados para ofrecer estas atenciones con calidad y calidez\u201d, ahond\u00f3.<\/p>\n\n\n\n<p>Acudieron tambi\u00e9n la presidenta honoraria del DIF Saltillo, Beatriz D\u00e1vila de Fraustro; Lucila Ruiz M\u00fazquiz, Directora del CEAM; Alma Rosa Paredes, Directora General del ISREEI; Alma Lee Chibli de Bernal, presidenta del Voluntariado de Salud; Mayra Guillen, en representaci\u00f3n del Director de DIF Coahuila, Roberto C\u00e1rdenas Zavala, y Mar\u00eda Antonieta Gonz\u00e1lez Ferri\u00f1o, Directora General del Instituto de Atenci\u00f3n de Adultos Mayores.<\/p>\n","protected":false},"excerpt":{"rendered":"<p>Saltillo, Coahuila de Zaragoza; a 16 de Diciembre del 2022.- El Instituto de Servicios de la Salud, Rehabilitaci\u00f3n, Educaci\u00f3n Especial e Integral, en coordinaci\u00f3n con el Centro Estatal del Adulto Mayor (CEAM), dieron arranque al Programa de Acciones de Atenci\u00f3n Geri\u00e1trica Integral, cuyo objetivo es fortalecer el sistema de atenci\u00f3n, tratamiento y rehabilitaci\u00f3n de los pacientes de la tercera edad en Coahuila. Asimismo, las autoridades presentes realizaron un recorrido por&#8230;<\/p>\n","protected":false},"author":1,"featured_media":12784,"comment_status":"closed","ping_status":"closed","sticky":false,"template":"","format":"standard","meta":{"footnotes":""},"categories":[5,15,14],"tags":[],"class_list":["post-12783","post","type-post","status-publish","format-standard","has-post-thumbnail","hentry","category-coahuila","category-gobierno-de-coahuila","category-salud","wpcat-5-id","wpcat-15-id","wpcat-14-id"],"_links":{"self":[{"href":"https:\/\/www.aquilaguna.com\/index.php\/wp-json\/wp\/v2\/posts\/12783","targetHints":{"allow":["GET"]}}],"collection":[{"href":"https:\/\/www.aquilaguna.com\/index.php\/wp-json\/wp\/v2\/posts"}],"about":[{"href":"https:\/\/www.aquilaguna.com\/index.php\/wp-json\/wp\/v2\/types\/post"}],"author":[{"embeddable":true,"href":"https:\/\/www.aquilaguna.com\/index.php\/wp-json\/wp\/v2\/users\/1"}],"replies":[{"embeddable":true,"href":"https:\/\/www.aquilaguna.com\/index.php\/wp-json\/wp\/v2\/comments?post=12783"}],"version-history":[{"count":1,"href":"https:\/\/www.aquilaguna.com\/index.php\/wp-json\/wp\/v2\/posts\/12783\/revisions"}],"predecessor-version":[{"id":12785,"href":"https:\/\/www.aquilaguna.com\/index.php\/wp-json\/wp\/v2\/posts\/12783\/revisions\/12785"}],"wp:featuredmedia":[{"embeddable":true,"href":"https:\/\/www.aquilaguna.com\/index.php\/wp-json\/wp\/v2\/media\/12784"}],"wp:attachment":[{"href":"https:\/\/www.aquilaguna.com\/index.php\/wp-json\/wp\/v2\/media?parent=12783"}],"wp:term":[{"taxonomy":"category","embeddable":true,"href":"https:\/\/www.aquilaguna.com\/index.php\/wp-json\/wp\/v2\/categories?post=12783"},{"taxonomy":"post_tag","embeddable":true,"href":"https:\/\/www.aquilaguna.com\/index.php\/wp-json\/wp\/v2\/tags?post=12783"}],"curies":[{"name":"wp","href":"https:\/\/api.w.org\/{rel}","templated":true}]}}