{"id":12827,"date":"2022-12-20T18:38:24","date_gmt":"2022-12-21T00:38:24","guid":{"rendered":"https:\/\/www.aquilaguna.com\/?p=12827"},"modified":"2022-12-20T18:38:25","modified_gmt":"2022-12-21T00:38:25","slug":"yuri-trae-su-euforia-a-la-laguna","status":"publish","type":"post","link":"https:\/\/www.aquilaguna.com\/index.php\/2022\/12\/20\/yuri-trae-su-euforia-a-la-laguna\/","title":{"rendered":"Yuri trae su \u2018Euforia\u2019 a La Laguna."},"content":{"rendered":"\n<p>La internacional cantante y actriz Yuri traer\u00e1 su concierto \u201cEuforia\u201d al Festival<br>Como la Laguna Ninguna, para deslumbrar a los laguneros con esta nueva<br>producci\u00f3n llena de color, m\u00fasica y ritmos. La cita es el pr\u00f3ximo mi\u00e9rcoles 21 de<br>diciembre a las 20:00 horas en la explanada del Museo Interactivo Acertijo de<br>G\u00f3mez Palacio.<\/p>\n\n\n\n<p>La cantante celebrar\u00e1 sus 45 a\u00f1os de carrera con energ\u00eda, pasi\u00f3n y fuerza con su<br>gira \u2018Euforia\u2019, la cual promete sorpresas, m\u00fasica y los \u00e9xitos que la han<br>consagrado como una artista completa.<\/p>\n\n\n\n<p>La jarocha se caracteriza por su versatilidad al interpretar diferentes g\u00e9neros<br>musicales; por entregarlo todo en el escenario, cuidar todos los detalles de sus<br>espect\u00e1culos como el sonido, el juego de luces, su vestuario espectacular y las<br>coreograf\u00edas; Euforia no ser\u00e1 la excepci\u00f3n.<\/p>\n\n\n\n<p>El video musical de Euforia nos muestra un caballo blanco con una corona, lo que<br>simboliza un renacer de la artista y su crecimiento espiritual que marcan su<br>presente.<\/p>\n\n\n\n<p>Durante el espect\u00e1culo del Festival Como La Laguna Ninguna, los seguidores de<br>la artista podr\u00e1n disfrutar de interpretaciones como: \u201cTiempos Mejores\u201d, \u201cAire\u201d,<br>\u201cCostumbres\u201d, &#8220;El espejo&#8221;, &#8220;La maldita primavera&#8221;, &#8220;Detr\u00e1s de mi ventana&#8221;, y<br>desde luego, las letras de su m\u00e1s reciente producci\u00f3n, tales como &#8220;Duele&#8221; y<br>&#8220;Sola&#8221;.<\/p>\n\n\n\n<p>Se invita al publico a llegar a tiempo al show y respetar las medidas de protecci\u00f3n<br>civil tales como: llevar ropa abrigada, bolsa de mano peque\u00f1a o cangurera,<br>binoculares, zapatos o tenis c\u00f3modos; evitar bebidas alcoh\u00f3licas, llevar banquitos,<br>rayos laser o cornetas, envases de vidrio, drones y paraguas.<\/p>\n","protected":false},"excerpt":{"rendered":"<p>La internacional cantante y actriz Yuri traer\u00e1 su concierto \u201cEuforia\u201d al FestivalComo la Laguna Ninguna, para deslumbrar a los laguneros con esta nuevaproducci\u00f3n llena de color, m\u00fasica y ritmos. La cita es el pr\u00f3ximo mi\u00e9rcoles 21 dediciembre a las 20:00 horas en la explanada del Museo Interactivo Acertijo deG\u00f3mez Palacio. La cantante celebrar\u00e1 sus 45 a\u00f1os de carrera con energ\u00eda, pasi\u00f3n y fuerza con sugira \u2018Euforia\u2019, la cual promete sorpresas,&#8230;<\/p>\n","protected":false},"author":1,"featured_media":12828,"comment_status":"closed","ping_status":"closed","sticky":false,"template":"","format":"standard","meta":{"footnotes":""},"categories":[28],"tags":[],"class_list":["post-12827","post","type-post","status-publish","format-standard","has-post-thumbnail","hentry","category-la-laguna","wpcat-28-id"],"_links":{"self":[{"href":"https:\/\/www.aquilaguna.com\/index.php\/wp-json\/wp\/v2\/posts\/12827","targetHints":{"allow":["GET"]}}],"collection":[{"href":"https:\/\/www.aquilaguna.com\/index.php\/wp-json\/wp\/v2\/posts"}],"about":[{"href":"https:\/\/www.aquilaguna.com\/index.php\/wp-json\/wp\/v2\/types\/post"}],"author":[{"embeddable":true,"href":"https:\/\/www.aquilaguna.com\/index.php\/wp-json\/wp\/v2\/users\/1"}],"replies":[{"embeddable":true,"href":"https:\/\/www.aquilaguna.com\/index.php\/wp-json\/wp\/v2\/comments?post=12827"}],"version-history":[{"count":1,"href":"https:\/\/www.aquilaguna.com\/index.php\/wp-json\/wp\/v2\/posts\/12827\/revisions"}],"predecessor-version":[{"id":12829,"href":"https:\/\/www.aquilaguna.com\/index.php\/wp-json\/wp\/v2\/posts\/12827\/revisions\/12829"}],"wp:featuredmedia":[{"embeddable":true,"href":"https:\/\/www.aquilaguna.com\/index.php\/wp-json\/wp\/v2\/media\/12828"}],"wp:attachment":[{"href":"https:\/\/www.aquilaguna.com\/index.php\/wp-json\/wp\/v2\/media?parent=12827"}],"wp:term":[{"taxonomy":"category","embeddable":true,"href":"https:\/\/www.aquilaguna.com\/index.php\/wp-json\/wp\/v2\/categories?post=12827"},{"taxonomy":"post_tag","embeddable":true,"href":"https:\/\/www.aquilaguna.com\/index.php\/wp-json\/wp\/v2\/tags?post=12827"}],"curies":[{"name":"wp","href":"https:\/\/api.w.org\/{rel}","templated":true}]}}