{"id":12835,"date":"2022-12-20T18:44:11","date_gmt":"2022-12-21T00:44:11","guid":{"rendered":"https:\/\/www.aquilaguna.com\/?p=12835"},"modified":"2022-12-20T18:44:12","modified_gmt":"2022-12-21T00:44:12","slug":"dichos-de-amlo-sobre-atentado-de-ciro-gomez-en-la-mananera-arrecian-violencia-en-contra-de-periodistas-y-ponen-en-riesgo-su-vida-lopez-rabadan","status":"publish","type":"post","link":"https:\/\/www.aquilaguna.com\/index.php\/2022\/12\/20\/dichos-de-amlo-sobre-atentado-de-ciro-gomez-en-la-mananera-arrecian-violencia-en-contra-de-periodistas-y-ponen-en-riesgo-su-vida-lopez-rabadan\/","title":{"rendered":"DICHOS DE AMLO SOBRE ATENTADO DE CIRO G\u00d3MEZ EN LA \u201cMA\u00d1ANERA\u201d, ARRECIAN VIOLENCIA EN CONTRA DE PERIODISTAS Y PONEN EN RIESGO SU VIDA: L\u00d3PEZ RABAD\u00c1N."},"content":{"rendered":"\n<p>\u00b7\u00a0\u00a0\u00a0\u00a0\u00a0\u00a0\u00a0\u00a0\u00a0<strong>En lo que va del sexenio del presidente L\u00f3pez Obrador han asesinado, al menos, a 65 comunicadores, afirm\u00f3<\/strong><\/p>\n\n\n\n<p>\u00b7&nbsp;&nbsp;&nbsp;&nbsp;&nbsp;&nbsp;&nbsp;&nbsp;&nbsp;<strong>A quienes deber\u00eda atacar el primer mandatario de este pa\u00eds es a los delincuentes, no a los periodistas, dijo<\/strong><\/p>\n\n\n\n<p>La senadora Kenia L\u00f3pez Rabad\u00e1n asegur\u00f3 que los dichos del presidente L\u00f3pez Obrador en su conferencia de prensa \u201cma\u00f1anera\u201d, sobre que el atentado que sufri\u00f3 el periodista Ciro G\u00f3mez Leyva pudo ser orquestado por grupos opositores a su gobierno, incrementan la violencia que vive el gremio y pone en riesgo la vida de quienes se dedican a informar a la sociedad.<\/p>\n\n\n\n<p>\u201cInsinuar que grupos opositores llevaron a cabo un \u2018autoatentado\u2019 en contra del periodista arrecian la violencia que existe en contra de quienes ejercen esta profesi\u00f3n, y es una muestra de que la violencia se ha convertido en la herramienta para censurar y dinamitar el trabajo period\u00edstico, poniendo en riesgo la vida e integridad de quienes ejercen la libertad de expresi\u00f3n\u201d, dijo.<\/p>\n\n\n\n<p>La legisladora por el PAN se\u00f1al\u00f3 que en lo que va del sexenio del presidente L\u00f3pez Obrador han asesinado, al menos, a 65 periodistas y de acuerdo con la organizaci\u00f3n Art\u00edculo 19, cada 12 horas un reportero o un medio de comunicaci\u00f3n es v\u00edctima de alguna agresi\u00f3n ligada a su profesi\u00f3n.<\/p>\n\n\n\n<p>Agreg\u00f3 que la Fiscal\u00eda Especial para la Atenci\u00f3n de Delitos cometidos contra la Libertad de Expresi\u00f3n (FEADLE), de cada 100 delitos relacionados con la libertad de expresi\u00f3n, 91 quedan impunes.<\/p>\n\n\n\n<p>L\u00f3pez Rabad\u00e1n subray\u00f3 que organismos internacionales han realizado reiteradamente peticiones al Gobierno federal para detener las agresiones en contra de los periodistas sin tener \u00e9xito y, dijo, esta situaci\u00f3n debe cesar cuanto antes.<\/p>\n\n\n\n<p>\u201cEl ataque en d\u00edas pasados, del que fue v\u00edctima el periodista Ciro G\u00f3mez Leyva, es ejemplo de que la estigmatizaci\u00f3n y los se\u00f1alamientos que se hacen desde la tribuna presidencial tienen consecuencias\u201d, conden\u00f3 la vicecoordinadora del PAN en el Senado.<\/p>\n\n\n\n<p>A\u00f1adi\u00f3 que, al continuar con los ataques hacia periodistas y comunicadores, el presidente L\u00f3pez Obrador, muestra su rostro m\u00e1s ruin.<\/p>\n\n\n\n<p>\u201cCon este tipo de se\u00f1alamientos se les expone lastimosamente a un clima de violencia. A quienes deber\u00eda atacar el primer mandatario de este pa\u00eds es a los delincuentes, no a los periodistas\u201d, dijo.<\/p>\n","protected":false},"excerpt":{"rendered":"<p>\u00b7\u00a0\u00a0\u00a0\u00a0\u00a0\u00a0\u00a0\u00a0\u00a0En lo que va del sexenio del presidente L\u00f3pez Obrador han asesinado, al menos, a 65 comunicadores, afirm\u00f3 \u00b7&nbsp;&nbsp;&nbsp;&nbsp;&nbsp;&nbsp;&nbsp;&nbsp;&nbsp;A quienes deber\u00eda atacar el primer mandatario de este pa\u00eds es a los delincuentes, no a los periodistas, dijo La senadora Kenia L\u00f3pez Rabad\u00e1n asegur\u00f3 que los dichos del presidente L\u00f3pez Obrador en su conferencia de prensa \u201cma\u00f1anera\u201d, sobre que el atentado que sufri\u00f3 el periodista Ciro G\u00f3mez Leyva pudo ser orquestado&#8230;<\/p>\n","protected":false},"author":1,"featured_media":0,"comment_status":"closed","ping_status":"closed","sticky":false,"template":"","format":"standard","meta":{"footnotes":""},"categories":[17,51],"tags":[],"class_list":["post-12835","post","type-post","status-publish","format-standard","hentry","category-pan","category-senado","wpcat-17-id","wpcat-51-id"],"_links":{"self":[{"href":"https:\/\/www.aquilaguna.com\/index.php\/wp-json\/wp\/v2\/posts\/12835","targetHints":{"allow":["GET"]}}],"collection":[{"href":"https:\/\/www.aquilaguna.com\/index.php\/wp-json\/wp\/v2\/posts"}],"about":[{"href":"https:\/\/www.aquilaguna.com\/index.php\/wp-json\/wp\/v2\/types\/post"}],"author":[{"embeddable":true,"href":"https:\/\/www.aquilaguna.com\/index.php\/wp-json\/wp\/v2\/users\/1"}],"replies":[{"embeddable":true,"href":"https:\/\/www.aquilaguna.com\/index.php\/wp-json\/wp\/v2\/comments?post=12835"}],"version-history":[{"count":1,"href":"https:\/\/www.aquilaguna.com\/index.php\/wp-json\/wp\/v2\/posts\/12835\/revisions"}],"predecessor-version":[{"id":12836,"href":"https:\/\/www.aquilaguna.com\/index.php\/wp-json\/wp\/v2\/posts\/12835\/revisions\/12836"}],"wp:attachment":[{"href":"https:\/\/www.aquilaguna.com\/index.php\/wp-json\/wp\/v2\/media?parent=12835"}],"wp:term":[{"taxonomy":"category","embeddable":true,"href":"https:\/\/www.aquilaguna.com\/index.php\/wp-json\/wp\/v2\/categories?post=12835"},{"taxonomy":"post_tag","embeddable":true,"href":"https:\/\/www.aquilaguna.com\/index.php\/wp-json\/wp\/v2\/tags?post=12835"}],"curies":[{"name":"wp","href":"https:\/\/api.w.org\/{rel}","templated":true}]}}