{"id":12840,"date":"2022-12-20T19:03:44","date_gmt":"2022-12-21T01:03:44","guid":{"rendered":"https:\/\/www.aquilaguna.com\/?p=12840"},"modified":"2022-12-20T19:05:26","modified_gmt":"2022-12-21T01:05:26","slug":"afirma-secretario-de-educacion-de-coahuila-que-ante-cambio-de-dirigencias-sindicales-del-magisterio-no-habra-ningun-problema","status":"publish","type":"post","link":"https:\/\/www.aquilaguna.com\/index.php\/2022\/12\/20\/afirma-secretario-de-educacion-de-coahuila-que-ante-cambio-de-dirigencias-sindicales-del-magisterio-no-habra-ningun-problema\/","title":{"rendered":"Afirma Secretario de Educaci\u00f3n de Coahuila que ante cambio de dirigencias sindicales del magisterio no habr\u00e1 ning\u00fan problema."},"content":{"rendered":"\n<p>Torre\u00f3n, Coahuila.-&nbsp; Afirma el Secretario de Educaci\u00f3n&nbsp; P\u00fablica en Coahuila, Licenciado Francisco Saracho, que ante el&nbsp; reciente relevo registrado en las dirigencias de las tres Secciones&nbsp; del Sindicato Nacional de Trabajadores de la Educaci\u00f3n que laboran en&nbsp;\u00e9ste Estado, es decir, la 5, la&nbsp; 38 y 35,  &#8220;siempre hemos trabajado de la mano con el Sindicato, la relaci\u00f3n es buena, hemos trabajado juntos este a\u00f1o, sin ning\u00fan&nbsp; tipo de incidentes, trabajando en el cumplimiento de los protocolos&#8221;.<\/p>\n\n\n\n<p>No creo, afirm\u00f3 luego, &#8220;que deba existir ning\u00fan problema&#8221;.<\/p>\n\n\n\n<p>Preguntado si&nbsp; la virtual extinci\u00f3n, o resistencia de alg\u00fan &#8220;liderazgo mora&#8221;&nbsp; entre&nbsp; los sindicalistas, pudiera tener alg\u00fan impacto en las tareas que se desarrollan en el \u00e1mbito educativo, indic\u00f3 que, \u2019\u2019no lo creo, nosotros hemos trabajo muy bien&#8221;.<\/p>\n\n\n\n<p>&#8220;Hemos recibido todo el apoyo&nbsp; de las dirigencias que acaban de concluir sus encargos, entonces, trabajamos&nbsp; muy bien, contentos, no tuve absolutamente ning\u00fan problema &nbsp; y las decisiones las tomamos de forma conjunta, esperando seguir as\u00ed&#8221;.<\/p>\n\n\n\n<p>En cuanto a los saldos que arroja en materia de&nbsp; educaci\u00f3n para Coahuila el presente a\u00f1o por concluir, &nbsp; el Licenciado Saracho expres\u00f3, &#8220;pues mira, cuando tome posesi\u00f3n, el Gobernador me encarg\u00f3, tres prioridades; primero, el&nbsp; cuidar la salud de los ni\u00f1os y las ni\u00f1as, mismo que lo hicimos durante todo \u00e9ste a\u00f1o, al igual que la de los &nbsp; maestros&nbsp; y personal docente. Segundo;&nbsp; que regres\u00e1ramos&nbsp; la educaci\u00f3n presencial al cien por ciento, meta que cumplimos&#8221;.&nbsp;<\/p>\n\n\n\n<p>&#8220;Y como tercera; que se&nbsp; rehabilitara el&nbsp; cien por ciento de los planteles educativos, misma que hemos cumplido&#8221;.<\/p>\n\n\n\n<p>Los tres retos, dice, &#8220;que&nbsp; sumamos este a\u00f1o, pues hay que recordar&nbsp; como est\u00e1bamos el a\u00f1o pasado y a principios de este a\u00f1o&nbsp; donde&nbsp; est\u00e1bamos bajo un sistema h\u00edbrido,&nbsp; donde asist\u00edamos lunes, mi\u00e9rcoles, jueves, etc.,&nbsp;es&nbsp; decir solo el 70%&nbsp; y ya, cuando tu lo ves&nbsp; a lo largo de este al a\u00f1o,&nbsp; hemos alcanzado la normalizaci\u00f3n de la actividad educativa al cien por ciento pr\u00e1cticamente&#8221;.<\/p>\n\n\n\n<p><strong>CUIBREBOCAS&nbsp;<\/strong><\/p>\n\n\n\n<p>&#8220;Yo&nbsp; le comentaba al Gobernador,&nbsp; que vamos a continuar&nbsp; la recomendaci\u00f3n del uso del cubrebocas, lo que es muy importante ahora ante la temporada invernal en especial en los meses de enero y febrero&nbsp; donde se incrementan las bajas temperaturas y con la Influenza y el Covid, pues&nbsp; seguiremos con esta pr\u00e1ctica&#8221;.<\/p>\n\n\n\n<p>Aclar\u00f3 enseguida el&nbsp; funcionario que el uso de cubrebocas en el alumnado &#8220;es&nbsp; una recomendaci\u00f3n&#8221;.<\/p>\n\n\n\n<p>&#8220;Hemos hecho un llamado a los padres de familia que ahora que van a tener &nbsp; visitas&nbsp; en sus hogares&nbsp; con personas que vienen del sur de Texas,&nbsp; del interior&nbsp; de la Rep\u00fablica, etc., &nbsp; y&nbsp; hay por ello reuniones familiares&nbsp; en esta temporada, por lo que hay que tener mucho cuidado&nbsp; en especial cuando&nbsp; tales reuniones se realicen en lugares&nbsp; cerrados, poco ventilados,&nbsp; pues no ser\u00e1n pocas&nbsp; todas las precauciones debidas&nbsp; para evitar contagios&#8221;.&nbsp;<\/p>\n\n\n\n<p><strong>DESERCIONES<\/strong><\/p>\n\n\n\n<p>Inform\u00f3&nbsp; que en el tema de la deserci\u00f3n escolar y las remediciones a tal problem\u00e1tica,&nbsp; &#8220;el tener ya plenamente &nbsp; identificados a&nbsp; los ni\u00f1os que fueron inscritos en el ciclo escolar anterior y que&nbsp; quienes no lograron&nbsp; concluirlo,&nbsp; por lo que se ha implementado el programa para su b\u00fasqueda&nbsp; y ubicaci\u00f3n&nbsp; uno a uno, para &nbsp; conocer&nbsp; los motivos&#8221;, anticipando&nbsp; que, &#8220;bajo tal estrategias&nbsp; se ha podido regresar a muchos&nbsp; de estos alumnos &nbsp; nuevamente a las aulas&#8221;.<\/p>\n\n\n\n<p>El funcionario&nbsp; agregaba&nbsp; que adem\u00e1s de lo anterior, respecto a los menores que van de preescolar&nbsp; a&nbsp; las aulas de educaci\u00f3n primaria, &#8220;el 98.9 % de tal matricula&nbsp; lo hacen&#8221;.&nbsp;<\/p>\n\n\n\n<p>Consider\u00f3&nbsp; luego&nbsp; que, &#8220;es muy poco los que se quedan fuera&#8221;.<\/p>\n","protected":false},"excerpt":{"rendered":"<p>Torre\u00f3n, Coahuila.-&nbsp; Afirma el Secretario de Educaci\u00f3n&nbsp; P\u00fablica en Coahuila, Licenciado Francisco Saracho, que ante el&nbsp; reciente relevo registrado en las dirigencias de las tres Secciones&nbsp; del Sindicato Nacional de Trabajadores de la Educaci\u00f3n que laboran en&nbsp;\u00e9ste Estado, es decir, la 5, la&nbsp; 38 y 35, &#8220;siempre hemos trabajado de la mano con el Sindicato, la relaci\u00f3n es buena, hemos trabajado juntos este a\u00f1o, sin ning\u00fan&nbsp; tipo de incidentes, trabajando&#8230;<\/p>\n","protected":false},"author":2,"featured_media":0,"comment_status":"closed","ping_status":"closed","sticky":false,"template":"","format":"standard","meta":{"footnotes":""},"categories":[5,9,15],"tags":[],"class_list":["post-12840","post","type-post","status-publish","format-standard","hentry","category-coahuila","category-educacion","category-gobierno-de-coahuila","wpcat-5-id","wpcat-9-id","wpcat-15-id"],"_links":{"self":[{"href":"https:\/\/www.aquilaguna.com\/index.php\/wp-json\/wp\/v2\/posts\/12840","targetHints":{"allow":["GET"]}}],"collection":[{"href":"https:\/\/www.aquilaguna.com\/index.php\/wp-json\/wp\/v2\/posts"}],"about":[{"href":"https:\/\/www.aquilaguna.com\/index.php\/wp-json\/wp\/v2\/types\/post"}],"author":[{"embeddable":true,"href":"https:\/\/www.aquilaguna.com\/index.php\/wp-json\/wp\/v2\/users\/2"}],"replies":[{"embeddable":true,"href":"https:\/\/www.aquilaguna.com\/index.php\/wp-json\/wp\/v2\/comments?post=12840"}],"version-history":[{"count":2,"href":"https:\/\/www.aquilaguna.com\/index.php\/wp-json\/wp\/v2\/posts\/12840\/revisions"}],"predecessor-version":[{"id":12842,"href":"https:\/\/www.aquilaguna.com\/index.php\/wp-json\/wp\/v2\/posts\/12840\/revisions\/12842"}],"wp:attachment":[{"href":"https:\/\/www.aquilaguna.com\/index.php\/wp-json\/wp\/v2\/media?parent=12840"}],"wp:term":[{"taxonomy":"category","embeddable":true,"href":"https:\/\/www.aquilaguna.com\/index.php\/wp-json\/wp\/v2\/categories?post=12840"},{"taxonomy":"post_tag","embeddable":true,"href":"https:\/\/www.aquilaguna.com\/index.php\/wp-json\/wp\/v2\/tags?post=12840"}],"curies":[{"name":"wp","href":"https:\/\/api.w.org\/{rel}","templated":true}]}}