{"id":12860,"date":"2022-12-22T01:18:44","date_gmt":"2022-12-22T07:18:44","guid":{"rendered":"https:\/\/www.aquilaguna.com\/?p=12860"},"modified":"2022-12-22T01:18:45","modified_gmt":"2022-12-22T07:18:45","slug":"acuerdan-mars-y-nueva-dirigencia-de-la-seccion-38-fortalecer-la-educacion-en-coahuila","status":"publish","type":"post","link":"https:\/\/www.aquilaguna.com\/index.php\/2022\/12\/22\/acuerdan-mars-y-nueva-dirigencia-de-la-seccion-38-fortalecer-la-educacion-en-coahuila\/","title":{"rendered":"ACUERDAN MARS Y NUEVA DIRIGENCIA DE LA SECCI\u00d3N 38 FORTALECER LA EDUCACI\u00d3N EN COAHUILA."},"content":{"rendered":"\n<p>\u00b7\u00a0\u00a0\u00a0\u00a0\u00a0\u00a0<strong><em>\u00a0Reitera gobernador Miguel Riquelme su compromiso de trabajo coordinado con el magisterio.<\/em><\/strong><\/p>\n\n\n\n<p>\u00b7&nbsp;&nbsp;&nbsp;&nbsp;&nbsp;&nbsp;<strong><em>&nbsp;Se re\u00fane con Isela Licerio Lu\u00e9vano, Secretaria General de la Secci\u00f3n 38 del SNTE.<\/em><\/strong><\/p>\n\n\n\n<p>Saltillo, Coahuila de Zaragoza; a 21 de Diciembre de 2022.- El gobernador Miguel \u00c1ngel Riquelme Sol\u00eds recibi\u00f3 en Palacio de Gobierno a la nueva dirigencia magisterial de la Secci\u00f3n 38, que encabeza la profesora Isela Licerio Lu\u00e9vano, reuni\u00f3n en la que ambas partes acordaron fortalecer la educaci\u00f3n y llevar una relaci\u00f3n de mutuo respeto para que Coahuila siga avanzando en su nivel educativo.<\/p>\n\n\n\n<p>El Mandatario estatal reiter\u00f3 su disposici\u00f3n de trabajo en unidad y de coordinaci\u00f3n irrestricta con la base magisterial para sacar adelante las necesidades de las y los maestros, la infraestructura educativa y los retos que tiene este sector.<\/p>\n\n\n\n<p>Record\u00f3 el gran reto que signific\u00f3 el regreso presencial a las aulas, y reconoci\u00f3 el trabajo comprometido del magisterio coahuilense para poder lograrlo.<\/p>\n\n\n\n<p>Riquelme Sol\u00eds se\u00f1al\u00f3 que el Secretario de Educaci\u00f3n del Estado, Francisco Saracho Navarro, estar\u00e1 en mesas de trabajo con los integrantes de esta nueva directiva para ir interiorizando todas las partes que, de manera coordinada, se trabajan en conjunto mes a mes.<\/p>\n\n\n\n<p>El Gobernador reiter\u00f3 que su Administraci\u00f3n ha sido muy responsable en el manejo de las finanzas, que se ha tenido mucha disciplina financiera en los cinco a\u00f1os de ejercicio.<\/p>\n\n\n\n<p>\u201cNosotros siempre hemos pagado puntualmente las prestaciones a las maestras y maestros que por Ley les corresponden\u201d, se\u00f1al\u00f3.<\/p>\n\n\n\n<p>Agreg\u00f3 que su Administraci\u00f3n siempre ha puesto por delante a la base magisterial, que nunca le ha quedado mal, y que trata de que as\u00ed sea cuando se tienen que otorgar los est\u00edmulos que, de alguna forma, sindicalmente han tenido en logros.<\/p>\n\n\n\n<p>\u201cLa aportaci\u00f3n de mi Administraci\u00f3n hacia el magisterio ha ido en crecimiento constante en relaci\u00f3n con sexenios anteriores\u201d, refiri\u00f3.<\/p>\n\n\n\n<p>Miguel Riquelme dej\u00f3 de manifiesto que su Gobierno busca tener una buena relaci\u00f3n con la nueva dirigencia de la Secci\u00f3n 38, ya que para el Estado lo primordial es la estabilidad y el equilibrio, lo que ha sido factor para la llegada de inversiones y para la generaci\u00f3n de empleo.<\/p>\n\n\n\n<p>Por su parte, la profesora Isela Licerio agradeci\u00f3 al Gobernador por atenderlos luego de haber tomado protesta el pasado 12 de diciembre.<\/p>\n\n\n\n<p>Expres\u00f3 su apertura de trabajo en conjunto con el Gobierno del Estado.<\/p>\n\n\n\n<p>\u201cNos interesa mucho mantener esa relaci\u00f3n de respeto y de alianza para poder llevar a cabo las iniciativas que queremos emprender\u201d, mencion\u00f3.<\/p>\n\n\n\n<p>Agreg\u00f3 que la intenci\u00f3n de la nueva dirigencia que encabeza es de ayudar y colaborar para resolver las necesidades de su gremio.<\/p>\n","protected":false},"excerpt":{"rendered":"<p>\u00b7\u00a0\u00a0\u00a0\u00a0\u00a0\u00a0\u00a0Reitera gobernador Miguel Riquelme su compromiso de trabajo coordinado con el magisterio. \u00b7&nbsp;&nbsp;&nbsp;&nbsp;&nbsp;&nbsp;&nbsp;Se re\u00fane con Isela Licerio Lu\u00e9vano, Secretaria General de la Secci\u00f3n 38 del SNTE. Saltillo, Coahuila de Zaragoza; a 21 de Diciembre de 2022.- El gobernador Miguel \u00c1ngel Riquelme Sol\u00eds recibi\u00f3 en Palacio de Gobierno a la nueva dirigencia magisterial de la Secci\u00f3n 38, que encabeza la profesora Isela Licerio Lu\u00e9vano, reuni\u00f3n en la que ambas partes acordaron&#8230;<\/p>\n","protected":false},"author":1,"featured_media":12861,"comment_status":"closed","ping_status":"closed","sticky":false,"template":"","format":"standard","meta":{"footnotes":""},"categories":[5,9,15,23],"tags":[],"class_list":["post-12860","post","type-post","status-publish","format-standard","has-post-thumbnail","hentry","category-coahuila","category-educacion","category-gobierno-de-coahuila","category-snte","wpcat-5-id","wpcat-9-id","wpcat-15-id","wpcat-23-id"],"_links":{"self":[{"href":"https:\/\/www.aquilaguna.com\/index.php\/wp-json\/wp\/v2\/posts\/12860","targetHints":{"allow":["GET"]}}],"collection":[{"href":"https:\/\/www.aquilaguna.com\/index.php\/wp-json\/wp\/v2\/posts"}],"about":[{"href":"https:\/\/www.aquilaguna.com\/index.php\/wp-json\/wp\/v2\/types\/post"}],"author":[{"embeddable":true,"href":"https:\/\/www.aquilaguna.com\/index.php\/wp-json\/wp\/v2\/users\/1"}],"replies":[{"embeddable":true,"href":"https:\/\/www.aquilaguna.com\/index.php\/wp-json\/wp\/v2\/comments?post=12860"}],"version-history":[{"count":1,"href":"https:\/\/www.aquilaguna.com\/index.php\/wp-json\/wp\/v2\/posts\/12860\/revisions"}],"predecessor-version":[{"id":12862,"href":"https:\/\/www.aquilaguna.com\/index.php\/wp-json\/wp\/v2\/posts\/12860\/revisions\/12862"}],"wp:featuredmedia":[{"embeddable":true,"href":"https:\/\/www.aquilaguna.com\/index.php\/wp-json\/wp\/v2\/media\/12861"}],"wp:attachment":[{"href":"https:\/\/www.aquilaguna.com\/index.php\/wp-json\/wp\/v2\/media?parent=12860"}],"wp:term":[{"taxonomy":"category","embeddable":true,"href":"https:\/\/www.aquilaguna.com\/index.php\/wp-json\/wp\/v2\/categories?post=12860"},{"taxonomy":"post_tag","embeddable":true,"href":"https:\/\/www.aquilaguna.com\/index.php\/wp-json\/wp\/v2\/tags?post=12860"}],"curies":[{"name":"wp","href":"https:\/\/api.w.org\/{rel}","templated":true}]}}