{"id":12918,"date":"2022-12-28T19:40:55","date_gmt":"2022-12-29T01:40:55","guid":{"rendered":"https:\/\/www.aquilaguna.com\/?p=12918"},"modified":"2022-12-28T19:40:55","modified_gmt":"2022-12-29T01:40:55","slug":"aqui-laguna-192","status":"publish","type":"post","link":"https:\/\/www.aquilaguna.com\/index.php\/2022\/12\/28\/aqui-laguna-192\/","title":{"rendered":"Aqu\u00ed Laguna."},"content":{"rendered":"\n<p>\u00a1Inocentes!\u00a0 Los\u00a0 morenistas de viejo y nuevo cu\u00f1o que en Coahuila, creyeron el discurso de la democracia que les dijeron practicar\u00edan en MORENA para elegir a sus candidatos, no solo a gobernador del Estado, sino a su\u00a0 corte de acompa\u00f1amiento, es decir, a los 16 que aspiran a figurar como &#8220;padres de la patria chica&#8221;, en la jugada electoral a celebrar \u00a0 el primer domingo de junio del a\u00f1o en puerta, cuando la realidad \u00a0 les dice que por ah\u00ed, no es, por m\u00e1s y que \u00a0 seg\u00fan sostiene\u00a0 AMLO es\u00a0 el  &#8220;pueblo&#8221; quien\u00a0 \u00a0 los designa\u00a0 bien a mano alzada o por encuesta, nada que ver\u00a0 pues, con procesos \u00a0 de\u00a0 selecci\u00f3n estricta que todo pueblo\u00a0 medianamente civilizado adopta a trav\u00e9s de sus organismos partidistas\u00a0 como suyos, es decir, mediante voto universal y directo de sus militancias,\u00a0 el resto que no se ajuste a tal ortodoxia, resulta al final, tomadura de pelo.<\/p>\n\n\n\n<p>Y ya se ve, con lo que registra Coahuila, donde la insurrecci\u00f3n abonada por Ricardo Sostenes Mej\u00eda Berdeja,\u00a0 genera ya el cisma evidente, en el que arrastra\u00a0 buena porci\u00f3n del capital\u00a0 pol\u00edtico\u00a0 que arrastra no solo \u00e9l, sino la marca AMLO suma en el Estado, y en el que se incluye trabajados, por no\u00a0 calificar a nadie, en funci\u00f3n de\u00a0 futuro pol\u00edtico promisorio a buena parte del cascajo recogido en el primer  embate \u00a0 de MORENA y\u00a0 luego en una segunda oleada, a los\u00a0 sujetos \u00a0 pol\u00edticos que ven en \u00e9ste a\u00f1o en puerta la \u00fanica posibilidad de\u00a0 alimentar con alguna esperanza sus fallidas ilusiones de figurar\u00a0 por primera vez o de nueva cuenta, en los primeros c\u00edrculos\u00a0 a donde llega el man\u00e1\u00a0 del poder\u00a0 p\u00fablico, de ah\u00ed\u00a0 sus tropezones,\u00a0 cuyo desenlace ya estaremos viendo en los d\u00edas pr\u00f3ximos, seg\u00fan respuesta que\u00a0 les otorgue el\u00a0 Consejo Nacional de Honestidad y Justicia\u00a0 de MORENA a su pretensi\u00f3n de &#8220;reponer\u00a0 el procedimiento para designar al Coordinador de la Defensa de la 4-T&#8221;, y que en\u00a0 la primera\u00a0 y \u00fanica vuelta, result\u00f3 a favor de Armando Guadiana Tijerina, es decir, la resistencia\u00a0 de Mej\u00eda Berdeja y sus &#8220;Bendejos&#8221;, como ya se les califica, a sus\u00a0 huestes en rebeld\u00eda\u00a0 no solo est\u00e1n poniendo en evidencia y reto a la dirigencia nacional de MORENA a cargo de Mario Delgado\u00a0 y al mism\u00edsimo AMLO, sino que este episodio, cualquiera que sea su ep\u00edlogo, como se pondr\u00e1 el infierno, cuando alguna de sus &#8220;corcholatas&#8221; que hoy aspiran a ser designadas por encuesta\u00a0 como candidato a la Presidencia de la Rep\u00fablica, no acate\u00a0 sus resultados  y una vez que \u00a0 Ricardo Monreal parece haber vuelto al redil,\u00a0 sin que por ello se descarte toda una estratega de simulaci\u00f3n, sino que solo sea\u00a0 en\u00a0 esencia una copia del legendario Caballo de Troya, de hacerse necesario en el momento clave.<\/p>\n\n\n\n<p>Si en Coahuila se decantan por recomponer en aras de\u00a0 artificiosa unidad, ya rota, no se descarte que tales inconformidades, al carecer MORENA de mecanismos y caminos probados, suficientemente institucionalizados para aplicar\u00a0 estatutos\u00a0 e imponer disciplina, el camino de las insurrecciones est\u00e1 abierto y no habr\u00e1 quien lo detenga bajo el motor \u00a0 que anima la codicia y ambiciones de poder de muchos de los participantes en esta gran t\u00f3mbola pol\u00edtica.<\/p>\n\n\n\n<p>Pero diremos que por ahora\u00a0 tal insurrecci\u00f3n en Coahuila tiene ya poco tiempo a su favor, pues a mediados del mes entrante ya deber\u00e1 estar registrando\u00a0 solo a uno de sus aspirantes al Gobierno de Coahuila, y a\u00a0\u00e9ste registro solo podr\u00e1 hacerlo\u00a0 con\u00a0 representaci\u00f3n jur\u00eddica suficiente de la dirigencia\u00a0 nacional de MORENA, pasar pues\u00a0por tal aduana es requisito sine qua non, adem\u00e1s de que la ma\u00f1ana de este jueves\u00a0 29 de diciembre, ser\u00e1 clave\u00a0 la asistencia o ausencia de Mej\u00eda Berdeja, presentando su semanal reporte de\u00a0&#8220;resultados&#8221; como Subsecretario de Seguridad P\u00fablica en el pa\u00eds, ante AMLO y en el escenario montado\u00a0 a modo en las ma\u00f1aneras,\u00a0 eso, si a\u00fan registra\u00a0 a su favor algo de la voluntad\u00a0 presidencial \u00a0 o bien le dan la patada de tal\u00a0 funci\u00f3n, acci\u00f3n que no se deber\u00e1, sin duda\u00a0 por los magros, p\u00edrricos resultados que arroja su trabajo, sino solo por la rebeld\u00eda que muestra a\u00a0 la estrategia electoral de AMLO. Ya veremos&#8230;<\/p>\n\n\n\n<p>Por cierto, llam\u00f3 la atenci\u00f3n la aparici\u00f3n p\u00fablica del Licenciado Adri\u00e1n Puentes Adriano, considerado uno de los ya\u00a0 escasos sobrevivientes de la izquierda hist\u00f3rica en la Laguna, seg\u00fan fotograf\u00eda\u00a0 publicada\u00a0 en diversos medios estatales, como asistente a la reuni\u00f3n de los rebeldes &#8220;Bendejos&#8221;, exigiendo democracia interna en MORENA, petici\u00f3n que denegada, como muchos anticipan,\u00a0 pueda indicar que\u00a0 todos los solicitantes\u00a0 cuyas im\u00e1genes aparecen en la susodicha gr\u00e1fica &#8220;morir\u00e1n enga\u00f1ados&#8221;,\u00a0 \u00a1l\u00e1stima Margarito!, y da pena que Puentes Adriano,\u00a0 cuya liderazgo sostenido\u00a0 en\u00a0 el \u00e1mbito social, del resto del agrarismo en \u00e9sta comarca, aparezca as\u00ed junto con personajes que en\u00a0 tal pasado y m\u00e1s, cuando encabezar demandas y reivindicaciones \u00a0 para los sectores m\u00e1s vulnerables de la comarca, costaban, costaban la piel y la imagen, el prestigio\u00a0 personal\u00a0 cuando no el amago de prisi\u00f3n, y amenazas contra la vida\u00a0 como fue el caso del mencionado, para verlo hoy, en luchas por el poder pol\u00edtico, cuando no por sus migajas&#8230;<\/p>\n\n\n\n<p>Y en tanto mucho se dice, que Cuco Sandoval, el dirigente moral del PVEM,\u00a0 se perfila como solitario\u00a0 candidato a de \u00e9stas siglas, a contender\u00a0 como\u00a0 candidato\u00a0 al Gobierno de Coahuila, incluso debida que tal organismo partidista no ha logrado\u00a0 construir en ya dos que tres d\u00e9cadas\u00a0&#8220;cuadros&#8221; de alguna relevancia para tal encargo. La situaci\u00f3n personal\u00a0 de\u00a0 &#8220;Cuco&#8221; es complicada, debido a la estrecha relaci\u00f3n personal que mantuvo y mantiene con personajes que fueron muy importantes\u00a0 en el pasado reciente, adem\u00e1s de sus aliados.<\/p>\n\n\n\n<p>Otro tanto le acontece\u00a0 con Virgilio Maltos Long, eternizado\u00a0 due\u00f1o de las siglas del Partido del Trabajo en Coahuila, que se afirma est\u00e1 en espera del desenlace que tenga la tragicomedia de MORTENA en \u00e9ste Estado, para &#8220;capear&#8221; en sus brazos a quien resulte operador\u00a0 en la misma, y con ello luchar por la supervivencia de tales siglas en el escenario partidista\u00a0 en \u00e9ste Estado, como le pasa igual en los del resto del pa\u00eds. Por cierto, una de las ultimas adquisiciones que registr\u00f3 el PT,\u00a0 fue la del ex alcalde panista\u00a0 de Torre\u00f3n Jos\u00e9 Angel P\u00e9rez Hern\u00e1ndez, que por cierto, ha\u00a0 desaparecido de la escena por estos d\u00edas&#8230;<\/p>\n\n\n\n<p>Y en medio de g\u00e9lidas temperaturas, \u00a0 se disponen a esperar,\u00a0 con optimismo\u00a0 y fortaleza\u00a0 lo que traiga\u00a0 el a\u00f1o en puerta, el 2023, que\u00a0 se anticipa complejo, no solo en el \u00e1mbito pol\u00edtico, sino en el econ\u00f3mico, con la inflaci\u00f3n\u00a0 incontenida, el freno que se espera en materia de\u00a0 captaci\u00f3n de inversi\u00f3n y con ello de generaci\u00f3n de empleo,\u00a0 m\u00e1s las inc\u00f3gnitas que se plantean en cada uno de los hogares y las empresas que deber\u00e1n hacer frente a los fen\u00f3menos econ\u00f3micos en marcha, de ah\u00ed que en estos d\u00edas,\u00a0 finales de este 2022 y v\u00edsperas del 2023\u00a0 solo resta \u00a0 que los tiempos venideros nos sean leves, y que Dios nos cubra con\u00a0 fortalezas y bienaventuranzas que nos permita\u00a0 superarlo.<\/p>\n","protected":false},"excerpt":{"rendered":"<p>\u00a1Inocentes!\u00a0 Los\u00a0 morenistas de viejo y nuevo cu\u00f1o que en Coahuila, creyeron el discurso de la democracia que les dijeron practicar\u00edan en MORENA para elegir a sus candidatos, no solo a gobernador del Estado, sino a su\u00a0 corte de acompa\u00f1amiento, es decir, a los 16 que aspiran a figurar como &#8220;padres de la patria chica&#8221;, en la jugada electoral a celebrar \u00a0 el primer domingo de junio del a\u00f1o en&#8230;<\/p>\n","protected":false},"author":2,"featured_media":0,"comment_status":"closed","ping_status":"","sticky":false,"template":"","format":"standard","meta":{"footnotes":""},"categories":[8],"tags":[],"class_list":["post-12918","post","type-post","status-publish","format-standard","hentry","category-aqui-laguna","wpcat-8-id"],"_links":{"self":[{"href":"https:\/\/www.aquilaguna.com\/index.php\/wp-json\/wp\/v2\/posts\/12918","targetHints":{"allow":["GET"]}}],"collection":[{"href":"https:\/\/www.aquilaguna.com\/index.php\/wp-json\/wp\/v2\/posts"}],"about":[{"href":"https:\/\/www.aquilaguna.com\/index.php\/wp-json\/wp\/v2\/types\/post"}],"author":[{"embeddable":true,"href":"https:\/\/www.aquilaguna.com\/index.php\/wp-json\/wp\/v2\/users\/2"}],"replies":[{"embeddable":true,"href":"https:\/\/www.aquilaguna.com\/index.php\/wp-json\/wp\/v2\/comments?post=12918"}],"version-history":[{"count":1,"href":"https:\/\/www.aquilaguna.com\/index.php\/wp-json\/wp\/v2\/posts\/12918\/revisions"}],"predecessor-version":[{"id":12919,"href":"https:\/\/www.aquilaguna.com\/index.php\/wp-json\/wp\/v2\/posts\/12918\/revisions\/12919"}],"wp:attachment":[{"href":"https:\/\/www.aquilaguna.com\/index.php\/wp-json\/wp\/v2\/media?parent=12918"}],"wp:term":[{"taxonomy":"category","embeddable":true,"href":"https:\/\/www.aquilaguna.com\/index.php\/wp-json\/wp\/v2\/categories?post=12918"},{"taxonomy":"post_tag","embeddable":true,"href":"https:\/\/www.aquilaguna.com\/index.php\/wp-json\/wp\/v2\/tags?post=12918"}],"curies":[{"name":"wp","href":"https:\/\/api.w.org\/{rel}","templated":true}]}}