{"id":1293,"date":"2021-03-28T20:25:29","date_gmt":"2021-03-29T02:25:29","guid":{"rendered":"https:\/\/www.aquilaguna.com\/?p=1293"},"modified":"2021-03-28T20:25:30","modified_gmt":"2021-03-29T02:25:30","slug":"trabajan-amlo-y-riquelme-por-acuiferos-de-cuatro-cienegas","status":"publish","type":"post","link":"https:\/\/www.aquilaguna.com\/index.php\/2021\/03\/28\/trabajan-amlo-y-riquelme-por-acuiferos-de-cuatro-cienegas\/","title":{"rendered":"TRABAJAN AMLO Y RIQUELME POR ACU\u00cdFEROS DE CUATRO CI\u00c9NEGAS."},"content":{"rendered":"\n<p>\u00b7\u00a0\u00a0\u00a0\u00a0\u00a0\u00a0<strong><em>El presidente Andr\u00e9s Manuel L\u00f3pez Obrador y el gobernador Miguel Riquelme ponen en marcha el proyecto \u2018Acciones de Rescate y Recuperaci\u00f3n del Agua\u2019 en este municipio.<\/em><\/strong><\/p>\n\n\n\n<p>\u00b7\u00a0\u00a0\u00a0\u00a0\u00a0\u00a0<strong><em>\u2018Vivimos la oportunidad hist\u00f3rica de tomar las decisiones correctas y fomentar la conciencia colectiva\u2019: MARS.<\/em><\/strong><\/p>\n\n\n\n<p>Cuatro Ci\u00e9negas, Coahuila de Zaragoza; a 28 de Marzo de 2021.- En su gira de trabajo por Coahuila, el Presidente de la Rep\u00fablica, Andr\u00e9s Manuel L\u00f3pez Obrador, y el gobernador Miguel \u00c1ngel Riquelme Sol\u00eds pusieron en marcha el proyecto \u201cAcciones de Rescate y Recuperaci\u00f3n del Agua\u201d en este Pueblo M\u00e1gico.<\/p>\n\n\n\n<p>El proyecto tiene como objetivo el desarrollo regional sustentable que beneficie a los habitantes de Cuatro Ci\u00e9negas y garantice la conservaci\u00f3n de los recursos naturales, en especial del agua.<\/p>\n\n\n\n<p>El presidente L\u00f3pez Obrador destac\u00f3 la importancia inaplazable del cuidado del agua en todos los sectores y dar prioridad al consumo humano, antes de para el uso industrial o de otro tipo, a lo que Riquelme Sol\u00eds enfatiz\u00f3 que el Gobierno de Coahuila seguir\u00e1 protegiendo el agua como hasta ahora.<\/p>\n\n\n\n<p>El Presidente dijo que proyectos como el que hoy ponen en marcha en este Municipio la Federaci\u00f3n y el Estado son imprescindibles para lograr el desarrollo sustentable y sostenido de las econom\u00edas.<\/p>\n\n\n\n<p>En su mensaje, Miguel Riquelme se\u00f1al\u00f3 que se vive la oportunidad hist\u00f3rica de tomar las decisiones correctas y fomentar la conciencia colectiva para cuidar de mejor manera este prodigioso entorno natural.\u00a0Enfatiz\u00f3 que en su Administraci\u00f3n se tiene un firme compromiso con Cuatro Ci\u00e9negas, reconocido en el mundo por su biodiversidad \u00fanica y la conjunci\u00f3n de los tres elementos de sustentabilidad: Medio ambiente, cultura y econom\u00eda.<\/p>\n\n\n\n<p>Agreg\u00f3 que no se permitir\u00e1 perder este humedal tan valioso, que es herencia para las presentes y futuras generaciones.<\/p>\n\n\n\n<p>\u201cCon benepl\u00e1cito, constatamos hoy su compromiso con las grandes causas de la humanidad y de afrontar los retos del cambio clim\u00e1tico. Celebramos la contribuci\u00f3n de su Gobierno y la de otras instituciones por corregir el rumbo y buscar las mejores alternativas de desarrollo para Cuatro Ci\u00e9negas\u201d, expres\u00f3 el Mandatario estatal al Presidente.\u00a0De la misma manera, Riquelme Sol\u00eds manifest\u00f3 su disposici\u00f3n de colaborar y de sumar recursos en la consecuci\u00f3n de este programa de desarrollo regional sustentable.<\/p>\n\n\n\n<p>Al hacer un recuento de los esfuerzos que se han realizado para conservar y corregir el mal trato que se ha dado a los humedales en esta tierra, record\u00f3 que hace dos a\u00f1os inici\u00f3 el proyecto que se propuso a la Fundaci\u00f3n \u201cGonzalo R\u00edo Arronte\u201d y al Fondo Mexicano para la Conservaci\u00f3n de la Naturaleza, con contrapartidas del Municipio de Cuatro Ci\u00e9negas y de la Comisi\u00f3n Nacional de \u00c1reas Naturales Protegidas.<\/p>\n\n\n\n<p>En \u00e9ste se propusieron, con la participaci\u00f3n de los tres \u00f3rdenes de Gobierno y de la sociedad civil organizada, fomentar las pr\u00e1cticas que ayuden a preservar el flujo de agua necesario para incrementar los niveles de agua superficial en el humedal prioritario.<\/p>\n\n\n\n<p>Asimismo, elevar la cantidad de agua destinada a sostener las necesidades de consumo humano y lograr el correcto saneamiento de las aguas residuales.En ese sentido, mencion\u00f3 que se han recuperado 40 hect\u00e1reas de humedal mediante el cierre de canales de riego, cuando la meta inicial eran 10 hect\u00e1reas; se tiene el compromiso de reducir la contaminaci\u00f3n por residuos s\u00f3lidos y la contaminaci\u00f3n del agua; adem\u00e1s de establecer un mecanismo de participaci\u00f3n social en apoyo al tratamiento de aguas negras y su incorporaci\u00f3n al uso agr\u00edcola.<\/p>\n\n\n\n<p>Miguel Riquelme reiter\u00f3 que en Coahuila \u201cestamos decididos a sostener una relaci\u00f3n de mayor coordinaci\u00f3n entre los tres \u00f3rdenes de Gobierno, los Poderes del Estado, empresarios, acad\u00e9micos y la sociedad civil, a fin de preservar este gran legado natural.<\/p>\n\n\n\n<p>\u201cAsimismo, para motivar la puesta en pr\u00e1ctica de los principios de la \u00e9tica ecol\u00f3gica y de responsabilidad ambiental en aras de alcanzar una sociedad m\u00e1s responsable, solidaria y emp\u00e1tica con nuestro medio ambiente y el planeta\u201d, manifest\u00f3 el gobernador Miguel Riquelme.<\/p>\n\n\n\n<p>USO PRIORITARIO: AMLO<\/p>\n\n\n\n<p>El presidente Andr\u00e9s Manuel L\u00f3pez Obrador manifest\u00f3 que la reducci\u00f3n del consumo del agua para no agotar los mantos acu\u00edferos es una de las metas del Gobierno Federal, por lo que se debe preservar el agua y hacer uso responsable de la misma.<\/p>\n\n\n\n<p>\u201cSi no se avanza en esa idea de conservar el agua y cuidar la vida, tendr\u00edamos que tomar acciones en\u00e9rgicas. Por encima de todo est\u00e1 el agua y est\u00e1 la vida\u201d.<\/p>\n\n\n\n<p>L\u00f3pez Obrador indic\u00f3 que la sociedad y los gobiernos deben dedicarse a producir sin destruir, adem\u00e1s de que se debe tomar en cuenta que los recursos naturales no son de una generaci\u00f3n: \u201cSomos guardianes y tenemos que entregar cuentas a las futuras generaciones\u201d.<\/p>\n\n\n\n<p>De la misma manera, el Presidente de la Rep\u00fablica se\u00f1al\u00f3 que en el norte del Pa\u00eds no se debe crecer con el uso excesivo del agua, por lo que se\u00f1al\u00f3 que ni mediante la exportaci\u00f3n de cerveza y leche, no se deben buscar ampliar las industrias de este giro.<\/p>\n\n\n\n<p>\u201cEsperemos que todos nos pongamos de acuerdo para establecer l\u00edmites, creo yo que se podr\u00eda avanzar; CONAGUA lo est\u00e1 haciendo con m\u00e1s tecnificaci\u00f3n para ser m\u00e1s eficientes en el uso del agua y que no se desperdicie\u201d, mencion\u00f3 L\u00f3pez Obrador.<\/p>\n\n\n\n<p>Reiter\u00f3 que su Gobierno apoyar\u00e1 con la idea de no prohibir, pero que todo tiene un l\u00edmite, y que si se quiere arrasar y destruir la naturaleza por la codicia, pues tendr\u00e1 que poner orden.<\/p>\n\n\n\n<p>Blanca Jim\u00e9nez Cisneros, Directora de la Comisi\u00f3n Nacional del Agua (CONAGUA), se\u00f1al\u00f3 que la zona en Cuatro Ci\u00e9negas es hogar de muchas familias, pero adem\u00e1s es un lugar privilegiado para la reproducci\u00f3n de ganado y alimento, por eso se debe pensar en preservar y recuperar el valle.<\/p>\n\n\n\n<p>Adelant\u00f3 que ser\u00e1 mediante la tecnificaci\u00f3n del riego como se va a desarrollar una estrategia del uso de agua, y que en el caso de la poza de \u201cLa Becerra\u201d, se proteger\u00e1 el agua con la colocaci\u00f3n de tuber\u00edas.<\/p>\n\n\n\n<p>Mar\u00eda Luisa Alvarez Gonz\u00e1lez, Directora de Recursos Naturales y Medio Ambiente en M\u00e9xico, se\u00f1al\u00f3 que el Valle de Cuatro Ci\u00e9negas tiene como principal recurso el agua, la que en 2006 se vio afectada por la explotaci\u00f3n del recurso para el ganado.<\/p>\n\n\n\n<p>Para ese tema, mil 500 litros de agua son necesarios para sacar un kilo de alfalfa, por lo que se ocupaban acciones inmediatas para preservar esta zona.Acompa\u00f1aron al Presidente de M\u00e9xico y al Gobernador de Coahuila en este evento, adem\u00e1s, Yolanda Cant\u00fa Moncada, Alcaldesa de Cuatro Ci\u00e9negas, as\u00ed como funcionarios federales, estatales y municipales.<\/p>\n","protected":false},"excerpt":{"rendered":"<p>\u00b7\u00a0\u00a0\u00a0\u00a0\u00a0\u00a0El presidente Andr\u00e9s Manuel L\u00f3pez Obrador y el gobernador Miguel Riquelme ponen en marcha el proyecto \u2018Acciones de Rescate y Recuperaci\u00f3n del Agua\u2019 en este municipio. \u00b7\u00a0\u00a0\u00a0\u00a0\u00a0\u00a0\u2018Vivimos la oportunidad hist\u00f3rica de tomar las decisiones correctas y fomentar la conciencia colectiva\u2019: MARS. Cuatro Ci\u00e9negas, Coahuila de Zaragoza; a 28 de Marzo de 2021.- En su gira de trabajo por Coahuila, el Presidente de la Rep\u00fablica, Andr\u00e9s Manuel L\u00f3pez Obrador, y el&#8230;<\/p>\n","protected":false},"author":1,"featured_media":1294,"comment_status":"closed","ping_status":"closed","sticky":false,"template":"","format":"standard","meta":{"footnotes":""},"categories":[32,5,15,31],"tags":[],"class_list":["post-1293","post","type-post","status-publish","format-standard","has-post-thumbnail","hentry","category-agua","category-coahuila","category-gobierno-de-coahuila","category-gobierno-federal","wpcat-32-id","wpcat-5-id","wpcat-15-id","wpcat-31-id"],"_links":{"self":[{"href":"https:\/\/www.aquilaguna.com\/index.php\/wp-json\/wp\/v2\/posts\/1293","targetHints":{"allow":["GET"]}}],"collection":[{"href":"https:\/\/www.aquilaguna.com\/index.php\/wp-json\/wp\/v2\/posts"}],"about":[{"href":"https:\/\/www.aquilaguna.com\/index.php\/wp-json\/wp\/v2\/types\/post"}],"author":[{"embeddable":true,"href":"https:\/\/www.aquilaguna.com\/index.php\/wp-json\/wp\/v2\/users\/1"}],"replies":[{"embeddable":true,"href":"https:\/\/www.aquilaguna.com\/index.php\/wp-json\/wp\/v2\/comments?post=1293"}],"version-history":[{"count":1,"href":"https:\/\/www.aquilaguna.com\/index.php\/wp-json\/wp\/v2\/posts\/1293\/revisions"}],"predecessor-version":[{"id":1295,"href":"https:\/\/www.aquilaguna.com\/index.php\/wp-json\/wp\/v2\/posts\/1293\/revisions\/1295"}],"wp:featuredmedia":[{"embeddable":true,"href":"https:\/\/www.aquilaguna.com\/index.php\/wp-json\/wp\/v2\/media\/1294"}],"wp:attachment":[{"href":"https:\/\/www.aquilaguna.com\/index.php\/wp-json\/wp\/v2\/media?parent=1293"}],"wp:term":[{"taxonomy":"category","embeddable":true,"href":"https:\/\/www.aquilaguna.com\/index.php\/wp-json\/wp\/v2\/categories?post=1293"},{"taxonomy":"post_tag","embeddable":true,"href":"https:\/\/www.aquilaguna.com\/index.php\/wp-json\/wp\/v2\/tags?post=1293"}],"curies":[{"name":"wp","href":"https:\/\/api.w.org\/{rel}","templated":true}]}}