{"id":12935,"date":"2022-12-31T17:37:55","date_gmt":"2022-12-31T23:37:55","guid":{"rendered":"https:\/\/www.aquilaguna.com\/?p=12935"},"modified":"2022-12-31T17:37:55","modified_gmt":"2022-12-31T23:37:55","slug":"detienen-a-cunado-del-presidente-municipal-de-francisco-i-madero","status":"publish","type":"post","link":"https:\/\/www.aquilaguna.com\/index.php\/2022\/12\/31\/detienen-a-cunado-del-presidente-municipal-de-francisco-i-madero\/","title":{"rendered":"Detienen a cu\u00f1ado del Presidente Municipal de Francisco I. Madero."},"content":{"rendered":"\n<p>Torre\u00f3n, Coahuila.- Fue detenido y puesto a disposici\u00f3n de autoridades judiciales, Gabriel<br>Arreola Borrego, de 42 a\u00f1os de edad, en cumplimiento de orden de aprehensi\u00f3n girada por<br>autoridad competente, para que responda por la probable comisi\u00f3n de los delitos de<br>violencia familiar en su modalidad de violencia f\u00edsica y psicol\u00f3gica en contra de su pareja<br>sentimental, la empleada de la administraci\u00f3n p\u00fablica del municipio de Francisco I.<br>Madero, Brenda Azucena Brise\u00f1o Mel\u00e9ndez.<\/p>\n\n\n\n<p>Seg\u00fan trascendi\u00f3, el detenido es cu\u00f1ado del alcalde del municipio vecino de Francisco<br>I. Madero Jonathan Avalos, quien si bien trat\u00f3, no pudo impedir el cumplimiento del<br>ordenamiento judicial en contra de la persona citada.<\/p>\n\n\n\n<p>Junto con la mencionada Brenda Aguilera Brice\u00f1o, result\u00f3 con lesiones el se\u00f1or Jorge Lugo.<br>De la agresi\u00f3n se dio testimonio mediante video que circulo profusamente en las redes<br>sociales, resultando as\u00ed un testimonio de los hechos que generaron la denuncia de sus<br>afectos y posterior orden de aprehensi\u00f3n ejecutada con la detenci\u00f3n del inculpado.<\/p>\n\n\n\n<figure class=\"wp-block-video\"><\/figure>\n","protected":false},"excerpt":{"rendered":"<p>Torre\u00f3n, Coahuila.- Fue detenido y puesto a disposici\u00f3n de autoridades judiciales, GabrielArreola Borrego, de 42 a\u00f1os de edad, en cumplimiento de orden de aprehensi\u00f3n girada porautoridad competente, para que responda por la probable comisi\u00f3n de los delitos deviolencia familiar en su modalidad de violencia f\u00edsica y psicol\u00f3gica en contra de su parejasentimental, la empleada de la administraci\u00f3n p\u00fablica del municipio de Francisco I.Madero, Brenda Azucena Brise\u00f1o Mel\u00e9ndez. Seg\u00fan trascendi\u00f3, el&#8230;<\/p>\n","protected":false},"author":2,"featured_media":0,"comment_status":"closed","ping_status":"","sticky":false,"template":"","format":"standard","meta":{"footnotes":""},"categories":[5,90,48,28,24],"tags":[],"class_list":["post-12935","post","type-post","status-publish","format-standard","hentry","category-coahuila","category-fco-i-madero","category-genero","category-la-laguna","category-seguridad","wpcat-5-id","wpcat-90-id","wpcat-48-id","wpcat-28-id","wpcat-24-id"],"_links":{"self":[{"href":"https:\/\/www.aquilaguna.com\/index.php\/wp-json\/wp\/v2\/posts\/12935","targetHints":{"allow":["GET"]}}],"collection":[{"href":"https:\/\/www.aquilaguna.com\/index.php\/wp-json\/wp\/v2\/posts"}],"about":[{"href":"https:\/\/www.aquilaguna.com\/index.php\/wp-json\/wp\/v2\/types\/post"}],"author":[{"embeddable":true,"href":"https:\/\/www.aquilaguna.com\/index.php\/wp-json\/wp\/v2\/users\/2"}],"replies":[{"embeddable":true,"href":"https:\/\/www.aquilaguna.com\/index.php\/wp-json\/wp\/v2\/comments?post=12935"}],"version-history":[{"count":1,"href":"https:\/\/www.aquilaguna.com\/index.php\/wp-json\/wp\/v2\/posts\/12935\/revisions"}],"predecessor-version":[{"id":12936,"href":"https:\/\/www.aquilaguna.com\/index.php\/wp-json\/wp\/v2\/posts\/12935\/revisions\/12936"}],"wp:attachment":[{"href":"https:\/\/www.aquilaguna.com\/index.php\/wp-json\/wp\/v2\/media?parent=12935"}],"wp:term":[{"taxonomy":"category","embeddable":true,"href":"https:\/\/www.aquilaguna.com\/index.php\/wp-json\/wp\/v2\/categories?post=12935"},{"taxonomy":"post_tag","embeddable":true,"href":"https:\/\/www.aquilaguna.com\/index.php\/wp-json\/wp\/v2\/tags?post=12935"}],"curies":[{"name":"wp","href":"https:\/\/api.w.org\/{rel}","templated":true}]}}