{"id":12942,"date":"2023-01-01T18:31:49","date_gmt":"2023-01-02T00:31:49","guid":{"rendered":"https:\/\/www.aquilaguna.com\/?p=12942"},"modified":"2023-01-01T18:31:49","modified_gmt":"2023-01-02T00:31:49","slug":"se-han-otorgado-mas-de-48-millones-de-fortidesayunos-marcela-gorgon","status":"publish","type":"post","link":"https:\/\/www.aquilaguna.com\/index.php\/2023\/01\/01\/se-han-otorgado-mas-de-48-millones-de-fortidesayunos-marcela-gorgon\/","title":{"rendered":"SE HAN OTORGADO M\u00c1S DE 48 MILLONES DE FORTIDESAYUNOS: MARCELA GORG\u00d3N."},"content":{"rendered":"\n<p>Torre\u00f3n, Coahuila de Zaragoza; a 1 de Enero de 2023.- La Presidenta Honoraria de DIF Coahuila, Marcela Gorg\u00f3n Carrillo, inform\u00f3 que durante los cinco a\u00f1os de la Administraci\u00f3n del gobernador Miguel \u00c1ngel Riquelme Sol\u00eds se han brindado m\u00e1s de 48 millones de raciones alimentarias por parte del programa Mi FortiDesayuno.<\/p>\n\n\n\n<p>\u201cLa nutrici\u00f3n de las y los ni\u00f1os coahuilenses es una prioridad\u201d, destac\u00f3 Marcela Gorg\u00f3n, al enfatizar que este programa llega a zonas de vulnerabilidad econ\u00f3mica en comunidades populares y rurales.<\/p>\n\n\n\n<p>\u201cMuchas veces la raci\u00f3n alimentaria que reciben las y los ni\u00f1os con Mi FortiDesayuno constituye su alimento m\u00e1s fuerte del d\u00eda, por lo que trabajamos para garantizar que nuestro programa siga operando con eficacia y calidad humana\u201d.<\/p>\n\n\n\n<p>Gorg\u00f3n Carrillo detall\u00f3 que se han distribuido 20.8 millones de raciones de desayunos calientes a 28,800 alumnos, pertenecientes a m\u00e1s de 370 escuelas.<\/p>\n\n\n\n<p>Asimismo, se han entregado 27.6 millones dotaciones de desayunos fr\u00edos a 57 mil estudiantes de educaci\u00f3n b\u00e1sica, en 1,116 centros escolares.<\/p>\n\n\n\n<p>\u201cEn este programa contamos con el apoyo de las y los maestros coahuilenses, as\u00ed como de madres y padres de familia, que conforman comit\u00e9s en cada instituci\u00f3n para administrar y preparar los alimentos\u201d, indic\u00f3 la Presidenta Honoraria del DIF Estatal.<\/p>\n\n\n\n<p>Adem\u00e1s de impulsar la mejora en el aprendizaje de las ni\u00f1as y ni\u00f1os, Mi FortiDesayuno apoya la econom\u00eda de las familias, destac\u00f3 Marcela Gorg\u00f3n.<\/p>\n","protected":false},"excerpt":{"rendered":"<p>Torre\u00f3n, Coahuila de Zaragoza; a 1 de Enero de 2023.- La Presidenta Honoraria de DIF Coahuila, Marcela Gorg\u00f3n Carrillo, inform\u00f3 que durante los cinco a\u00f1os de la Administraci\u00f3n del gobernador Miguel \u00c1ngel Riquelme Sol\u00eds se han brindado m\u00e1s de 48 millones de raciones alimentarias por parte del programa Mi FortiDesayuno. \u201cLa nutrici\u00f3n de las y los ni\u00f1os coahuilenses es una prioridad\u201d, destac\u00f3 Marcela Gorg\u00f3n, al enfatizar que este programa llega&#8230;<\/p>\n","protected":false},"author":1,"featured_media":12943,"comment_status":"closed","ping_status":"closed","sticky":false,"template":"","format":"standard","meta":{"footnotes":""},"categories":[5,26,15],"tags":[],"class_list":["post-12942","post","type-post","status-publish","format-standard","has-post-thumbnail","hentry","category-coahuila","category-dif","category-gobierno-de-coahuila","wpcat-5-id","wpcat-26-id","wpcat-15-id"],"_links":{"self":[{"href":"https:\/\/www.aquilaguna.com\/index.php\/wp-json\/wp\/v2\/posts\/12942","targetHints":{"allow":["GET"]}}],"collection":[{"href":"https:\/\/www.aquilaguna.com\/index.php\/wp-json\/wp\/v2\/posts"}],"about":[{"href":"https:\/\/www.aquilaguna.com\/index.php\/wp-json\/wp\/v2\/types\/post"}],"author":[{"embeddable":true,"href":"https:\/\/www.aquilaguna.com\/index.php\/wp-json\/wp\/v2\/users\/1"}],"replies":[{"embeddable":true,"href":"https:\/\/www.aquilaguna.com\/index.php\/wp-json\/wp\/v2\/comments?post=12942"}],"version-history":[{"count":1,"href":"https:\/\/www.aquilaguna.com\/index.php\/wp-json\/wp\/v2\/posts\/12942\/revisions"}],"predecessor-version":[{"id":12944,"href":"https:\/\/www.aquilaguna.com\/index.php\/wp-json\/wp\/v2\/posts\/12942\/revisions\/12944"}],"wp:featuredmedia":[{"embeddable":true,"href":"https:\/\/www.aquilaguna.com\/index.php\/wp-json\/wp\/v2\/media\/12943"}],"wp:attachment":[{"href":"https:\/\/www.aquilaguna.com\/index.php\/wp-json\/wp\/v2\/media?parent=12942"}],"wp:term":[{"taxonomy":"category","embeddable":true,"href":"https:\/\/www.aquilaguna.com\/index.php\/wp-json\/wp\/v2\/categories?post=12942"},{"taxonomy":"post_tag","embeddable":true,"href":"https:\/\/www.aquilaguna.com\/index.php\/wp-json\/wp\/v2\/tags?post=12942"}],"curies":[{"name":"wp","href":"https:\/\/api.w.org\/{rel}","templated":true}]}}